{"id":19149,"date":"2021-12-22T11:14:46","date_gmt":"2021-12-22T10:14:46","guid":{"rendered":"https:\/\/serveiseducatius.xtec.cat\/cesire\/?p=19149"},"modified":"2021-12-22T11:14:46","modified_gmt":"2021-12-22T10:14:46","slug":"postgrau-implementacio-del-mindfulness-en-entorns-educatius","status":"publish","type":"post","link":"https:\/\/serveiseducatius.xtec.cat\/cesire\/postgrau-implementacio-del-mindfulness-en-entorns-educatius\/","title":{"rendered":"Postgrau &#8220;Implementaci\u00f3 del Mindfulness en entorns educatius&#8221;"},"content":{"rendered":"<p><a href=\"https:\/\/mindfulness.fumh.org\/\" target=\"_blank\" rel=\"noopener\"><img loading=\"lazy\" decoding=\"async\" class=\"size-full wp-image-19150 aligncenter\" src=\"https:\/\/serveiseducatius.xtec.cat\/cesire\/wp-content\/uploads\/usu2650\/2021\/12\/curs-mindfulness.png\" alt=\"\" width=\"500\" height=\"280\" srcset=\"https:\/\/serveiseducatius.xtec.cat\/cesire\/wp-content\/uploads\/usu2650\/2021\/12\/curs-mindfulness.png 500w, https:\/\/serveiseducatius.xtec.cat\/cesire\/wp-content\/uploads\/usu2650\/2021\/12\/curs-mindfulness-300x168.png 300w\" sizes=\"auto, (max-width: 500px) 100vw, 500px\" \/><\/a><\/p>\n<p>El Cesire ha ofert durant aquest primer trimestre la formaci\u00f3 <a href=\"https:\/\/serveiseducatius.xtec.cat\/cesire\/recurs-eco2\/un-lloc-tranquil-programa-mbsr-per-a-reduccio-de-lestres-per-a-docents-infants-i-joves\/\" target=\"_blank\" rel=\"noopener\">&#8220;Un lloc tranquil. Programa d&#8217;atenci\u00f3 plena per a infants, docents i joves&#8221;<\/a> a c\u00e0rrec de les formadores Rosa Torras i Montserrat Segarra. Aquesta formaci\u00f3 ha estat tot un \u00e8xit i en farem una segona edici\u00f3 durant el segon trimestre.<\/p>\n<p>Per a aquelles persones que vulguin aprofunir en l&#8217;atenci\u00f3 plena, la Universitat de VIc i la Fundaci\u00f3 Universit\u00e0ria Mart\u00ed L&#8217;Hum\u00e0 ofereixen el postgrau &#8220;Implementaci\u00f3 del Mindfulness en entorns educatius&#8221; que pot ajudar a professionals del m\u00f3n educatiu en la seva tasca docent.<\/p>\n<p>Els seus objectius s\u00f3n:<\/p>\n<div class=\"feature-box feature-box-left-icon overflow-hidden margin-1-rem-bottom wow animate__fadeInRight\" data-wow-delay=\"0.5s\">\n<ul style=\"list-style-type: disc;\">\n<li class=\"feature-box-content last-paragraph-no-margin\"><span class=\"alt-font font-weight-600 text-extra-medium margin-20px-bottom d-block text-extra-dark-gray letter-spacing-minus-1-half\">Recon\u00e8ixer, gestionar i regular els estats mentals i emocionals que generen estr\u00e8s i malestar.<\/span><\/li>\n<\/ul>\n<\/div>\n<div class=\"feature-box feature-box-left-icon overflow-hidden margin-1-rem-bottom wow animate__fadeInRight\" data-wow-delay=\"0.6s\">\n<div class=\"feature-box-icon\"><\/div>\n<ul style=\"list-style-type: disc;\">\n<li class=\"feature-box-content last-paragraph-no-margin\"><span class=\"alt-font font-weight-600 text-extra-medium margin-20px-bottom d-block text-extra-dark-gray letter-spacing-minus-1-half\">Obtenir calma i serenitat per abordar situacions dif\u00edcils o complexes<\/span><\/li>\n<\/ul>\n<\/div>\n<div class=\"feature-box feature-box-left-icon overflow-hidden wow animate__fadeInRight\" data-wow-delay=\"0.7s\">\n<div class=\"feature-box-icon\"><\/div>\n<ul style=\"list-style-type: disc;\">\n<li class=\"feature-box-content last-paragraph-no-margin\"><span class=\"alt-font font-weight-600 text-extra-medium margin-20px-bottom d-block text-extra-dark-gray letter-spacing-minus-1-half\">Desenvolupar la claredat mental, la creativitat i la intu\u00efci\u00f3.<\/span><\/li>\n<\/ul>\n<\/div>\n<div class=\"feature-box feature-box-left-icon overflow-hidden wow animate__fadeInRight\" data-wow-delay=\"0.7s\">\n<div class=\"feature-box-icon\"><\/div>\n<ul style=\"list-style-type: disc;\">\n<li class=\"feature-box-content last-paragraph-no-margin\"><span class=\"alt-font font-weight-600 text-extra-medium margin-20px-bottom d-block text-extra-dark-gray letter-spacing-minus-1-half\">Optimitzar la presa de decisions en el dia a dia.<\/span><\/li>\n<\/ul>\n<div><\/div>\n<\/div>\n<p><a href=\"https:\/\/mindfulness.fumh.org\/\" target=\"_blank\" rel=\"noopener\">M\u00e9s informaci\u00f3 i inscripcions<\/a><\/p>\n","protected":false},"excerpt":{"rendered":"<p>El Cesire ha ofert durant aquest primer trimestre la formaci\u00f3 &#8220;Un lloc tranquil. Programa d&#8217;atenci\u00f3 plena per a infants, docents i joves&#8221; a c\u00e0rrec de les formadores Rosa Torras i Montserrat Segarra. Aquesta formaci\u00f3 ha estat tot un \u00e8xit i en farem una segona edici\u00f3 durant el segon trimestre.\u00a0<\/p>\n<p>Per a aquelles persones que vulguin aprofunir en l&#8217;atenci\u00f3 plena, la Universitat de VIc i la Fundaci\u00f3 Universit\u00e0ria Mart\u00ed L&#8217;Hum\u00e0 ofereixen el postgrau &#8220;Implementaci\u00f3 del Mindfulness en entorns educatius&#8221; que pot ajudar a professionals del m\u00f3n educatiu en la seva tasca docent.&hellip;  <a href=\"https:\/\/serveiseducatius.xtec.cat\/cesire\/postgrau-implementacio-del-mindfulness-en-entorns-educatius\/\" title=\"Read Postgrau &#8220;Implementaci\u00f3 del Mindfulness en entorns educatius&#8221;\">Llegeix m\u00e9s\u00bb<\/a><\/p>\n","protected":false},"author":8,"featured_media":19150,"comment_status":"closed","ping_status":"closed","sticky":false,"template":"","format":"standard","meta":{"_bbp_topic_count":0,"_bbp_reply_count":0,"_bbp_total_topic_count":0,"_bbp_total_reply_count":0,"_bbp_voice_count":0,"_bbp_anonymous_reply_count":0,"_bbp_topic_count_hidden":0,"_bbp_reply_count_hidden":0,"_bbp_forum_subforum_count":0,"footnotes":""},"categories":[497],"tags":[],"class_list":["post-19149","post","type-post","status-publish","format-standard","has-post-thumbnail","hentry","category-emocio"],"post_mailing_queue_ids":[],"_links":{"self":[{"href":"https:\/\/serveiseducatius.xtec.cat\/cesire\/wp-json\/wp\/v2\/posts\/19149","targetHints":{"allow":["GET"]}}],"collection":[{"href":"https:\/\/serveiseducatius.xtec.cat\/cesire\/wp-json\/wp\/v2\/posts"}],"about":[{"href":"https:\/\/serveiseducatius.xtec.cat\/cesire\/wp-json\/wp\/v2\/types\/post"}],"author":[{"embeddable":true,"href":"https:\/\/serveiseducatius.xtec.cat\/cesire\/wp-json\/wp\/v2\/users\/8"}],"replies":[{"embeddable":true,"href":"https:\/\/serveiseducatius.xtec.cat\/cesire\/wp-json\/wp\/v2\/comments?post=19149"}],"version-history":[{"count":2,"href":"https:\/\/serveiseducatius.xtec.cat\/cesire\/wp-json\/wp\/v2\/posts\/19149\/revisions"}],"predecessor-version":[{"id":19152,"href":"https:\/\/serveiseducatius.xtec.cat\/cesire\/wp-json\/wp\/v2\/posts\/19149\/revisions\/19152"}],"wp:featuredmedia":[{"embeddable":true,"href":"https:\/\/serveiseducatius.xtec.cat\/cesire\/wp-json\/wp\/v2\/media\/19150"}],"wp:attachment":[{"href":"https:\/\/serveiseducatius.xtec.cat\/cesire\/wp-json\/wp\/v2\/media?parent=19149"}],"wp:term":[{"taxonomy":"category","embeddable":true,"href":"https:\/\/serveiseducatius.xtec.cat\/cesire\/wp-json\/wp\/v2\/categories?post=19149"},{"taxonomy":"post_tag","embeddable":true,"href":"https:\/\/serveiseducatius.xtec.cat\/cesire\/wp-json\/wp\/v2\/tags?post=19149"}],"curies":[{"name":"wp","href":"https:\/\/api.w.org\/{rel}","templated":true}]}}