{"id":19032,"date":"2021-10-03T14:36:32","date_gmt":"2021-10-03T12:36:32","guid":{"rendered":"https:\/\/serveiseducatius.xtec.cat\/cesire\/?p=19032"},"modified":"2022-03-16T10:35:19","modified_gmt":"2022-03-16T09:35:19","slug":"visita-a-la-fira-la-fete-des-maths-a-beaumont-de-lomagne-i-reunio-amb-la-referent-de-matematiques-de-toulouse","status":"publish","type":"post","link":"https:\/\/serveiseducatius.xtec.cat\/cesire\/visita-a-la-fira-la-fete-des-maths-a-beaumont-de-lomagne-i-reunio-amb-la-referent-de-matematiques-de-toulouse\/","title":{"rendered":"Visita a la fira &#8220;La f\u00eate des Maths&#8221; a Beaumont de Lomagne i reuni\u00f3 amb la referent de matem\u00e0tiques de Toulouse"},"content":{"rendered":"<p>Les associacions d&#8217;Ensenyants de Matem\u00e0tiques de Catalunya estan treballant en la celebraci\u00f3 d&#8217;una fira de &#8220;Matem\u00e0tiques al carrer&#8221; a diferents ciutats del territori, comptant amb la col\u00b7laboraci\u00f3 del mmaca i del CESIRE i hem assistit a la <a href=\"http:\/\/m\/agenda-manifestations\/la-f\u00eate-des-maths\/\" target=\"_blank\" rel=\"noopener\">F\u00eate des Maths<\/a> que anualment es celebra a Beaumont de Lomagne, a la casa natal del matem\u00e0tic Pierre de Fermat.<\/p>\n<p style=\"text-align: center;\"><a href=\"https:\/\/serveiseducatius.xtec.cat\/cesire\/wp-content\/uploads\/usu2650\/2021\/12\/beaumont.jpg\"><img loading=\"lazy\" decoding=\"async\" class=\"alignnone size-large wp-image-19041\" src=\"https:\/\/serveiseducatius.xtec.cat\/cesire\/wp-content\/uploads\/usu2650\/2021\/12\/beaumont.jpg\" alt=\"\" width=\"219\" height=\"230\" \/>\u00a0 \u00a0 <\/a><a href=\"https:\/\/serveiseducatius.xtec.cat\/cesire\/wp-content\/uploads\/usu2650\/2021\/12\/images.jpg\"><img loading=\"lazy\" decoding=\"async\" class=\"alignnone wp-image-19040\" src=\"https:\/\/serveiseducatius.xtec.cat\/cesire\/wp-content\/uploads\/usu2650\/2021\/12\/images.jpg\" alt=\"\" width=\"424\" height=\"228\" srcset=\"https:\/\/serveiseducatius.xtec.cat\/cesire\/wp-content\/uploads\/usu2650\/2021\/12\/images.jpg 306w, https:\/\/serveiseducatius.xtec.cat\/cesire\/wp-content\/uploads\/usu2650\/2021\/12\/images-300x162.jpg 300w\" sizes=\"auto, (max-width: 424px) 100vw, 424px\" \/><\/a><\/p>\n<p>A trav\u00e9s de les associacions s&#8217;ha establert contacte amb la <strong>referent de matem\u00e0tiques<\/strong> de la zona educativa propera a Toulouse, que ens ha donat a con\u00e9ixer el treball a partir de referents de matem\u00e0tiques i grups de treball de docents d&#8217;aques \u00e0mbit. La figura dels referents de matem\u00e0tiques de zona apareix per donar resposta al <a href=\"https:\/\/drive.google.com\/file\/d\/1Z2QhkwCALCxeVsxQCzUbTPeiLlDw5MRR\/view\" target=\"_blank\" rel=\"noopener\">Rapport Villani-Torossian<\/a>, un estudi exhaustiu sobre la situaci\u00f3 de l&#8217;educaci\u00f3 matem\u00e0tica al pa\u00eds ve\u00ed, que ha redactat un informe que inclou 1 mesures en les que l&#8217;estat es compromet a treballar per millorar l&#8217;ensenyament i aprenentatge de les matem\u00e0tiques. Seguim en contacte amb un grup de docents de la zona per con\u00e9ixer millor el projecte i aprendre a partir de la seva experi\u00e8ncia.<\/p>\n<p><a href=\"https:\/\/docs.google.com\/document\/d\/1YT6EOTNL4eqI7A7AqkYJpmcz913d77TeZOQ97YxAh_U\/edit?usp=sharing\" target=\"_blank\" rel=\"noopener\">Document<\/a> de resum de la trobada.<\/p>\n","protected":false},"excerpt":{"rendered":"<p>Les associacions d&#8217;Ensenyants de Matem\u00e0tiques de Catalunya estan treballant en la celebraci\u00f3 d&#8217;una fira de &#8220;Matem\u00e0tiques al carrer&#8221; a diferents ciutats del territori, comptant amb la col\u00b7laboraci\u00f3 del mmaca i del CESIRE i hem assistit a la <a href=\"http:\/\/m\/agenda-manifestations\/la-f\u00eate-des-maths\/\" target=\"_blank\" rel=\"noopener\">F\u00eate des Maths<\/a> que anualment&hellip;  <a href=\"https:\/\/serveiseducatius.xtec.cat\/cesire\/visita-a-la-fira-la-fete-des-maths-a-beaumont-de-lomagne-i-reunio-amb-la-referent-de-matematiques-de-toulouse\/\" title=\"Read Visita a la fira &#8220;La f\u00eate des Maths&#8221; a Beaumont de Lomagne i reuni\u00f3 amb la referent de matem\u00e0tiques de Toulouse\">Llegeix m\u00e9s\u00bb<\/a><\/p>\n","protected":false},"author":13,"featured_media":19040,"comment_status":"closed","ping_status":"closed","sticky":false,"template":"","format":"standard","meta":{"_bbp_topic_count":0,"_bbp_reply_count":0,"_bbp_total_topic_count":0,"_bbp_total_reply_count":0,"_bbp_voice_count":0,"_bbp_anonymous_reply_count":0,"_bbp_topic_count_hidden":0,"_bbp_reply_count_hidden":0,"_bbp_forum_subforum_count":0,"footnotes":""},"categories":[534],"tags":[183,41],"class_list":["post-19032","post","type-post","status-publish","format-standard","has-post-thumbnail","hentry","category-eco4","tag-matematica","tag-matematiques"],"post_mailing_queue_ids":[],"_links":{"self":[{"href":"https:\/\/serveiseducatius.xtec.cat\/cesire\/wp-json\/wp\/v2\/posts\/19032","targetHints":{"allow":["GET"]}}],"collection":[{"href":"https:\/\/serveiseducatius.xtec.cat\/cesire\/wp-json\/wp\/v2\/posts"}],"about":[{"href":"https:\/\/serveiseducatius.xtec.cat\/cesire\/wp-json\/wp\/v2\/types\/post"}],"author":[{"embeddable":true,"href":"https:\/\/serveiseducatius.xtec.cat\/cesire\/wp-json\/wp\/v2\/users\/13"}],"replies":[{"embeddable":true,"href":"https:\/\/serveiseducatius.xtec.cat\/cesire\/wp-json\/wp\/v2\/comments?post=19032"}],"version-history":[{"count":2,"href":"https:\/\/serveiseducatius.xtec.cat\/cesire\/wp-json\/wp\/v2\/posts\/19032\/revisions"}],"predecessor-version":[{"id":19043,"href":"https:\/\/serveiseducatius.xtec.cat\/cesire\/wp-json\/wp\/v2\/posts\/19032\/revisions\/19043"}],"wp:featuredmedia":[{"embeddable":true,"href":"https:\/\/serveiseducatius.xtec.cat\/cesire\/wp-json\/wp\/v2\/media\/19040"}],"wp:attachment":[{"href":"https:\/\/serveiseducatius.xtec.cat\/cesire\/wp-json\/wp\/v2\/media?parent=19032"}],"wp:term":[{"taxonomy":"category","embeddable":true,"href":"https:\/\/serveiseducatius.xtec.cat\/cesire\/wp-json\/wp\/v2\/categories?post=19032"},{"taxonomy":"post_tag","embeddable":true,"href":"https:\/\/serveiseducatius.xtec.cat\/cesire\/wp-json\/wp\/v2\/tags?post=19032"}],"curies":[{"name":"wp","href":"https:\/\/api.w.org\/{rel}","templated":true}]}}