{"id":18676,"date":"2021-11-27T16:58:18","date_gmt":"2021-11-27T15:58:18","guid":{"rendered":"https:\/\/serveiseducatius.xtec.cat\/cesire\/?p=18676"},"modified":"2021-11-27T16:59:00","modified_gmt":"2021-11-27T15:59:00","slug":"projecte-actuem-a-temps-sobre-especies-invasores-a-barcelona","status":"publish","type":"post","link":"https:\/\/serveiseducatius.xtec.cat\/cesire\/projecte-actuem-a-temps-sobre-especies-invasores-a-barcelona\/","title":{"rendered":"Projecte &#8220;Actuem a temps&#8221; sobre esp\u00e8cies invasores a Barcelona"},"content":{"rendered":"<p><a href=\"https:\/\/serveiseducatius.xtec.cat\/cesire\/wp-content\/uploads\/usu2650\/2021\/11\/especies-invasores.jpg\"><img loading=\"lazy\" decoding=\"async\" class=\"wp-image-18678 aligncenter\" src=\"https:\/\/serveiseducatius.xtec.cat\/cesire\/wp-content\/uploads\/usu2650\/2021\/11\/especies-invasores-1024x319.jpg\" alt=\"\" width=\"533\" height=\"166\" srcset=\"https:\/\/serveiseducatius.xtec.cat\/cesire\/wp-content\/uploads\/usu2650\/2021\/11\/especies-invasores-1024x319.jpg 1024w, https:\/\/serveiseducatius.xtec.cat\/cesire\/wp-content\/uploads\/usu2650\/2021\/11\/especies-invasores-300x94.jpg 300w, https:\/\/serveiseducatius.xtec.cat\/cesire\/wp-content\/uploads\/usu2650\/2021\/11\/especies-invasores-768x239.jpg 768w, https:\/\/serveiseducatius.xtec.cat\/cesire\/wp-content\/uploads\/usu2650\/2021\/11\/especies-invasores-1536x479.jpg 1536w, https:\/\/serveiseducatius.xtec.cat\/cesire\/wp-content\/uploads\/usu2650\/2021\/11\/especies-invasores.jpg 1562w\" sizes=\"auto, (max-width: 533px) 100vw, 533px\" \/><\/a><\/p>\n<p><strong>Actuem a temps<\/strong> t\u00e9 com a objectiu fer difusi\u00f3 de la recerca en la problem\u00e0tica de les especies invasores a la ciutat de Barcelona. El projecte est\u00e0 finan\u00e7at per l&#8217;Ajuntament de Barcelona i desenvolupant des de l&#8217;equip Antiox-Ecophys de la Universitat de Barcelona. Aquesta \u00e9s la p\u00e0gina web que han creat i on podreu trobar tota la informaci\u00f3: <a href=\"https:\/\/www.actuematemps.barcelona\/\" target=\"_blank\" rel=\"noopener\" data-saferedirecturl=\"https:\/\/www.google.com\/url?q=https:\/\/www.actuematemps.barcelona\/&amp;source=gmail&amp;ust=1638104187801000&amp;usg=AOvVaw0d8eeWqeZFoRpxhrs-vqi4\">https:\/\/www.<wbr \/>actuematemps.barcelona\/<\/a><\/p>\n<p>Des del Cesire us volem animar a fer una ullada a la p\u00e0gina web i a valorar la possibilitat que l&#8217;equip de recerca vingui al vostre centre per fer un <strong>taller gratu\u00eft sobre plantes invasores.<\/strong><\/p>\n<p>#STEAMcat<\/p>\n","protected":false},"excerpt":{"rendered":"<p><a href=\"https:\/\/serveiseducatius.xtec.cat\/cesire\/wp-content\/uploads\/usu2650\/2021\/11\/especies-invasores.jpg\"><\/a><br \/>\nActuem a temps t\u00e9 com a objectiu fer difusi\u00f3 de la recerca en la problem\u00e0tica de les especies invasores a la ciutat de Barcelona. El projecte est\u00e0 finan\u00e7at per l&#8217;Ajuntament de Barcelona i desenvolupant des de l&#8217;equip Antiox-Ecophys de la Universitat de Barcelona. Aquesta&hellip;  <a href=\"https:\/\/serveiseducatius.xtec.cat\/cesire\/projecte-actuem-a-temps-sobre-especies-invasores-a-barcelona\/\" title=\"Read Projecte &#8220;Actuem a temps&#8221; sobre esp\u00e8cies invasores a Barcelona\">Llegeix m\u00e9s\u00bb<\/a><\/p>\n","protected":false},"author":21,"featured_media":0,"comment_status":"closed","ping_status":"closed","sticky":false,"template":"","format":"standard","meta":{"_bbp_topic_count":0,"_bbp_reply_count":0,"_bbp_total_topic_count":0,"_bbp_total_reply_count":0,"_bbp_voice_count":0,"_bbp_anonymous_reply_count":0,"_bbp_topic_count_hidden":0,"_bbp_reply_count_hidden":0,"_bbp_forum_subforum_count":0,"footnotes":""},"categories":[495,1],"tags":[517,86,552],"class_list":["post-18676","post","type-post","status-publish","format-standard","hentry","category-ciencia","category-general","tag-activitat-alumnat","tag-ciencies","tag-especies-invasores"],"post_mailing_queue_ids":[],"_links":{"self":[{"href":"https:\/\/serveiseducatius.xtec.cat\/cesire\/wp-json\/wp\/v2\/posts\/18676","targetHints":{"allow":["GET"]}}],"collection":[{"href":"https:\/\/serveiseducatius.xtec.cat\/cesire\/wp-json\/wp\/v2\/posts"}],"about":[{"href":"https:\/\/serveiseducatius.xtec.cat\/cesire\/wp-json\/wp\/v2\/types\/post"}],"author":[{"embeddable":true,"href":"https:\/\/serveiseducatius.xtec.cat\/cesire\/wp-json\/wp\/v2\/users\/21"}],"replies":[{"embeddable":true,"href":"https:\/\/serveiseducatius.xtec.cat\/cesire\/wp-json\/wp\/v2\/comments?post=18676"}],"version-history":[{"count":2,"href":"https:\/\/serveiseducatius.xtec.cat\/cesire\/wp-json\/wp\/v2\/posts\/18676\/revisions"}],"predecessor-version":[{"id":18679,"href":"https:\/\/serveiseducatius.xtec.cat\/cesire\/wp-json\/wp\/v2\/posts\/18676\/revisions\/18679"}],"wp:attachment":[{"href":"https:\/\/serveiseducatius.xtec.cat\/cesire\/wp-json\/wp\/v2\/media?parent=18676"}],"wp:term":[{"taxonomy":"category","embeddable":true,"href":"https:\/\/serveiseducatius.xtec.cat\/cesire\/wp-json\/wp\/v2\/categories?post=18676"},{"taxonomy":"post_tag","embeddable":true,"href":"https:\/\/serveiseducatius.xtec.cat\/cesire\/wp-json\/wp\/v2\/tags?post=18676"}],"curies":[{"name":"wp","href":"https:\/\/api.w.org\/{rel}","templated":true}]}}