{"id":18352,"date":"2021-11-05T16:15:55","date_gmt":"2021-11-05T15:15:55","guid":{"rendered":"https:\/\/serveiseducatius.xtec.cat\/cesire\/?p=18352"},"modified":"2021-11-08T11:37:25","modified_gmt":"2021-11-08T10:37:25","slug":"recursos-per-treballar-la-comprensio-lectora","status":"publish","type":"post","link":"https:\/\/serveiseducatius.xtec.cat\/cesire\/recursos-per-treballar-la-comprensio-lectora\/","title":{"rendered":"Recursos per treballar la comprensi\u00f3 lectora"},"content":{"rendered":"<p>La comprensi\u00f3 lectora \u00e9s la capacitat de construir significat, valorar i interpretar textos escrits, per assolir objectius personals i desenvolupar el propi coneixement. Entendre el que diu un text, interactuar-hi est\u00e0 relacionat amb els processos cognitius que fem servir per aprendre.<\/p>\n<p>Us presentem alguns recursos:<\/p>\n<ul style=\"list-style-type: disc;\">\n<li><strong>Banc de recursos de lectura<\/strong>Banc on trobareu informaci\u00f3 d\u2019activitats, propostes did\u00e0ctiques, pr\u00e0ctiques educatives, materials sobre compet\u00e8ncia lectora i informacional, seleccions bibliogr\u00e0fiques i guies, articles i revistes, cursos de formaci\u00f3, documentaci\u00f3 i estudis, associacions i entitats dedicades al foment lector, llibreries especialitzades, etc.<img loading=\"lazy\" decoding=\"async\" class=\"aligncenter wp-image-7167\" src=\"https:\/\/agora.xtec.cat\/cesire\/wp-content\/uploads\/usu397\/2019\/09\/Czi38NoXgAA35Rc-300x146.jpg\" sizes=\"auto, (max-width: 251px) 100vw, 251px\" srcset=\"https:\/\/agora.xtec.cat\/cesire\/wp-content\/uploads\/usu397\/2019\/09\/Czi38NoXgAA35Rc-300x146.jpg 300w, https:\/\/agora.xtec.cat\/cesire\/wp-content\/uploads\/usu397\/2019\/09\/Czi38NoXgAA35Rc.jpg 553w\" alt=\"\" width=\"251\" height=\"122\" \/>\n<p style=\"text-align: center;\"><a href=\"https:\/\/serveiseducatius.xtec.cat\/bdrlectura\/\" target=\"_blank\" rel=\"noopener noreferrer\">P\u00e0gina web<\/a><\/p>\n<ul>\n<li style=\"list-style-type: none;\">\n<ul style=\"list-style-type: disc;\">\n<li><strong>Blogs per educar i crear bons lectors<\/strong>.Blog de recursos format per 20 blogs que desenvolupen activitats de lectura de diferents nivells educatius que inclouen textos, materials did\u00e0ctics per a la lectura, experi\u00e8ncies d\u2019aula i recursos per superar les dificultats lectoescriptores, entre d\u2019altres.\n<p style=\"text-align: center;\"><img loading=\"lazy\" decoding=\"async\" class=\"aligncenter wp-image-7168\" src=\"https:\/\/agora.xtec.cat\/cesire\/wp-content\/uploads\/usu397\/2019\/09\/leerparaexistir-300x300.png\" sizes=\"auto, (max-width: 250px) 100vw, 250px\" srcset=\"https:\/\/agora.xtec.cat\/cesire\/wp-content\/uploads\/usu397\/2019\/09\/leerparaexistir-300x300.png 300w, https:\/\/agora.xtec.cat\/cesire\/wp-content\/uploads\/usu397\/2019\/09\/leerparaexistir-300x300-150x150.png 150w\" alt=\"\" width=\"195\" height=\"195\" \/><\/p>\n<p><a href=\"https:\/\/cedec.intef.es\/20-blogs-de-docentes-para-educar-y-crear-buenos-lectores\/\" target=\"_blank\" rel=\"noopener\">\u00a0 \u00a0 \u00a0 \u00a0 \u00a0 \u00a0 \u00a0 \u00a0 \u00a0 \u00a0 \u00a0 \u00a0 \u00a0 \u00a0 \u00a0 \u00a0 \u00a0 \u00a0 \u00a0 \u00a0 \u00a0 \u00a0 \u00a0 \u00a0 \u00a0 \u00a0 \u00a0 \u00a0 \u00a0 \u00a0 \u00a0 \u00a0 \u00a0 \u00a0 \u00a0 \u00a0 \u00a0 \u00a0 \u00a0 \u00a0 \u00a0 \u00a0 \u00a0 \u00a0 \u00a0 \u00a0 \u00a0 \u00a0 \u00a0 \u00a0 \u00a0 \u00a0 \u00a0 \u00a0 \u00a0 \u00a0 \u00a0 \u00a0 \u00a0 \u00a0 \u00a0 \u00a0 \u00a0 \u00a0 \u00a0 \u00a0 \u00a0 \u00a0 \u00a0 \u00a0 \u00a0 \u00a0 \u00a0Enlla\u00e7<\/a><\/li>\n<\/ul>\n<\/li>\n<\/ul>\n<\/li>\n<\/ul>\n<div class=\"row\">\n<div class=\"col-md-3\">\n<div class=\"card text-center shadow hvr-rotate\">\n<p>&nbsp;<\/p>\n<div style=\"text-align: left;\"><\/div>\n<\/div>\n<\/div>\n<div class=\"col-md-3\">\n<div class=\"card text-center shadow hvr-rotate\"><\/div>\n<div class=\"card text-center shadow hvr-rotate\">\n<div style=\"text-align: right;\"><\/div>\n<\/div>\n<\/div>\n<\/div>\n","protected":false},"excerpt":{"rendered":"<p>Recursos per treballar la comprensi\u00f3 i expressi\u00f3 lectora amb l&#8217;objectiu de fomentar l&#8217;inter\u00e8s per la lectura com a eina formativa , creativa i l\u00fadica.&hellip;  <a href=\"https:\/\/serveiseducatius.xtec.cat\/cesire\/recursos-per-treballar-la-comprensio-lectora\/\" title=\"Read Recursos per treballar la comprensi\u00f3 lectora\">Llegeix m\u00e9s\u00bb<\/a><\/p>\n","protected":false},"author":8,"featured_media":16850,"comment_status":"closed","ping_status":"closed","sticky":false,"template":"","format":"standard","meta":{"_bbp_topic_count":0,"_bbp_reply_count":0,"_bbp_total_topic_count":0,"_bbp_total_reply_count":0,"_bbp_voice_count":0,"_bbp_anonymous_reply_count":0,"_bbp_topic_count_hidden":0,"_bbp_reply_count_hidden":0,"_bbp_forum_subforum_count":0,"footnotes":""},"categories":[1,496],"tags":[527,530,531,529,528,533,532,520],"class_list":["post-18352","post","type-post","status-publish","format-standard","has-post-thumbnail","hentry","category-general","category-paraules","tag-banc-de-recursos-de-lectura","tag-blogs","tag-bons-lectors","tag-comprensio-lectora","tag-foment-lector","tag-materials-didactics-de-lectura","tag-recursos","tag-recursos-llengua-oral"],"post_mailing_queue_ids":[],"_links":{"self":[{"href":"https:\/\/serveiseducatius.xtec.cat\/cesire\/wp-json\/wp\/v2\/posts\/18352","targetHints":{"allow":["GET"]}}],"collection":[{"href":"https:\/\/serveiseducatius.xtec.cat\/cesire\/wp-json\/wp\/v2\/posts"}],"about":[{"href":"https:\/\/serveiseducatius.xtec.cat\/cesire\/wp-json\/wp\/v2\/types\/post"}],"author":[{"embeddable":true,"href":"https:\/\/serveiseducatius.xtec.cat\/cesire\/wp-json\/wp\/v2\/users\/8"}],"replies":[{"embeddable":true,"href":"https:\/\/serveiseducatius.xtec.cat\/cesire\/wp-json\/wp\/v2\/comments?post=18352"}],"version-history":[{"count":4,"href":"https:\/\/serveiseducatius.xtec.cat\/cesire\/wp-json\/wp\/v2\/posts\/18352\/revisions"}],"predecessor-version":[{"id":18391,"href":"https:\/\/serveiseducatius.xtec.cat\/cesire\/wp-json\/wp\/v2\/posts\/18352\/revisions\/18391"}],"wp:featuredmedia":[{"embeddable":true,"href":"https:\/\/serveiseducatius.xtec.cat\/cesire\/wp-json\/wp\/v2\/media\/16850"}],"wp:attachment":[{"href":"https:\/\/serveiseducatius.xtec.cat\/cesire\/wp-json\/wp\/v2\/media?parent=18352"}],"wp:term":[{"taxonomy":"category","embeddable":true,"href":"https:\/\/serveiseducatius.xtec.cat\/cesire\/wp-json\/wp\/v2\/categories?post=18352"},{"taxonomy":"post_tag","embeddable":true,"href":"https:\/\/serveiseducatius.xtec.cat\/cesire\/wp-json\/wp\/v2\/tags?post=18352"}],"curies":[{"name":"wp","href":"https:\/\/api.w.org\/{rel}","templated":true}]}}