{"id":18347,"date":"2021-11-05T16:05:36","date_gmt":"2021-11-05T15:05:36","guid":{"rendered":"https:\/\/serveiseducatius.xtec.cat\/cesire\/?p=18347"},"modified":"2021-11-15T22:02:21","modified_gmt":"2021-11-15T21:02:21","slug":"recursos-per-treballar-la-llengua-oral","status":"publish","type":"post","link":"https:\/\/serveiseducatius.xtec.cat\/cesire\/recursos-per-treballar-la-llengua-oral\/","title":{"rendered":"Recursos per treballar la llengua oral"},"content":{"rendered":"<p><a href=\"https:\/\/serveiseducatius.xtec.cat\/cesire\/wp-content\/uploads\/usu2650\/2021\/11\/speech-bubbles-6465143_1280-3.jpg\"><img loading=\"lazy\" decoding=\"async\" class=\"wp-image-18348 aligncenter\" src=\"https:\/\/serveiseducatius.xtec.cat\/cesire\/wp-content\/uploads\/usu2650\/2021\/11\/speech-bubbles-6465143_1280-3-1024x427.jpg\" alt=\"\" width=\"595\" height=\"248\" srcset=\"https:\/\/serveiseducatius.xtec.cat\/cesire\/wp-content\/uploads\/usu2650\/2021\/11\/speech-bubbles-6465143_1280-3-1024x427.jpg 1024w, https:\/\/serveiseducatius.xtec.cat\/cesire\/wp-content\/uploads\/usu2650\/2021\/11\/speech-bubbles-6465143_1280-3-300x125.jpg 300w, https:\/\/serveiseducatius.xtec.cat\/cesire\/wp-content\/uploads\/usu2650\/2021\/11\/speech-bubbles-6465143_1280-3-768x320.jpg 768w, https:\/\/serveiseducatius.xtec.cat\/cesire\/wp-content\/uploads\/usu2650\/2021\/11\/speech-bubbles-6465143_1280-3.jpg 1200w\" sizes=\"auto, (max-width: 595px) 100vw, 595px\" \/><\/a><\/p>\n<p>La comunicaci\u00f3 oral \u00e9s la capacitat de comprendre i expressar missatges orals tenint present el destinatari, el prop\u00f2sit i la situaci\u00f3 comunicativa. La compet\u00e8ncia oral facilita, a trav\u00e9s dels intercanvis amb els altres, elaborar i expressar idees, opinions i sentiments, construeix el propi pensament i desenvolupa l\u2019expressivitat i la flu\u00efdesa. Hem fet un recull de recursos per poder treballar la llengua oral a l&#8217;aula.<\/p>\n<ul style=\"list-style-type: disc;\">\n<li><a href=\"https:\/\/www.upc.edu\/slt\/comcomunicar\/\" target=\"_blank\" rel=\"noopener\">COMCOMUNIAR<\/a>: recursos per millorar i avaluar les compet\u00e8ncies comunicatives de l\u2019alumnat (UAB)<\/li>\n<li><a href=\"https:\/\/www.youtube.com\/channel\/UCJ83_NaAcw2kPHER_fLj8DA\" target=\"_blank\" rel=\"noopener\">Expressa&#8217;t amb entusiasme. Tutorials per a la comunicaci\u00f3 oral en p\u00fablic<\/a>: material audiovisual per difondre t\u00e8cniques i recursos per millorar el discurs oral i fer que l\u2019alumant sigui pugui ser conscient de la necessitat de regular el seu discurs oral, sobretot de cara a la seva exposici\u00f3 al treball de recerca de batxillerat. Consta d&#8217;un conjunt de v\u00eddeos en els quals \u00cfo Vall, formadora de \u201cParla per tu\u201d mostra diferents t\u00e8cniques i recursos per estructurar el discurs oral per tal de donar suport als nois i noies de batxillerat en la presentaci\u00f3 oral del TR.\n<div class=\"row\">\n<div class=\"large-12 columns\"><\/div>\n<\/div>\n<\/li>\n<li><strong>Com fer una presentaci\u00f3 oral Serveis Ling\u00fc\u00edstics UB)<\/strong>: material audiovisual\u00a0 per treballar a l&#8217;aula de manera individual i col\u00b7lectiva aspectes com la respiraci\u00f3, l\u2019entonaci\u00f3, la veu, la flu\u00efdesa, el ritme, i adquirir seguretat davant l\u2019audi\u00e8ncia.<a href=\"https:\/\/www.ub.edu\/ubtv\/colleccio\/series\/orientacions-per-a-la-presentacio-del-treball-academic-la-presentacio-oral\" target=\"_blank\" rel=\"noopener\"> Enlla\u00e7\u00a0 als\u00a0 v\u00eddeos.<\/a>\n<div class=\"row\"><\/div>\n<\/li>\n<li><a href=\"https:\/\/bibiloni.cat\/correcciofonetica\/\" target=\"_blank\" rel=\"noopener\">Guia de correcci\u00f3 fon\u00e8tica de la llengua catalana.<\/a> Gabriel Bibiloni. Models de pronunciaci\u00f3 \u00fatils per a docents i persones dels mitjans de comunicaci\u00f3 que faran que el vostre alumnat pugui adquirir una bona compet\u00e8ncia oral a nivell fon\u00e8tic. S\u2019organitza en tres apartats:correcci\u00f3 de faltes b\u00e0siques,orientacions per a la bona pronunciaci\u00f3, imodels de pronunciaci\u00f3.<\/li>\n<li><a href=\"https:\/\/www.bcnmun.com\/resources\" target=\"_blank\" rel=\"noopener\">Recursos relacionats amb les confer\u00e8ncies MUN (Nacions Unides)<\/a>. Debatre pel futur: espai internacional de debat en qu\u00e8 l\u2019alumnat adopta el rol de respresentant d\u2019un cos diplom\u00e0tic d\u2019un pa\u00eds o ONG. Tenen la missi\u00f3 d\u2019investigar, debatre, consultar i arribar a solucions sobre q\u00fcestions d\u2019afers internacionals que els proposen, fent servir les seves capacitats comunicatives i negociadores per defensar la posici\u00f3 del pa\u00eds que respresenten.<\/li>\n<li><a href=\"https:\/\/www.youtubersdocents.cat\/que-es\/\" target=\"_blank\" rel=\"noopener\">Youtubers docents<\/a>.Hi trobareu diversos canals de youtube fets per docents d\u2019arreu dels territoris de parla catalana que <span style=\"font-family: inherit; font-size: 1em;\">\u00a0transmeten continguts diversos<\/span><strong style=\"font-family: inherit; font-size: 1em;\">;\u00a0<\/strong><span style=\"font-family: inherit; font-size: 1em;\"> inclou principalment Val\u00e8ncia, Andorra, les illes Balears i Catalunya.<\/span><\/li>\n<li><a href=\"https:\/\/llengua.gencat.cat\/ca\/serveis\/informacio_i_difusio\/accions_sensibilitzacio\/audiollibres\/\" target=\"_blank\" rel=\"noopener\">Audiollibres en catal\u00e0\u00a0<\/a><span style=\"font-family: inherit; font-size: 1em;\">En el marc de l\u2019Agenda de foment del consum cultural en catal\u00e0, la Direcci\u00f3 General de Pol\u00edtica Ling\u00fc\u00edstica ofereix aquesta p\u00e0gina web amb les plataformes i els webs on es poden trobar audiollibres en catal\u00e0, en actualitzaci\u00f3 cont\u00ednua.<\/span><\/li>\n<\/ul>\n","protected":false},"excerpt":{"rendered":"<p>La comunicaci\u00f3 oral \u00e9s la capacitat de comprendre i expressar missatges orals tenint present el destinatari, el prop\u00f2sit i la situaci\u00f3 comunicativa. La compet\u00e8ncia oral facilita, a trav\u00e9s dels intercanvis amb els altres, elaborar i expressar idees, opinions i sentiments, construeix el propi pensament i desenvolupa l\u2019expressivitat i la flu\u00efdesa. Hem fet un recull de recursos per poder treballar la llengua oral a l&#8217;aula.&hellip;  <a href=\"https:\/\/serveiseducatius.xtec.cat\/cesire\/recursos-per-treballar-la-llengua-oral\/\" title=\"Read Recursos per treballar la llengua oral\">Llegeix m\u00e9s\u00bb<\/a><\/p>\n","protected":false},"author":8,"featured_media":15805,"comment_status":"closed","ping_status":"closed","sticky":false,"template":"","format":"standard","meta":{"_bbp_topic_count":0,"_bbp_reply_count":0,"_bbp_total_topic_count":0,"_bbp_total_reply_count":0,"_bbp_voice_count":0,"_bbp_anonymous_reply_count":0,"_bbp_topic_count_hidden":0,"_bbp_reply_count_hidden":0,"_bbp_forum_subforum_count":0,"footnotes":""},"categories":[1,496],"tags":[522,521,519,164,520],"class_list":["post-18347","post","type-post","status-publish","format-standard","has-post-thumbnail","hentry","category-general","category-paraules","tag-audiollibres","tag-competencia-comunicativa","tag-comunicacio","tag-llengua-oral","tag-recursos-llengua-oral"],"post_mailing_queue_ids":[],"_links":{"self":[{"href":"https:\/\/serveiseducatius.xtec.cat\/cesire\/wp-json\/wp\/v2\/posts\/18347","targetHints":{"allow":["GET"]}}],"collection":[{"href":"https:\/\/serveiseducatius.xtec.cat\/cesire\/wp-json\/wp\/v2\/posts"}],"about":[{"href":"https:\/\/serveiseducatius.xtec.cat\/cesire\/wp-json\/wp\/v2\/types\/post"}],"author":[{"embeddable":true,"href":"https:\/\/serveiseducatius.xtec.cat\/cesire\/wp-json\/wp\/v2\/users\/8"}],"replies":[{"embeddable":true,"href":"https:\/\/serveiseducatius.xtec.cat\/cesire\/wp-json\/wp\/v2\/comments?post=18347"}],"version-history":[{"count":3,"href":"https:\/\/serveiseducatius.xtec.cat\/cesire\/wp-json\/wp\/v2\/posts\/18347\/revisions"}],"predecessor-version":[{"id":18482,"href":"https:\/\/serveiseducatius.xtec.cat\/cesire\/wp-json\/wp\/v2\/posts\/18347\/revisions\/18482"}],"wp:featuredmedia":[{"embeddable":true,"href":"https:\/\/serveiseducatius.xtec.cat\/cesire\/wp-json\/wp\/v2\/media\/15805"}],"wp:attachment":[{"href":"https:\/\/serveiseducatius.xtec.cat\/cesire\/wp-json\/wp\/v2\/media?parent=18347"}],"wp:term":[{"taxonomy":"category","embeddable":true,"href":"https:\/\/serveiseducatius.xtec.cat\/cesire\/wp-json\/wp\/v2\/categories?post=18347"},{"taxonomy":"post_tag","embeddable":true,"href":"https:\/\/serveiseducatius.xtec.cat\/cesire\/wp-json\/wp\/v2\/tags?post=18347"}],"curies":[{"name":"wp","href":"https:\/\/api.w.org\/{rel}","templated":true}]}}