{"id":18307,"date":"2021-11-05T09:28:47","date_gmt":"2021-11-05T08:28:47","guid":{"rendered":"https:\/\/serveiseducatius.xtec.cat\/cesire\/?p=18307"},"modified":"2021-11-05T09:28:47","modified_gmt":"2021-11-05T08:28:47","slug":"sjd-apropant-la-ciencia-a-les-escoles","status":"publish","type":"post","link":"https:\/\/serveiseducatius.xtec.cat\/cesire\/sjd-apropant-la-ciencia-a-les-escoles\/","title":{"rendered":"SJD: Apropant la ci\u00e8ncia a les escoles"},"content":{"rendered":"<p><a href=\"https:\/\/serveiseducatius.xtec.cat\/cesire\/wp-content\/uploads\/usu2650\/2021\/11\/sant-joan.jpg\"><img loading=\"lazy\" decoding=\"async\" class=\"wp-image-18309 aligncenter\" src=\"https:\/\/serveiseducatius.xtec.cat\/cesire\/wp-content\/uploads\/usu2650\/2021\/11\/sant-joan.jpg\" alt=\"\" width=\"389\" height=\"257\" srcset=\"https:\/\/serveiseducatius.xtec.cat\/cesire\/wp-content\/uploads\/usu2650\/2021\/11\/sant-joan.jpg 866w, https:\/\/serveiseducatius.xtec.cat\/cesire\/wp-content\/uploads\/usu2650\/2021\/11\/sant-joan-300x198.jpg 300w, https:\/\/serveiseducatius.xtec.cat\/cesire\/wp-content\/uploads\/usu2650\/2021\/11\/sant-joan-768x507.jpg 768w\" sizes=\"auto, (max-width: 389px) 100vw, 389px\" \/><\/a>Si ets una escola de secund\u00e0ria i tens inter\u00e8s en la recerca en pediatria, apunta&#8217;t a una nova edici\u00f3 del programa &#8220;Apropant la ci\u00e8ncia a les escoles&#8221;. El 24 de novembre hi haur\u00e0 una sessi\u00f3 <em>on line<\/em>.<\/p>\n<p><a href=\"https:\/\/www.irsjd.org\/ca\/actualitat\/noticies\/816\/nova-edicio-de-la-jornada-per-a-estudiants-de-batxillerat-apropant-la-ciencia-a-les-escoles\" target=\"_blank\" rel=\"noopener\">M\u00e9s informaci\u00f3 i formulari d&#8217;inscripci\u00f3<\/a>.<\/p>\n<p>#STEAMcat<\/p>\n","protected":false},"excerpt":{"rendered":"<p><a href=\"https:\/\/serveiseducatius.xtec.cat\/cesire\/wp-content\/uploads\/usu2650\/2021\/11\/sant-joan.jpg\"><\/a>Si ets una escola de secund\u00e0ria i tens inter\u00e8s en la recerca en pediatria, apunta&#8217;t a una nova edici\u00f3 del programa &#8220;Apropant la ci\u00e8ncia a les escoles&#8221;. El 24 de novembre hi haur\u00e0 una sessi\u00f3 on line.<br \/>\n<a href=\"https:\/\/www.irsjd.org\/ca\/actualitat\/noticies\/816\/nova-edicio-de-la-jornada-per-a-estudiants-de-batxillerat-apropant-la-ciencia-a-les-escoles\" target=\"_blank\" rel=\"noopener\">M\u00e9s informaci\u00f3 i formulari d&#8217;inscripci\u00f3<\/a>.<br \/>\n#STEAMcat<\/p>\n","protected":false},"author":21,"featured_media":0,"comment_status":"closed","ping_status":"closed","sticky":false,"template":"","format":"standard","meta":{"_bbp_topic_count":0,"_bbp_reply_count":0,"_bbp_total_topic_count":0,"_bbp_total_reply_count":0,"_bbp_voice_count":0,"_bbp_anonymous_reply_count":0,"_bbp_topic_count_hidden":0,"_bbp_reply_count_hidden":0,"_bbp_forum_subforum_count":0,"footnotes":""},"categories":[495,1],"tags":[517,86,179,207],"class_list":["post-18307","post","type-post","status-publish","format-standard","hentry","category-ciencia","category-general","tag-activitat-alumnat","tag-ciencies","tag-educacio-secundaria","tag-professorat"],"post_mailing_queue_ids":[],"_links":{"self":[{"href":"https:\/\/serveiseducatius.xtec.cat\/cesire\/wp-json\/wp\/v2\/posts\/18307","targetHints":{"allow":["GET"]}}],"collection":[{"href":"https:\/\/serveiseducatius.xtec.cat\/cesire\/wp-json\/wp\/v2\/posts"}],"about":[{"href":"https:\/\/serveiseducatius.xtec.cat\/cesire\/wp-json\/wp\/v2\/types\/post"}],"author":[{"embeddable":true,"href":"https:\/\/serveiseducatius.xtec.cat\/cesire\/wp-json\/wp\/v2\/users\/21"}],"replies":[{"embeddable":true,"href":"https:\/\/serveiseducatius.xtec.cat\/cesire\/wp-json\/wp\/v2\/comments?post=18307"}],"version-history":[{"count":3,"href":"https:\/\/serveiseducatius.xtec.cat\/cesire\/wp-json\/wp\/v2\/posts\/18307\/revisions"}],"predecessor-version":[{"id":18311,"href":"https:\/\/serveiseducatius.xtec.cat\/cesire\/wp-json\/wp\/v2\/posts\/18307\/revisions\/18311"}],"wp:attachment":[{"href":"https:\/\/serveiseducatius.xtec.cat\/cesire\/wp-json\/wp\/v2\/media?parent=18307"}],"wp:term":[{"taxonomy":"category","embeddable":true,"href":"https:\/\/serveiseducatius.xtec.cat\/cesire\/wp-json\/wp\/v2\/categories?post=18307"},{"taxonomy":"post_tag","embeddable":true,"href":"https:\/\/serveiseducatius.xtec.cat\/cesire\/wp-json\/wp\/v2\/tags?post=18307"}],"curies":[{"name":"wp","href":"https:\/\/api.w.org\/{rel}","templated":true}]}}