{"id":17889,"date":"2021-09-27T13:29:03","date_gmt":"2021-09-27T11:29:03","guid":{"rendered":"https:\/\/serveiseducatius.xtec.cat\/cesire\/?p=17889"},"modified":"2021-09-27T13:29:03","modified_gmt":"2021-09-27T11:29:03","slug":"premi-etica-i-ciencia","status":"publish","type":"post","link":"https:\/\/serveiseducatius.xtec.cat\/cesire\/premi-etica-i-ciencia\/","title":{"rendered":"Premi \u00c8tica i Ci\u00e8ncia"},"content":{"rendered":"<p><a href=\"https:\/\/serveiseducatius.xtec.cat\/cesire\/wp-content\/uploads\/usu2650\/2021\/09\/ciencia-i-etica.jpg\"><img loading=\"lazy\" decoding=\"async\" class=\"size-full wp-image-17891 aligncenter\" src=\"https:\/\/serveiseducatius.xtec.cat\/cesire\/wp-content\/uploads\/usu2650\/2021\/09\/ciencia-i-etica.jpg\" alt=\"\" width=\"437\" height=\"215\" srcset=\"https:\/\/serveiseducatius.xtec.cat\/cesire\/wp-content\/uploads\/usu2650\/2021\/09\/ciencia-i-etica.jpg 437w, https:\/\/serveiseducatius.xtec.cat\/cesire\/wp-content\/uploads\/usu2650\/2021\/09\/ciencia-i-etica-300x148.jpg 300w\" sizes=\"auto, (max-width: 437px) 100vw, 437px\" \/><\/a>La Fundaci\u00f3 Gr\u00edfols ha convocat la vuitena edici\u00f3 del premi \u00c8tica i Ci\u00e8ncia adre\u00e7ada a tots els centres educatius de l&#8217;estat espanyol. En <a href=\"https:\/\/www.fundaciogrifols.org\/ca\/web\/fundacio\/ethics-and-science-award\" target=\"_blank\" rel=\"noopener\">aquest enlla\u00e7<\/a> trobareu la informaci\u00f3 d&#8217;aquesta convocat\u00f2ria.<\/p>\n","protected":false},"excerpt":{"rendered":"<p><a href=\"https:\/\/serveiseducatius.xtec.cat\/cesire\/wp-content\/uploads\/usu2650\/2021\/09\/ciencia-i-etica.jpg\"><\/a>La Fundaci\u00f3 Gr\u00edfols ha convocat la vuitena edici\u00f3 del premi \u00c8tica i Ci\u00e8ncia adre\u00e7ada a tots els centres educatius de l&#8217;estat espanyol. En <a href=\"https:\/\/www.fundaciogrifols.org\/ca\/web\/fundacio\/ethics-and-science-award\" target=\"_blank\" rel=\"noopener\">aquest enlla\u00e7<\/a> trobareu la informaci\u00f3 d&#8217;aquesta convocat\u00f2ria.<\/p>\n","protected":false},"author":21,"featured_media":17891,"comment_status":"closed","ping_status":"closed","sticky":false,"template":"","format":"standard","meta":{"_bbp_topic_count":0,"_bbp_reply_count":0,"_bbp_total_topic_count":0,"_bbp_total_reply_count":0,"_bbp_voice_count":0,"_bbp_anonymous_reply_count":0,"_bbp_topic_count_hidden":0,"_bbp_reply_count_hidden":0,"_bbp_forum_subforum_count":0,"footnotes":""},"categories":[495],"tags":[],"class_list":["post-17889","post","type-post","status-publish","format-standard","has-post-thumbnail","hentry","category-ciencia"],"post_mailing_queue_ids":[],"_links":{"self":[{"href":"https:\/\/serveiseducatius.xtec.cat\/cesire\/wp-json\/wp\/v2\/posts\/17889","targetHints":{"allow":["GET"]}}],"collection":[{"href":"https:\/\/serveiseducatius.xtec.cat\/cesire\/wp-json\/wp\/v2\/posts"}],"about":[{"href":"https:\/\/serveiseducatius.xtec.cat\/cesire\/wp-json\/wp\/v2\/types\/post"}],"author":[{"embeddable":true,"href":"https:\/\/serveiseducatius.xtec.cat\/cesire\/wp-json\/wp\/v2\/users\/21"}],"replies":[{"embeddable":true,"href":"https:\/\/serveiseducatius.xtec.cat\/cesire\/wp-json\/wp\/v2\/comments?post=17889"}],"version-history":[{"count":2,"href":"https:\/\/serveiseducatius.xtec.cat\/cesire\/wp-json\/wp\/v2\/posts\/17889\/revisions"}],"predecessor-version":[{"id":17894,"href":"https:\/\/serveiseducatius.xtec.cat\/cesire\/wp-json\/wp\/v2\/posts\/17889\/revisions\/17894"}],"wp:featuredmedia":[{"embeddable":true,"href":"https:\/\/serveiseducatius.xtec.cat\/cesire\/wp-json\/wp\/v2\/media\/17891"}],"wp:attachment":[{"href":"https:\/\/serveiseducatius.xtec.cat\/cesire\/wp-json\/wp\/v2\/media?parent=17889"}],"wp:term":[{"taxonomy":"category","embeddable":true,"href":"https:\/\/serveiseducatius.xtec.cat\/cesire\/wp-json\/wp\/v2\/categories?post=17889"},{"taxonomy":"post_tag","embeddable":true,"href":"https:\/\/serveiseducatius.xtec.cat\/cesire\/wp-json\/wp\/v2\/tags?post=17889"}],"curies":[{"name":"wp","href":"https:\/\/api.w.org\/{rel}","templated":true}]}}