{"id":9347,"date":"2020-06-12T11:06:40","date_gmt":"2020-06-12T09:06:40","guid":{"rendered":"http:\/\/serveiseducatius.xtec.cat\/cerdanya\/?p=9347"},"modified":"2020-06-12T11:06:40","modified_gmt":"2020-06-12T09:06:40","slug":"quadern-destiu-el-catala-des-de-casa-suport-linguistic-aules-dacollida","status":"publish","type":"post","link":"https:\/\/serveiseducatius.xtec.cat\/cerdanya\/general\/quadern-destiu-el-catala-des-de-casa-suport-linguistic-aules-dacollida\/","title":{"rendered":"Quadern d&#8217;estiu: el catal\u00e0 des de casa &#8211; Suport ling\u00fc\u00edstic &#8211; Aules d&#8217;acollida"},"content":{"rendered":"<p>La Xarxa d\u2019equips Lic de les comarques del Nord de Girona (Cerdanya, Ripoll\u00e8s, Garrotxa i Pla de l\u2019Estany) han elaborat una eina per tal que l\u2019alumnat de sis\u00e8 de prim\u00e0ria i de secund\u00e0ria de les Aules d\u2019Acollida i de Suport Ling\u00fc\u00edstic disposin d\u2019un quadern amb activitats de comprensi\u00f3 oral i escrita en llengua catalana per a treballar aquest estiu des de casa. La idea \u00e9s aprofitar les eines virtuals per tal que aquests alumnes segueixin treballant la llengua i es preparin per al retorn al centre el curs vinent amb un enriquiment en comprensi\u00f3 oral i escrita.<\/p>\n<p>El quadern est\u00e0 estructurat en quatre setmanes, amb activitats pensades per a cada dia de la setmana i lligades als temes treballats durant el curs. A m\u00e9s, cada setmana es proposa una valoraci\u00f3 de les activitats presentades i un repte a trav\u00e9s del personatge de\u00a0<em>\u201cLa Ballaruga\u201d<\/em>\u00a0que, qui s\u2019atreveixi, pot enviar-ne el resultat al seu tutor\/a.<\/p>\n<p>Esperem que sigui un estiu ben profit\u00f3s !\u00a0\u00a0<strong><a href=\"https:\/\/view.genial.ly\/5ebe68e38e243b0d5a32c9a0\/horizontal-infographic-review-index-quadern-estiu\">CLICA !<img loading=\"lazy\" decoding=\"async\" class=\"wp-image-9346 aligncenter\" src=\"https:\/\/serveiseducatius.xtec.cat\/cerdanya\/wp-content\/uploads\/usu1166\/2020\/06\/Captura-de-Pantalla-2020-06-12-a-les-10.46.49-1024x532.png\" alt=\"\" width=\"223\" height=\"116\" \/><\/a><\/strong><\/p>\n","protected":false},"excerpt":{"rendered":"<p>La Xarxa d\u2019equips Lic de les comarques del Nord de Girona (Cerdanya, Ripoll\u00e8s, Garrotxa i Pla de l\u2019Estany) han elaborat una eina per tal que l\u2019alumnat de sis\u00e8 de prim\u00e0ria i de secund\u00e0ria de les Aules d\u2019Acollida i de Suport Ling\u00fc\u00edstic disposin d\u2019un quadern amb activitats de comprensi\u00f3 oral i escrita en llengua catalana per [&hellip;]<\/p>\n","protected":false},"author":1,"featured_media":9346,"comment_status":"open","ping_status":"closed","sticky":false,"template":"","format":"standard","meta":{"_bbp_topic_count":0,"_bbp_reply_count":0,"_bbp_total_topic_count":0,"_bbp_total_reply_count":0,"_bbp_voice_count":0,"_bbp_anonymous_reply_count":0,"_bbp_topic_count_hidden":0,"_bbp_reply_count_hidden":0,"_bbp_forum_subforum_count":0,"site-sidebar-layout":"default","site-content-layout":"","ast-site-content-layout":"","site-content-style":"default","site-sidebar-style":"default","ast-global-header-display":"","ast-banner-title-visibility":"","ast-main-header-display":"","ast-hfb-above-header-display":"","ast-hfb-below-header-display":"","ast-hfb-mobile-header-display":"","site-post-title":"","ast-breadcrumbs-content":"","ast-featured-img":"","footer-sml-layout":"","theme-transparent-header-meta":"","adv-header-id-meta":"","stick-header-meta":"","header-above-stick-meta":"","header-main-stick-meta":"","header-below-stick-meta":"","astra-migrate-meta-layouts":"default","ast-page-background-enabled":"default","ast-page-background-meta":{"desktop":{"background-color":"var(--ast-global-color-4)","background-image":"","background-repeat":"repeat","background-position":"center center","background-size":"auto","background-attachment":"scroll","background-type":"","background-media":"","overlay-type":"","overlay-color":"","overlay-opacity":"","overlay-gradient":""},"tablet":{"background-color":"","background-image":"","background-repeat":"repeat","background-position":"center center","background-size":"auto","background-attachment":"scroll","background-type":"","background-media":"","overlay-type":"","overlay-color":"","overlay-opacity":"","overlay-gradient":""},"mobile":{"background-color":"","background-image":"","background-repeat":"repeat","background-position":"center center","background-size":"auto","background-attachment":"scroll","background-type":"","background-media":"","overlay-type":"","overlay-color":"","overlay-opacity":"","overlay-gradient":""}},"ast-content-background-meta":{"desktop":{"background-color":"var(--ast-global-color-5)","background-image":"","background-repeat":"repeat","background-position":"center center","background-size":"auto","background-attachment":"scroll","background-type":"","background-media":"","overlay-type":"","overlay-color":"","overlay-opacity":"","overlay-gradient":""},"tablet":{"background-color":"var(--ast-global-color-5)","background-image":"","background-repeat":"repeat","background-position":"center center","background-size":"auto","background-attachment":"scroll","background-type":"","background-media":"","overlay-type":"","overlay-color":"","overlay-opacity":"","overlay-gradient":""},"mobile":{"background-color":"var(--ast-global-color-5)","background-image":"","background-repeat":"repeat","background-position":"center center","background-size":"auto","background-attachment":"scroll","background-type":"","background-media":"","overlay-type":"","overlay-color":"","overlay-opacity":"","overlay-gradient":""}},"footnotes":""},"categories":[1],"tags":[],"class_list":["post-9347","post","type-post","status-publish","format-standard","has-post-thumbnail","hentry","category-general"],"post_mailing_queue_ids":[],"_links":{"self":[{"href":"https:\/\/serveiseducatius.xtec.cat\/cerdanya\/wp-json\/wp\/v2\/posts\/9347","targetHints":{"allow":["GET"]}}],"collection":[{"href":"https:\/\/serveiseducatius.xtec.cat\/cerdanya\/wp-json\/wp\/v2\/posts"}],"about":[{"href":"https:\/\/serveiseducatius.xtec.cat\/cerdanya\/wp-json\/wp\/v2\/types\/post"}],"author":[{"embeddable":true,"href":"https:\/\/serveiseducatius.xtec.cat\/cerdanya\/wp-json\/wp\/v2\/users\/1"}],"replies":[{"embeddable":true,"href":"https:\/\/serveiseducatius.xtec.cat\/cerdanya\/wp-json\/wp\/v2\/comments?post=9347"}],"version-history":[{"count":3,"href":"https:\/\/serveiseducatius.xtec.cat\/cerdanya\/wp-json\/wp\/v2\/posts\/9347\/revisions"}],"predecessor-version":[{"id":9352,"href":"https:\/\/serveiseducatius.xtec.cat\/cerdanya\/wp-json\/wp\/v2\/posts\/9347\/revisions\/9352"}],"wp:featuredmedia":[{"embeddable":true,"href":"https:\/\/serveiseducatius.xtec.cat\/cerdanya\/wp-json\/wp\/v2\/media\/9346"}],"wp:attachment":[{"href":"https:\/\/serveiseducatius.xtec.cat\/cerdanya\/wp-json\/wp\/v2\/media?parent=9347"}],"wp:term":[{"taxonomy":"category","embeddable":true,"href":"https:\/\/serveiseducatius.xtec.cat\/cerdanya\/wp-json\/wp\/v2\/categories?post=9347"},{"taxonomy":"post_tag","embeddable":true,"href":"https:\/\/serveiseducatius.xtec.cat\/cerdanya\/wp-json\/wp\/v2\/tags?post=9347"}],"curies":[{"name":"wp","href":"https:\/\/api.w.org\/{rel}","templated":true}]}}