{"id":11427,"date":"2026-04-20T10:06:53","date_gmt":"2026-04-20T08:06:53","guid":{"rendered":"https:\/\/serveiseducatius.xtec.cat\/cerdanya\/?p=11427"},"modified":"2026-04-20T10:06:53","modified_gmt":"2026-04-20T08:06:53","slug":"xerrada-sistemes-augmentatius-i-alternatius-de-comunicacio-saac-a-laula-per-on-comenco-fonaments-inicials-i-estrategies-principals","status":"publish","type":"post","link":"https:\/\/serveiseducatius.xtec.cat\/cerdanya\/general\/xerrada-sistemes-augmentatius-i-alternatius-de-comunicacio-saac-a-laula-per-on-comenco-fonaments-inicials-i-estrategies-principals\/","title":{"rendered":"Xerrada: &#8220;Sistemes Augmentatius i Alternatius de Comunicaci\u00f3 (SAAC) a l&#8217;aula. Per on comen\u00e7o? Fonaments inicials i estrat\u00e8gies principals.&#8221;"},"content":{"rendered":"<p>El proper dijous 7 de maig i en el marc del seminari d&#8217;Educaci\u00f3 inclusiva, durem a terme la xerrada <strong>&#8220;Sistemes Augmentatius i Alternatius de Comunicaci\u00f3 (SAAC) a l&#8217;aula. Per on comen\u00e7o? Fonaments inicials i estrat\u00e8gies principals.&#8221;\u00a0<\/strong>a c\u00e0rrec de Marina Campos.<\/p>\n<p>La Marina \u00e9s mestra d&#8217;audici\u00f3 i llenguatge (Universitat de Saragossa), llicenciada en Psicopedagogia (Universitat de Saragossa) i m\u00e0ster especialista de comunicaci\u00f3 augmentativa i alternativa amb dispositius d&#8217;alta tecnologia (Universitat de Castella &#8211; la Manxa).<\/p>\n<p><img loading=\"lazy\" decoding=\"async\" class=\"alignright wp-image-11428 size-medium\" src=\"https:\/\/serveiseducatius.xtec.cat\/cerdanya\/wp-content\/uploads\/usu1166\/2026\/04\/7-de-maig-de-2026-2-240x300.png\" alt=\"\" width=\"240\" height=\"300\" srcset=\"https:\/\/serveiseducatius.xtec.cat\/cerdanya\/wp-content\/uploads\/usu1166\/2026\/04\/7-de-maig-de-2026-2-240x300.png 240w, https:\/\/serveiseducatius.xtec.cat\/cerdanya\/wp-content\/uploads\/usu1166\/2026\/04\/7-de-maig-de-2026-2-819x1024.png 819w, https:\/\/serveiseducatius.xtec.cat\/cerdanya\/wp-content\/uploads\/usu1166\/2026\/04\/7-de-maig-de-2026-2-768x960.png 768w, https:\/\/serveiseducatius.xtec.cat\/cerdanya\/wp-content\/uploads\/usu1166\/2026\/04\/7-de-maig-de-2026-2.png 1080w\" sizes=\"auto, (max-width: 240px) 100vw, 240px\" \/><\/p>\n<p>La sessi\u00f3 ser\u00e0 telem\u00e0tica s\u00edncrona i no ser\u00e0 gravada.<\/p>\n<p><strong>Dia: 7 de maig<\/strong><\/p>\n<p><strong>Hora: 17h<\/strong><\/p>\n<p><strong>Format: Telem\u00e0tic. S&#8217;enviar\u00e0 l&#8217;enlla\u00e7 a la confer\u00e8ncia al correu que ens poseu a la inscripci\u00f3.\u00a0<\/strong><\/p>\n<h3><strong><a href=\"https:\/\/forms.gle\/VNRp3awfPXbdNfaA9\">INSCRIPCI\u00d3<\/a><\/strong><\/h3>\n","protected":false},"excerpt":{"rendered":"<p>El proper dijous 7 de maig i en el marc del seminari d&#8217;Educaci\u00f3 inclusiva, durem a terme la xerrada &#8220;Sistemes Augmentatius i Alternatius de Comunicaci\u00f3 (SAAC) a l&#8217;aula. Per on comen\u00e7o? Fonaments inicials i estrat\u00e8gies principals.&#8221;\u00a0a c\u00e0rrec de Marina Campos. La Marina \u00e9s mestra d&#8217;audici\u00f3 i llenguatge (Universitat de Saragossa), llicenciada en Psicopedagogia (Universitat de [&hellip;]<\/p>\n","protected":false},"author":1,"featured_media":11428,"comment_status":"open","ping_status":"open","sticky":false,"template":"","format":"standard","meta":{"_bbp_topic_count":0,"_bbp_reply_count":0,"_bbp_total_topic_count":0,"_bbp_total_reply_count":0,"_bbp_voice_count":0,"_bbp_anonymous_reply_count":0,"_bbp_topic_count_hidden":0,"_bbp_reply_count_hidden":0,"_bbp_forum_subforum_count":0,"site-sidebar-layout":"default","site-content-layout":"","ast-site-content-layout":"default","site-content-style":"default","site-sidebar-style":"default","ast-global-header-display":"","ast-banner-title-visibility":"","ast-main-header-display":"","ast-hfb-above-header-display":"","ast-hfb-below-header-display":"","ast-hfb-mobile-header-display":"","site-post-title":"","ast-breadcrumbs-content":"","ast-featured-img":"","footer-sml-layout":"","theme-transparent-header-meta":"default","adv-header-id-meta":"","stick-header-meta":"","header-above-stick-meta":"","header-main-stick-meta":"","header-below-stick-meta":"","astra-migrate-meta-layouts":"set","ast-page-background-enabled":"default","ast-page-background-meta":{"desktop":{"background-color":"var(--ast-global-color-4)","background-image":"","background-repeat":"repeat","background-position":"center center","background-size":"auto","background-attachment":"scroll","background-type":"","background-media":"","overlay-type":"","overlay-color":"","overlay-opacity":"","overlay-gradient":""},"tablet":{"background-color":"","background-image":"","background-repeat":"repeat","background-position":"center center","background-size":"auto","background-attachment":"scroll","background-type":"","background-media":"","overlay-type":"","overlay-color":"","overlay-opacity":"","overlay-gradient":""},"mobile":{"background-color":"","background-image":"","background-repeat":"repeat","background-position":"center center","background-size":"auto","background-attachment":"scroll","background-type":"","background-media":"","overlay-type":"","overlay-color":"","overlay-opacity":"","overlay-gradient":""}},"ast-content-background-meta":{"desktop":{"background-color":"var(--ast-global-color-5)","background-image":"","background-repeat":"repeat","background-position":"center center","background-size":"auto","background-attachment":"scroll","background-type":"","background-media":"","overlay-type":"","overlay-color":"","overlay-opacity":"","overlay-gradient":""},"tablet":{"background-color":"var(--ast-global-color-5)","background-image":"","background-repeat":"repeat","background-position":"center center","background-size":"auto","background-attachment":"scroll","background-type":"","background-media":"","overlay-type":"","overlay-color":"","overlay-opacity":"","overlay-gradient":""},"mobile":{"background-color":"var(--ast-global-color-5)","background-image":"","background-repeat":"repeat","background-position":"center center","background-size":"auto","background-attachment":"scroll","background-type":"","background-media":"","overlay-type":"","overlay-color":"","overlay-opacity":"","overlay-gradient":""}},"footnotes":""},"categories":[65,67,1,29,283,356],"tags":[],"class_list":["post-11427","post","type-post","status-publish","format-standard","has-post-thumbnail","hentry","category-crp","category-eap","category-general","category-portada","category-seminaris","category-xerrada"],"post_mailing_queue_ids":[],"_links":{"self":[{"href":"https:\/\/serveiseducatius.xtec.cat\/cerdanya\/wp-json\/wp\/v2\/posts\/11427","targetHints":{"allow":["GET"]}}],"collection":[{"href":"https:\/\/serveiseducatius.xtec.cat\/cerdanya\/wp-json\/wp\/v2\/posts"}],"about":[{"href":"https:\/\/serveiseducatius.xtec.cat\/cerdanya\/wp-json\/wp\/v2\/types\/post"}],"author":[{"embeddable":true,"href":"https:\/\/serveiseducatius.xtec.cat\/cerdanya\/wp-json\/wp\/v2\/users\/1"}],"replies":[{"embeddable":true,"href":"https:\/\/serveiseducatius.xtec.cat\/cerdanya\/wp-json\/wp\/v2\/comments?post=11427"}],"version-history":[{"count":2,"href":"https:\/\/serveiseducatius.xtec.cat\/cerdanya\/wp-json\/wp\/v2\/posts\/11427\/revisions"}],"predecessor-version":[{"id":11430,"href":"https:\/\/serveiseducatius.xtec.cat\/cerdanya\/wp-json\/wp\/v2\/posts\/11427\/revisions\/11430"}],"wp:featuredmedia":[{"embeddable":true,"href":"https:\/\/serveiseducatius.xtec.cat\/cerdanya\/wp-json\/wp\/v2\/media\/11428"}],"wp:attachment":[{"href":"https:\/\/serveiseducatius.xtec.cat\/cerdanya\/wp-json\/wp\/v2\/media?parent=11427"}],"wp:term":[{"taxonomy":"category","embeddable":true,"href":"https:\/\/serveiseducatius.xtec.cat\/cerdanya\/wp-json\/wp\/v2\/categories?post=11427"},{"taxonomy":"post_tag","embeddable":true,"href":"https:\/\/serveiseducatius.xtec.cat\/cerdanya\/wp-json\/wp\/v2\/tags?post=11427"}],"curies":[{"name":"wp","href":"https:\/\/api.w.org\/{rel}","templated":true}]}}