{"id":11293,"date":"2025-11-28T13:42:13","date_gmt":"2025-11-28T12:42:13","guid":{"rendered":"https:\/\/serveiseducatius.xtec.cat\/cerdanya\/?p=11293"},"modified":"2025-11-28T13:42:13","modified_gmt":"2025-11-28T12:42:13","slug":"conferencia-de-nadia-ghulam-caminant-cap-a-la-pau-histories-de-transformacio-personal-i-social","status":"publish","type":"post","link":"https:\/\/serveiseducatius.xtec.cat\/cerdanya\/general\/conferencia-de-nadia-ghulam-caminant-cap-a-la-pau-histories-de-transformacio-personal-i-social\/","title":{"rendered":"Confer\u00e8ncia de Nadia Ghulam: Caminant cap a la pau: \u201cHist\u00f2ries de transformaci\u00f3 personal i social\u201d."},"content":{"rendered":"<p>Des del Consell Comarcal s&#8217;organitza el proper dimarts 2 de desembre una confer\u00e8ncia adre\u00e7ada a persones treballadores de diferents \u00e0mbits, amb l\u2019objectiu de proporcionar eines i l\u2019enteniment necessari per acompanyar adequadament les persones amb qui treballem.<\/p>\n<p>La pon\u00e8ncia oferir\u00e0 una mirada profunda sobre les hist\u00f2ries de transformaci\u00f3 personal i social cap a la pau<\/p>\n<p>La sessi\u00f3 se centrar\u00e0 en les viv\u00e8ncies emocionals i psicol\u00f2giques vinculades als processos de migraci\u00f3 i en la import\u00e0ncia d\u2019oferir suport i comprensi\u00f3 a aquelles persones que han hagut de deixar el seu pa\u00eds d\u2019origen.<\/p>\n<p>Podeu inscriure-us a la jornada en el seg\u00fcent enlla\u00e7:<a href=\"https:\/\/ja.cat\/caminantcapalapau\"> https:\/\/ja.cat\/caminantcapalapau<\/a><\/p>\n<p>\ud83d\udcc5 Dimarts, 2 de desembre<br \/>\n\ud83d\udd52 De 17 h a 19 h<br \/>\n\ud83d\udccd Sala Pilar Prim de la Biblioteca de Puigcerd\u00e0<\/p>\n<p>Us hi esperem!<\/p>\n<p><img loading=\"lazy\" decoding=\"async\" class=\"aligncenter wp-image-11294 size-full\" src=\"https:\/\/serveiseducatius.xtec.cat\/cerdanya\/wp-content\/uploads\/usu1166\/2025\/11\/Conferencia-Nadia-Ghulam.jpg\" alt=\"\" width=\"477\" height=\"596\" srcset=\"https:\/\/serveiseducatius.xtec.cat\/cerdanya\/wp-content\/uploads\/usu1166\/2025\/11\/Conferencia-Nadia-Ghulam.jpg 477w, https:\/\/serveiseducatius.xtec.cat\/cerdanya\/wp-content\/uploads\/usu1166\/2025\/11\/Conferencia-Nadia-Ghulam-240x300.jpg 240w\" sizes=\"auto, (max-width: 477px) 100vw, 477px\" \/><\/p>\n","protected":false},"excerpt":{"rendered":"<p>Des del Consell Comarcal s&#8217;organitza el proper dimarts 2 de desembre una confer\u00e8ncia adre\u00e7ada a persones treballadores de diferents \u00e0mbits, amb l\u2019objectiu de proporcionar eines i l\u2019enteniment necessari per acompanyar adequadament les persones amb qui treballem. La pon\u00e8ncia oferir\u00e0 una mirada profunda sobre les hist\u00f2ries de transformaci\u00f3 personal i social cap a la pau La [&hellip;]<\/p>\n","protected":false},"author":1,"featured_media":11294,"comment_status":"open","ping_status":"open","sticky":false,"template":"","format":"standard","meta":{"_bbp_topic_count":0,"_bbp_reply_count":0,"_bbp_total_topic_count":0,"_bbp_total_reply_count":0,"_bbp_voice_count":0,"_bbp_anonymous_reply_count":0,"_bbp_topic_count_hidden":0,"_bbp_reply_count_hidden":0,"_bbp_forum_subforum_count":0,"site-sidebar-layout":"default","site-content-layout":"","ast-site-content-layout":"default","site-content-style":"default","site-sidebar-style":"default","ast-global-header-display":"","ast-banner-title-visibility":"","ast-main-header-display":"","ast-hfb-above-header-display":"","ast-hfb-below-header-display":"","ast-hfb-mobile-header-display":"","site-post-title":"","ast-breadcrumbs-content":"","ast-featured-img":"","footer-sml-layout":"","theme-transparent-header-meta":"default","adv-header-id-meta":"","stick-header-meta":"","header-above-stick-meta":"","header-main-stick-meta":"","header-below-stick-meta":"","astra-migrate-meta-layouts":"set","ast-page-background-enabled":"default","ast-page-background-meta":{"desktop":{"background-color":"var(--ast-global-color-4)","background-image":"","background-repeat":"repeat","background-position":"center center","background-size":"auto","background-attachment":"scroll","background-type":"","background-media":"","overlay-type":"","overlay-color":"","overlay-opacity":"","overlay-gradient":""},"tablet":{"background-color":"","background-image":"","background-repeat":"repeat","background-position":"center center","background-size":"auto","background-attachment":"scroll","background-type":"","background-media":"","overlay-type":"","overlay-color":"","overlay-opacity":"","overlay-gradient":""},"mobile":{"background-color":"","background-image":"","background-repeat":"repeat","background-position":"center center","background-size":"auto","background-attachment":"scroll","background-type":"","background-media":"","overlay-type":"","overlay-color":"","overlay-opacity":"","overlay-gradient":""}},"ast-content-background-meta":{"desktop":{"background-color":"var(--ast-global-color-5)","background-image":"","background-repeat":"repeat","background-position":"center center","background-size":"auto","background-attachment":"scroll","background-type":"","background-media":"","overlay-type":"","overlay-color":"","overlay-opacity":"","overlay-gradient":""},"tablet":{"background-color":"var(--ast-global-color-5)","background-image":"","background-repeat":"repeat","background-position":"center center","background-size":"auto","background-attachment":"scroll","background-type":"","background-media":"","overlay-type":"","overlay-color":"","overlay-opacity":"","overlay-gradient":""},"mobile":{"background-color":"var(--ast-global-color-5)","background-image":"","background-repeat":"repeat","background-position":"center center","background-size":"auto","background-attachment":"scroll","background-type":"","background-media":"","overlay-type":"","overlay-color":"","overlay-opacity":"","overlay-gradient":""}},"footnotes":""},"categories":[1,29],"tags":[],"class_list":["post-11293","post","type-post","status-publish","format-standard","has-post-thumbnail","hentry","category-general","category-portada"],"post_mailing_queue_ids":[],"_links":{"self":[{"href":"https:\/\/serveiseducatius.xtec.cat\/cerdanya\/wp-json\/wp\/v2\/posts\/11293","targetHints":{"allow":["GET"]}}],"collection":[{"href":"https:\/\/serveiseducatius.xtec.cat\/cerdanya\/wp-json\/wp\/v2\/posts"}],"about":[{"href":"https:\/\/serveiseducatius.xtec.cat\/cerdanya\/wp-json\/wp\/v2\/types\/post"}],"author":[{"embeddable":true,"href":"https:\/\/serveiseducatius.xtec.cat\/cerdanya\/wp-json\/wp\/v2\/users\/1"}],"replies":[{"embeddable":true,"href":"https:\/\/serveiseducatius.xtec.cat\/cerdanya\/wp-json\/wp\/v2\/comments?post=11293"}],"version-history":[{"count":1,"href":"https:\/\/serveiseducatius.xtec.cat\/cerdanya\/wp-json\/wp\/v2\/posts\/11293\/revisions"}],"predecessor-version":[{"id":11295,"href":"https:\/\/serveiseducatius.xtec.cat\/cerdanya\/wp-json\/wp\/v2\/posts\/11293\/revisions\/11295"}],"wp:featuredmedia":[{"embeddable":true,"href":"https:\/\/serveiseducatius.xtec.cat\/cerdanya\/wp-json\/wp\/v2\/media\/11294"}],"wp:attachment":[{"href":"https:\/\/serveiseducatius.xtec.cat\/cerdanya\/wp-json\/wp\/v2\/media?parent=11293"}],"wp:term":[{"taxonomy":"category","embeddable":true,"href":"https:\/\/serveiseducatius.xtec.cat\/cerdanya\/wp-json\/wp\/v2\/categories?post=11293"},{"taxonomy":"post_tag","embeddable":true,"href":"https:\/\/serveiseducatius.xtec.cat\/cerdanya\/wp-json\/wp\/v2\/tags?post=11293"}],"curies":[{"name":"wp","href":"https:\/\/api.w.org\/{rel}","templated":true}]}}