{"id":11282,"date":"2025-11-25T13:03:44","date_gmt":"2025-11-25T12:03:44","guid":{"rendered":"https:\/\/serveiseducatius.xtec.cat\/cerdanya\/?p=11282"},"modified":"2025-11-25T13:16:05","modified_gmt":"2025-11-25T12:16:05","slug":"la-cerdanya-referma-el-seu-compromis-contra-la-violencia-masclista-en-els-actes-del-25-de-novembre","status":"publish","type":"post","link":"https:\/\/serveiseducatius.xtec.cat\/cerdanya\/general\/la-cerdanya-referma-el-seu-compromis-contra-la-violencia-masclista-en-els-actes-del-25-de-novembre\/","title":{"rendered":"La Cerdanya referma el seu comprom\u00eds contra la viol\u00e8ncia masclista en els actes del 25 de novembre."},"content":{"rendered":"<p style=\"text-align: justify;\" data-start=\"350\" data-end=\"652\">Aquest mat\u00ed, el <strong>Consell Comarcal de la Cerdanya<\/strong> ha acollit l\u2019acte institucional del <strong><span style=\"color: #800080;\">Dia Internacional per a l\u2019Eliminaci\u00f3 de la Viol\u00e8ncia envers les Dones<\/span><\/strong>, una jornada que ha volgut posar en valor el comprom\u00eds col\u00b7lectiu del territori en la lluita contra totes les formes de viol\u00e8ncia masclista.<\/p>\n<p style=\"text-align: justify;\" data-start=\"654\" data-end=\"1011\">La trobada ha comen\u00e7at a les 9.30h amb el taller \u201c<strong>Assetjament sexual laboral en l\u2019\u00e0mbit digital<\/strong>\u201d, una experi\u00e8ncia immersiva que ha perm\u00e8s als i les participants reflexionar sobre les situacions d\u2019assetjament en l\u2019entorn laboral, familiar, educatiu&#8230; i digital, i sobre la necessitat de generar espais de treball segurs, igualitaris i lliures de viol\u00e8ncies.<\/p>\n<p style=\"text-align: justify;\" data-start=\"1013\" data-end=\"1366\">A les 11.30 h s\u2019ha dut a terme el reconeixement a professionals, serveis, entitats i col\u00b7lectius que treballen cada dia per erradicar la viol\u00e8ncia masclista. L\u2019acte ha culminat amb la lectura del manifest, un moment de reafirmaci\u00f3 del comprom\u00eds compartit per continuar impulsant accions de prevenci\u00f3, sensibilitzaci\u00f3 i suport a les v\u00edctimes.<\/p>\n<p data-start=\"1013\" data-end=\"1366\"><img loading=\"lazy\" decoding=\"async\" class=\"aligncenter wp-image-11285 \" src=\"https:\/\/serveiseducatius.xtec.cat\/cerdanya\/wp-content\/uploads\/usu1166\/2025\/11\/WhatsApp-Image-2025-11-25-at-12.31.10-e1764071992421-300x209.jpeg\" alt=\"\" width=\"337\" height=\"235\" srcset=\"https:\/\/serveiseducatius.xtec.cat\/cerdanya\/wp-content\/uploads\/usu1166\/2025\/11\/WhatsApp-Image-2025-11-25-at-12.31.10-e1764071992421-300x209.jpeg 300w, https:\/\/serveiseducatius.xtec.cat\/cerdanya\/wp-content\/uploads\/usu1166\/2025\/11\/WhatsApp-Image-2025-11-25-at-12.31.10-e1764071992421-768x535.jpeg 768w, https:\/\/serveiseducatius.xtec.cat\/cerdanya\/wp-content\/uploads\/usu1166\/2025\/11\/WhatsApp-Image-2025-11-25-at-12.31.10-e1764071992421.jpeg 900w\" sizes=\"auto, (max-width: 337px) 100vw, 337px\" \/><\/p>\n<p style=\"text-align: justify;\" data-start=\"1368\" data-end=\"1458\">Aquesta iniciativa ha estat molt ben valorada per tots\/es els\/les assistents, ja que ens ha perm\u00e8s reflexionar sobre realitats que la societat actual viu constantment en el seu dia dia i que sembla no tenir sempre les eines o la voluntat necess\u00e0ria per lluitar-hi i fer-hi front. En aquest sentit, des del Servei Educatiu de la Cerdanya, volem animar a plantejar aquest tipus de din\u00e0miques amb l&#8217;alumnat dels diferents centres educatius de la comarca, ja que considerem que s\u00f3n la pe\u00e7a clau que ens pot aportar esperan\u00e7a a que el futur sigui m\u00e9s encoratjador del que sembla ser l&#8217;actual on la viol\u00e8ncia vers les dones no deixa de ser-hi present.<\/p>\n<p style=\"text-align: justify;\" data-start=\"1368\" data-end=\"1458\">Paral\u00b7lelament a tots aquests actes, us volem animar a visitar la parada que l&#8217;<strong>Associaci\u00f3 de Dones de Cerdanya<\/strong> t\u00e9 situada al Passeig 10 d&#8217;Abril de Puigcerd\u00e0 des de les 10h del mat\u00ed i on podeu gaudir d&#8217;una exposici\u00f3 de quadres aix\u00ed com del visionat de les banderoles reivindicatives que l&#8217;alumnat de l&#8217;Escola Vedruna de Puigcerd\u00e0 i de l&#8217;Escola Alfons I han elaborat al llarg de les setmanes pr\u00e8vies per tal de col\u00b7laborar a fer visible l&#8217;acte reivindicatiu que comporta el dia d&#8217;avui.<\/p>\n<p style=\"text-align: justify;\" data-start=\"1368\" data-end=\"1458\">Finalment, tamb\u00e9 us recordem que aquesta tarda, a l&#8217;Arxiu Comarcal i a la Sala Pilar Prim de la Biblioteca de Puigcerd\u00e0, s&#8217; acolliran activitats organitzades per l\u2019Associaci\u00f3 de Dones de Cerdanya com ara la projecci\u00f3 d&#8217;un curtmetratge sobre viol\u00e8ncies masclistes que es continuar\u00e0 amb una taula rodona.<\/p>\n<p style=\"text-align: justify;\" data-start=\"2514\" data-end=\"2696\">Amb totes aquestes accions, la comunitat educativa i el teixit associatiu de la comarca tornen a sumar esfor\u00e7os per dir, un any m\u00e9s i amb veu clara:<strong> \u201cProu viol\u00e8ncies masclistes\u201d<\/strong>.<\/p>\n<p data-start=\"2514\" data-end=\"2696\"><img loading=\"lazy\" decoding=\"async\" class=\"wp-image-11284 aligncenter\" src=\"https:\/\/serveiseducatius.xtec.cat\/cerdanya\/wp-content\/uploads\/usu1166\/2025\/11\/WhatsApp-Image-2025-11-25-at-12.31.10-2-e1764072184230-269x300.jpeg\" alt=\"\" width=\"311\" height=\"347\" srcset=\"https:\/\/serveiseducatius.xtec.cat\/cerdanya\/wp-content\/uploads\/usu1166\/2025\/11\/WhatsApp-Image-2025-11-25-at-12.31.10-2-e1764072184230-269x300.jpeg 269w, https:\/\/serveiseducatius.xtec.cat\/cerdanya\/wp-content\/uploads\/usu1166\/2025\/11\/WhatsApp-Image-2025-11-25-at-12.31.10-2-e1764072184230-768x856.jpeg 768w, https:\/\/serveiseducatius.xtec.cat\/cerdanya\/wp-content\/uploads\/usu1166\/2025\/11\/WhatsApp-Image-2025-11-25-at-12.31.10-2-e1764072184230.jpeg 900w\" sizes=\"auto, (max-width: 311px) 100vw, 311px\" \/><\/p>\n","protected":false},"excerpt":{"rendered":"<p>Aquest mat\u00ed, el Consell Comarcal de la Cerdanya ha acollit l\u2019acte institucional del Dia Internacional per a l\u2019Eliminaci\u00f3 de la Viol\u00e8ncia envers les Dones, una jornada que ha volgut posar en valor el comprom\u00eds col\u00b7lectiu del territori en la lluita contra totes les formes de viol\u00e8ncia masclista. La trobada ha comen\u00e7at a les 9.30h amb [&hellip;]<\/p>\n","protected":false},"author":1,"featured_media":11285,"comment_status":"open","ping_status":"open","sticky":false,"template":"","format":"standard","meta":{"_bbp_topic_count":0,"_bbp_reply_count":0,"_bbp_total_topic_count":0,"_bbp_total_reply_count":0,"_bbp_voice_count":0,"_bbp_anonymous_reply_count":0,"_bbp_topic_count_hidden":0,"_bbp_reply_count_hidden":0,"_bbp_forum_subforum_count":0,"site-sidebar-layout":"default","site-content-layout":"","ast-site-content-layout":"default","site-content-style":"default","site-sidebar-style":"default","ast-global-header-display":"","ast-banner-title-visibility":"","ast-main-header-display":"","ast-hfb-above-header-display":"","ast-hfb-below-header-display":"","ast-hfb-mobile-header-display":"","site-post-title":"","ast-breadcrumbs-content":"","ast-featured-img":"","footer-sml-layout":"","theme-transparent-header-meta":"default","adv-header-id-meta":"","stick-header-meta":"","header-above-stick-meta":"","header-main-stick-meta":"","header-below-stick-meta":"","astra-migrate-meta-layouts":"set","ast-page-background-enabled":"default","ast-page-background-meta":{"desktop":{"background-color":"var(--ast-global-color-4)","background-image":"","background-repeat":"repeat","background-position":"center center","background-size":"auto","background-attachment":"scroll","background-type":"","background-media":"","overlay-type":"","overlay-color":"","overlay-opacity":"","overlay-gradient":""},"tablet":{"background-color":"","background-image":"","background-repeat":"repeat","background-position":"center center","background-size":"auto","background-attachment":"scroll","background-type":"","background-media":"","overlay-type":"","overlay-color":"","overlay-opacity":"","overlay-gradient":""},"mobile":{"background-color":"","background-image":"","background-repeat":"repeat","background-position":"center center","background-size":"auto","background-attachment":"scroll","background-type":"","background-media":"","overlay-type":"","overlay-color":"","overlay-opacity":"","overlay-gradient":""}},"ast-content-background-meta":{"desktop":{"background-color":"var(--ast-global-color-5)","background-image":"","background-repeat":"repeat","background-position":"center center","background-size":"auto","background-attachment":"scroll","background-type":"","background-media":"","overlay-type":"","overlay-color":"","overlay-opacity":"","overlay-gradient":""},"tablet":{"background-color":"var(--ast-global-color-5)","background-image":"","background-repeat":"repeat","background-position":"center center","background-size":"auto","background-attachment":"scroll","background-type":"","background-media":"","overlay-type":"","overlay-color":"","overlay-opacity":"","overlay-gradient":""},"mobile":{"background-color":"var(--ast-global-color-5)","background-image":"","background-repeat":"repeat","background-position":"center center","background-size":"auto","background-attachment":"scroll","background-type":"","background-media":"","overlay-type":"","overlay-color":"","overlay-opacity":"","overlay-gradient":""}},"footnotes":""},"categories":[1,29],"tags":[],"class_list":["post-11282","post","type-post","status-publish","format-standard","has-post-thumbnail","hentry","category-general","category-portada"],"post_mailing_queue_ids":[],"_links":{"self":[{"href":"https:\/\/serveiseducatius.xtec.cat\/cerdanya\/wp-json\/wp\/v2\/posts\/11282","targetHints":{"allow":["GET"]}}],"collection":[{"href":"https:\/\/serveiseducatius.xtec.cat\/cerdanya\/wp-json\/wp\/v2\/posts"}],"about":[{"href":"https:\/\/serveiseducatius.xtec.cat\/cerdanya\/wp-json\/wp\/v2\/types\/post"}],"author":[{"embeddable":true,"href":"https:\/\/serveiseducatius.xtec.cat\/cerdanya\/wp-json\/wp\/v2\/users\/1"}],"replies":[{"embeddable":true,"href":"https:\/\/serveiseducatius.xtec.cat\/cerdanya\/wp-json\/wp\/v2\/comments?post=11282"}],"version-history":[{"count":4,"href":"https:\/\/serveiseducatius.xtec.cat\/cerdanya\/wp-json\/wp\/v2\/posts\/11282\/revisions"}],"predecessor-version":[{"id":11289,"href":"https:\/\/serveiseducatius.xtec.cat\/cerdanya\/wp-json\/wp\/v2\/posts\/11282\/revisions\/11289"}],"wp:featuredmedia":[{"embeddable":true,"href":"https:\/\/serveiseducatius.xtec.cat\/cerdanya\/wp-json\/wp\/v2\/media\/11285"}],"wp:attachment":[{"href":"https:\/\/serveiseducatius.xtec.cat\/cerdanya\/wp-json\/wp\/v2\/media?parent=11282"}],"wp:term":[{"taxonomy":"category","embeddable":true,"href":"https:\/\/serveiseducatius.xtec.cat\/cerdanya\/wp-json\/wp\/v2\/categories?post=11282"},{"taxonomy":"post_tag","embeddable":true,"href":"https:\/\/serveiseducatius.xtec.cat\/cerdanya\/wp-json\/wp\/v2\/tags?post=11282"}],"curies":[{"name":"wp","href":"https:\/\/api.w.org\/{rel}","templated":true}]}}