{"id":11048,"date":"2025-06-09T11:44:43","date_gmt":"2025-06-09T09:44:43","guid":{"rendered":"https:\/\/serveiseducatius.xtec.cat\/cerdanya\/?p=11048"},"modified":"2025-07-04T14:29:04","modified_gmt":"2025-07-04T12:29:04","slug":"jornades-destiu-pirineu-educa","status":"publish","type":"post","link":"https:\/\/serveiseducatius.xtec.cat\/cerdanya\/general\/jornades-destiu-pirineu-educa\/","title":{"rendered":"Jornades d&#8217;Estiu Pirineu Educa"},"content":{"rendered":"<p><strong><a href=\"https:\/\/drive.google.com\/file\/d\/1KyhUjk4BxJfyNjl3Yv6hfyg-UyPuOl7n\/view?usp=sharing\">I Jornades territori, educaci\u00f3 i paisatge<\/a> &#8211; 1 de juliol 2025<\/strong><\/p>\n<p><img loading=\"lazy\" decoding=\"async\" class=\"wp-image-11052 size-medium alignleft\" src=\"https:\/\/serveiseducatius.xtec.cat\/cerdanya\/wp-content\/uploads\/usu1166\/2025\/06\/IJornadesTerritori-212x300.png\" alt=\"\" width=\"212\" height=\"300\" srcset=\"https:\/\/serveiseducatius.xtec.cat\/cerdanya\/wp-content\/uploads\/usu1166\/2025\/06\/IJornadesTerritori-212x300.png 212w, https:\/\/serveiseducatius.xtec.cat\/cerdanya\/wp-content\/uploads\/usu1166\/2025\/06\/IJornadesTerritori.png 675w\" sizes=\"auto, (max-width: 212px) 100vw, 212px\" \/><\/p>\n<p>Codi: 6141281614<\/p>\n<p><a href=\"https:\/\/aplicacions.gestioeducativa.gencat.cat\/ords\/pls\/soloas\/pk_for_mod_ins.p_for_cons_activitats?p_any=2024-2025&amp;p_codi=6141281614&amp;p_totes=S%0D\">Inscripci\u00f3<\/a><\/p>\n<p>CONFER\u00c8NCIA: UNA EDUCACI\u00d3 PER ESTIMAR LA TERRA<br \/>\nPonent: Heike Freire<\/p>\n<p>Una educaci\u00f3 per estimar la Terra \u00e9s una invitaci\u00f3 a repensar el paper de l\u2019educaci\u00f3 en un moment de crisi ecol\u00f2gica global. L\u2019Heike ens proposa una mirada transformadora que posa al centre el vincle emocional i respectu\u00f3s amb la natura, tot destacant el valor de l\u2019experi\u00e8ncia directa, la consci\u00e8ncia ecol\u00f2gica i la responsabilitat compartida. La confer\u00e8ncia convida a reflexionar sobre com les pr\u00e0ctiques educatives poden contribuir a una cultura de la sostenibilitat i del comprom\u00eds amb l\u2019entorn.<\/p>\n<p>&nbsp;<\/p>\n<p><strong><a href=\"https:\/\/drive.google.com\/file\/d\/1QJQdqBVPL9dCKRczQ3CzqgBxnsOztbHJ\/view?usp=sharing\">II Jornades d&#8217;educaci\u00f3 Inclusiva del Pirineu<\/a> &#8211; 2 de juliol 2025<\/strong><\/p>\n<p><img loading=\"lazy\" decoding=\"async\" class=\"size-medium wp-image-11053 alignleft\" src=\"https:\/\/serveiseducatius.xtec.cat\/cerdanya\/wp-content\/uploads\/usu1166\/2025\/06\/IIJornadesInclusiva-212x300.png\" alt=\"\" width=\"212\" height=\"300\" srcset=\"https:\/\/serveiseducatius.xtec.cat\/cerdanya\/wp-content\/uploads\/usu1166\/2025\/06\/IIJornadesInclusiva-212x300.png 212w, https:\/\/serveiseducatius.xtec.cat\/cerdanya\/wp-content\/uploads\/usu1166\/2025\/06\/IIJornadesInclusiva.png 675w\" sizes=\"auto, (max-width: 212px) 100vw, 212px\" \/> Codi: 6150701615<\/p>\n<p><a href=\"https:\/\/aplicacions.gestioeducativa.gencat.cat\/ords\/pls\/soloas\/pk_for_mod_ins.p_for_detall_activitat?p_header=Llista%20d%27activitats^pk_for_mod_ins.p_for_cons_activitats?p_crp=615%26p_any=2024-2025%26p_totes=N%26p_inici=1%26p_excloure_crp_rec=T&amp;p_codi=6150701615&amp;p_curs=2024-2025&amp;p_excloure_crp_rec=T\">Inscripci\u00f3<\/a><\/p>\n<p>CONFER\u00c8NCIA: AUTISME I NEURODIVERSITAT<br \/>\nPonent: Pilar Sanlorien<\/p>\n<p>L\u2019autisme i la neurodiversitat s\u2019ha d\u2019entendre com una manera diferent d\u2019entendre el m\u00f3n. L\u2019atenci\u00f3 educativa de l\u2019alumnat amb trastorn de l\u2019espectre autista ha de ser personalitzada i inclusiva durant totes les etapes de l\u2019escolaritzaci\u00f3. Garantir la continu\u00eftat dels suports i de les estrat\u00e8gies educatives en les transicions \u00e9s fonamental per evitar les incerteses que generen aquests moments vitals. Una planificaci\u00f3 acurada i coordinada fonamenta el benestar i el desenvolupament integral d\u2019aquests alumnes. D\u2019aquesta manera, contribu\u00efm a una escola m\u00e9s justa i respectuosa amb tothom.<\/p>\n<p>&nbsp;<\/p>\n<p><strong><a href=\"https:\/\/drive.google.com\/file\/d\/1FOYU8MxH6g_ezSUDitmx681D7GGVh-o3\/view?usp=sharing\">I Jornades Interseccions<\/a> &#8211; 3 de juliol 2025<\/strong><\/p>\n<p><img loading=\"lazy\" decoding=\"async\" class=\"alignleft size-medium wp-image-11054\" src=\"https:\/\/serveiseducatius.xtec.cat\/cerdanya\/wp-content\/uploads\/usu1166\/2025\/06\/IIJornadesInclusiva-1-212x300.png\" alt=\"\" width=\"212\" height=\"300\" srcset=\"https:\/\/serveiseducatius.xtec.cat\/cerdanya\/wp-content\/uploads\/usu1166\/2025\/06\/IIJornadesInclusiva-1-212x300.png 212w, https:\/\/serveiseducatius.xtec.cat\/cerdanya\/wp-content\/uploads\/usu1166\/2025\/06\/IIJornadesInclusiva-1.png 675w\" sizes=\"auto, (max-width: 212px) 100vw, 212px\" \/> Codi: 6010661601<\/p>\n<p><a href=\"https:\/\/aplicacions.gestioeducativa.gencat.cat\/ords\/pls\/soloas\/pk_for_mod_ins.p_for_detall_activitat?p_header=Llista%20d%27activitats^pk_for_mod_ins.p_for_cons_activitats?p_crp=601%26p_any=2024-2025%26p_totes=N%26p_inici=1%26p_excloure_crp_rec=T&amp;p_codi=6010661601&amp;p_curs=2024-2025&amp;p_excloure_crp_rec=T\">Inscripci\u00f3<\/a><\/p>\n<p>CONFER\u00c8NCIA: LA INTERCULTURALITAT, UN PARADIGMA A SUPERAR?<br \/>\nPonent: Dr. Mostaf\u00e0 Shaimi<br \/>\nLa confer\u00e8ncia convida a q\u00fcestionar si la interculturalitat, tal com s\u2019ha institucionalitzat, \u00e9s realment una eina per assolir la just\u00edcia social i l\u2019emancipaci\u00f3 o si cal superar-la per avan\u00e7ar cap a paradigmes m\u00e9s cr\u00edtics i transformadors, que situ\u00efn la just\u00edcia social, la igualtat de drets i el reconeixement pol\u00edtic al centre de l\u2019acci\u00f3 p\u00fablica.<\/p>\n<p>&nbsp;<\/p>\n<p>&nbsp;<\/p>\n<p><strong><a href=\"https:\/\/drive.google.com\/file\/d\/141wmNpZmiiJZ65YNqrXi9GlYHCrc0G-4\/view?usp=sharing\">I Jornades de rob\u00f2tica<\/a> &#8211; 4 de juliol 2025<\/strong><\/p>\n<p><img loading=\"lazy\" decoding=\"async\" class=\"alignleft size-medium wp-image-11055\" src=\"https:\/\/serveiseducatius.xtec.cat\/cerdanya\/wp-content\/uploads\/usu1166\/2025\/06\/IJornadesRobotica-212x300.png\" alt=\"\" width=\"212\" height=\"300\" srcset=\"https:\/\/serveiseducatius.xtec.cat\/cerdanya\/wp-content\/uploads\/usu1166\/2025\/06\/IJornadesRobotica-212x300.png 212w, https:\/\/serveiseducatius.xtec.cat\/cerdanya\/wp-content\/uploads\/usu1166\/2025\/06\/IJornadesRobotica-723x1024.png 723w, https:\/\/serveiseducatius.xtec.cat\/cerdanya\/wp-content\/uploads\/usu1166\/2025\/06\/IJornadesRobotica-768x1088.png 768w, https:\/\/serveiseducatius.xtec.cat\/cerdanya\/wp-content\/uploads\/usu1166\/2025\/06\/IJornadesRobotica.png 855w\" sizes=\"auto, (max-width: 212px) 100vw, 212px\" \/> Codi: 6150711615<\/p>\n<p><a href=\"https:\/\/aplicacions.gestioeducativa.gencat.cat\/ords\/pls\/soloas\/pk_for_mod_ins.p_for_detall_activitat?p_header=Llista%20d%27activitats^pk_for_mod_ins.p_for_cons_activitats?p_crp=615%26p_any=2024-2025%26p_totes=N%26p_inici=1%26p_excloure_crp_rec=T&amp;p_codi=6150711615&amp;p_curs=2024-2025&amp;p_excloure_crp_rec=T\">Inscripci\u00f3<\/a><\/p>\n<p>CONFER\u00c8NCIA: INTRODUCCI\u00d3 I CASOS PR\u00c0CTICS DE LA IA GENERATIVA APLICADA A L\u2019EDUCACI\u00d3<br \/>\nPonent: Javi Badia<br \/>\nLa IA est\u00e0 revolucionant l\u2019educaci\u00f3: des de plataformes d\u2019aprenentatge personalitzat fins a eines que corregeixen tasques autom\u00e0ticament. Destaca el seu potencial per adaptar-se al ritme de cada alumne i ajudar els professors, per\u00f2 tamb\u00e9 adverteix sobre els reptes \u00e8tics. Una mirada r\u00e0pida al futur de les aules amb intel\u00b7lig\u00e8ncia artificial. Les tecnologies emergents prometen m\u00e9s inclusivitat, efici\u00e8ncia i motivaci\u00f3, per\u00f2 cal formar docents i garantir un \u00fas responsable. L\u2019equilibri entre innovaci\u00f3 i humanitat ser\u00e0 clau en aquesta transformaci\u00f3.<\/p>\n","protected":false},"excerpt":{"rendered":"<p>I Jornades territori, educaci\u00f3 i paisatge &#8211; 1 de juliol 2025 Codi: 6141281614 Inscripci\u00f3 CONFER\u00c8NCIA: UNA EDUCACI\u00d3 PER ESTIMAR LA TERRA Ponent: Heike Freire Una educaci\u00f3 per estimar la Terra \u00e9s una invitaci\u00f3 a repensar el paper de l\u2019educaci\u00f3 en un moment de crisi ecol\u00f2gica global. L\u2019Heike ens proposa una mirada transformadora que posa al [&hellip;]<\/p>\n","protected":false},"author":1,"featured_media":11049,"comment_status":"open","ping_status":"open","sticky":false,"template":"","format":"standard","meta":{"_bbp_topic_count":0,"_bbp_reply_count":0,"_bbp_total_topic_count":0,"_bbp_total_reply_count":0,"_bbp_voice_count":0,"_bbp_anonymous_reply_count":0,"_bbp_topic_count_hidden":0,"_bbp_reply_count_hidden":0,"_bbp_forum_subforum_count":0,"site-sidebar-layout":"default","site-content-layout":"","ast-site-content-layout":"","site-content-style":"default","site-sidebar-style":"default","ast-global-header-display":"","ast-banner-title-visibility":"","ast-main-header-display":"","ast-hfb-above-header-display":"","ast-hfb-below-header-display":"","ast-hfb-mobile-header-display":"","site-post-title":"","ast-breadcrumbs-content":"","ast-featured-img":"","footer-sml-layout":"","theme-transparent-header-meta":"","adv-header-id-meta":"","stick-header-meta":"","header-above-stick-meta":"","header-main-stick-meta":"","header-below-stick-meta":"","astra-migrate-meta-layouts":"default","ast-page-background-enabled":"default","ast-page-background-meta":{"desktop":{"background-color":"var(--ast-global-color-4)","background-image":"","background-repeat":"repeat","background-position":"center center","background-size":"auto","background-attachment":"scroll","background-type":"","background-media":"","overlay-type":"","overlay-color":"","overlay-opacity":"","overlay-gradient":""},"tablet":{"background-color":"","background-image":"","background-repeat":"repeat","background-position":"center center","background-size":"auto","background-attachment":"scroll","background-type":"","background-media":"","overlay-type":"","overlay-color":"","overlay-opacity":"","overlay-gradient":""},"mobile":{"background-color":"","background-image":"","background-repeat":"repeat","background-position":"center center","background-size":"auto","background-attachment":"scroll","background-type":"","background-media":"","overlay-type":"","overlay-color":"","overlay-opacity":"","overlay-gradient":""}},"ast-content-background-meta":{"desktop":{"background-color":"var(--ast-global-color-5)","background-image":"","background-repeat":"repeat","background-position":"center center","background-size":"auto","background-attachment":"scroll","background-type":"","background-media":"","overlay-type":"","overlay-color":"","overlay-opacity":"","overlay-gradient":""},"tablet":{"background-color":"var(--ast-global-color-5)","background-image":"","background-repeat":"repeat","background-position":"center center","background-size":"auto","background-attachment":"scroll","background-type":"","background-media":"","overlay-type":"","overlay-color":"","overlay-opacity":"","overlay-gradient":""},"mobile":{"background-color":"var(--ast-global-color-5)","background-image":"","background-repeat":"repeat","background-position":"center center","background-size":"auto","background-attachment":"scroll","background-type":"","background-media":"","overlay-type":"","overlay-color":"","overlay-opacity":"","overlay-gradient":""}},"footnotes":""},"categories":[65,67,393,1,29,363,401,356],"tags":[],"class_list":["post-11048","post","type-post","status-publish","format-standard","has-post-thumbnail","hentry","category-crp","category-eap","category-elic","category-general","category-portada","category-st-apa","category-xepp","category-xerrada"],"post_mailing_queue_ids":[],"_links":{"self":[{"href":"https:\/\/serveiseducatius.xtec.cat\/cerdanya\/wp-json\/wp\/v2\/posts\/11048","targetHints":{"allow":["GET"]}}],"collection":[{"href":"https:\/\/serveiseducatius.xtec.cat\/cerdanya\/wp-json\/wp\/v2\/posts"}],"about":[{"href":"https:\/\/serveiseducatius.xtec.cat\/cerdanya\/wp-json\/wp\/v2\/types\/post"}],"author":[{"embeddable":true,"href":"https:\/\/serveiseducatius.xtec.cat\/cerdanya\/wp-json\/wp\/v2\/users\/1"}],"replies":[{"embeddable":true,"href":"https:\/\/serveiseducatius.xtec.cat\/cerdanya\/wp-json\/wp\/v2\/comments?post=11048"}],"version-history":[{"count":3,"href":"https:\/\/serveiseducatius.xtec.cat\/cerdanya\/wp-json\/wp\/v2\/posts\/11048\/revisions"}],"predecessor-version":[{"id":11057,"href":"https:\/\/serveiseducatius.xtec.cat\/cerdanya\/wp-json\/wp\/v2\/posts\/11048\/revisions\/11057"}],"wp:featuredmedia":[{"embeddable":true,"href":"https:\/\/serveiseducatius.xtec.cat\/cerdanya\/wp-json\/wp\/v2\/media\/11049"}],"wp:attachment":[{"href":"https:\/\/serveiseducatius.xtec.cat\/cerdanya\/wp-json\/wp\/v2\/media?parent=11048"}],"wp:term":[{"taxonomy":"category","embeddable":true,"href":"https:\/\/serveiseducatius.xtec.cat\/cerdanya\/wp-json\/wp\/v2\/categories?post=11048"},{"taxonomy":"post_tag","embeddable":true,"href":"https:\/\/serveiseducatius.xtec.cat\/cerdanya\/wp-json\/wp\/v2\/tags?post=11048"}],"curies":[{"name":"wp","href":"https:\/\/api.w.org\/{rel}","templated":true}]}}