{"id":10971,"date":"2025-04-23T14:36:19","date_gmt":"2025-04-23T12:36:19","guid":{"rendered":"https:\/\/serveiseducatius.xtec.cat\/cerdanya\/?p=10971"},"modified":"2025-04-28T09:34:40","modified_gmt":"2025-04-28T07:34:40","slug":"la-xviii-jornada-invesjove-omple-el-museu-cerda-de-recerca-talent-i-illusio","status":"publish","type":"post","link":"https:\/\/serveiseducatius.xtec.cat\/cerdanya\/general\/la-xviii-jornada-invesjove-omple-el-museu-cerda-de-recerca-talent-i-illusio\/","title":{"rendered":"La XVIII Jornada Invesjove omple el Museu Cerd\u00e0 de recerca, talent i il\u00b7lusi\u00f3."},"content":{"rendered":"<p class=\"\" style=\"text-align: justify;\" data-start=\"297\" data-end=\"621\">El divendres 11 d\u2019abril, el Museu Cerd\u00e0 de Puigcerd\u00e0 va acollir la <strong data-start=\"364\" data-end=\"391\">XVIII Jornada INVESJOVE<\/strong>, una cita ja consolidada al calendari educatiu de l\u2019Alt Pirineu i Aran, dedicada a posar en valor l\u2019esfor\u00e7, la const\u00e0ncia i la passi\u00f3 per aprendre de l\u2019alumnat de 2n de Batxillerat a trav\u00e9s dels seus <strong data-start=\"592\" data-end=\"620\">Treballs de Recerca (TR)<\/strong>.<\/p>\n<p class=\"\" style=\"text-align: justify;\" data-start=\"623\" data-end=\"901\">Invesjove no \u00e9s nom\u00e9s una jornada, sin\u00f3 una celebraci\u00f3 del coneixement. Una oportunitat per recon\u00e8ixer tot all\u00f2 que hi ha darrere d\u2019un treball de recerca: hores d\u2019estudi, recollida de dades, entrevistes, an\u00e0lisi i, sobretot, dues eines fonamentals: <strong data-start=\"872\" data-end=\"900\">el treball i la il\u00b7lusi\u00f3<\/strong>.<\/p>\n<p class=\"\" style=\"text-align: justify;\" data-start=\"903\" data-end=\"1347\">La jornada va comen\u00e7ar amb una <strong data-start=\"934\" data-end=\"955\">xerrada inaugural<\/strong> a c\u00e0rrec d\u2019en <strong data-start=\"970\" data-end=\"996\">Marc Bernadas Villegas<\/strong>, historiador nascut a Bellver de Cerdanya, llicenciat en Hist\u00f2ria i m\u00e0ster en Hist\u00f2ria Contempor\u00e0nia per la UAB. Amb el t\u00edtol <em data-start=\"1123\" data-end=\"1183\">\u201cLa hist\u00f2ria local com a pilar de la hist\u00f2ria generalista\u201d<\/em>, Bernadas va oferir una reflexi\u00f3 sobre la import\u00e0ncia d\u2019investigar des del territori, demostrant com les petites hist\u00f2ries configuren la gran hist\u00f2ria col\u00b7lectiva.<\/p>\n<p class=\"\" style=\"text-align: justify;\" data-start=\"1349\" data-end=\"1686\">Despr\u00e9s d\u2019un petit <strong data-start=\"1368\" data-end=\"1407\">esmorzar ofert pel Consell Comarcal<\/strong>, la jornada va continuar amb un dels moments m\u00e9s esperats: la <strong data-start=\"1470\" data-end=\"1510\">presentaci\u00f3 dels Treballs de Recerca<\/strong> per part de cinc alumnes seleccionats. Cada exposici\u00f3 va ser una mostra de l\u2019inter\u00e8s, la creativitat i el comprom\u00eds de l\u2019alumnat amb els temes que han investigat durant mesos. Concretament, els treballs que vam tenir l&#8217;oportunitat de gaudir van ser:<\/p>\n<ul style=\"text-align: justify;\">\n<li style=\"font-weight: 400;\" aria-level=\"1\"><span style=\"font-weight: 400;\">Ferran Armengol<em> \u201cL&#8217;evoluci\u00f3 de la ind\u00fastria a la Cerdanya, a prop\u00f2sit d&#8217;un cas (f\u00e0brica de magnet\u00f2fons Abet)\u201d.<\/em><\/span><\/li>\n<li style=\"font-weight: 400;\" aria-level=\"1\"><span style=\"font-weight: 400;\">Martina Pla<em> \u201cAfrontar el c\u00e0ncer pot tenir un cost afegit depenent del lloc on vius?&#8221;<\/em>.<\/span><\/li>\n<li style=\"font-weight: 400;\" aria-level=\"1\"><span style=\"font-weight: 400;\">Bryan Sa\u00e9z <em>\u201cImpacte de la covid-19 a l&#8217;Hospital de Cerdanya\u201d.<\/em><\/span><\/li>\n<li style=\"font-weight: 400;\" aria-level=\"1\"><span style=\"font-weight: 400;\">Berta Rigola <em>\u201cCosint mem\u00f2ries: la caiguda de l\u2019 emblem\u00e0tica f\u00e0brica t\u00e8xtil Juli\u00e0\u201d.<\/em><\/span><\/li>\n<li style=\"font-weight: 400;\" aria-level=\"1\"><span style=\"font-weight: 400;\">Nicole Font <em>\u201cLa Cerdanya, una comarca conflictiva?\u201d.<\/em><\/span><\/li>\n<\/ul>\n<p class=\"\" style=\"text-align: justify;\" data-start=\"1688\" data-end=\"2024\">Seguidament, es va donar pas a una <strong data-start=\"1723\" data-end=\"1739\">taula rodona<\/strong> amb la participaci\u00f3 d\u2019exalumnes\/as que havien passat per l\u2019Invesjove en edicions anteriors. Compartint les seves traject\u00f2ries personals i acad\u00e8miques ens van explicar els pros i els contres de marxar a estudiar fora de la Cerdanya. Els i les alumnes de 1r i 2n de Batxillerat van poder escoltar de primera m\u00e0 l\u00b4experi\u00e8ncia viscuda per excompanys\/es i van poder preguntar sobre dubtes que tenien.<\/p>\n<p style=\"text-align: justify;\" data-start=\"1688\" data-end=\"2024\">Per cloure la jornada, es va fer la <strong data-start=\"2078\" data-end=\"2116\">presentaci\u00f3 del llibre d\u2019Invesjove<\/strong>, que recull una selecci\u00f3 dels treballs presentats i serveix com a testimoni del talent jove de l&#8217;Alt Pirineu i Aran, i es va fer l\u2019<strong data-start=\"2450\" data-end=\"2483\">entrega d\u2019obsequis i diplomes<\/strong> als i les participants, com a reconeixement a la seva dedicaci\u00f3 i esfor\u00e7.<\/p>\n<p class=\"\" style=\"text-align: justify;\" data-start=\"2026\" data-end=\"2413\">Finalment, es van dur a terme els <strong data-start=\"2269\" data-end=\"2298\">parlaments institucionals<\/strong>, on les autoritats van posar en relleu la import\u00e0ncia de fomentar l\u2019esperit cr\u00edtic i investigador entre els i les joves.<\/p>\n<p class=\"\" style=\"text-align: justify;\" data-start=\"2553\" data-end=\"2849\">Des dels Serveis Educatius volem felicitar a tot l\u2019alumnat, professorat i organitzadors que han fet possible aquesta jornada i, especialment, volem agrair al Consell Comarcal de la Cerdanya el seu suport i l\u00b4esmorzar que vam gaudir a la meitat de jornada.<\/p>\n<p class=\"\" style=\"text-align: justify;\" data-start=\"2553\" data-end=\"2849\">Finalment, voldr\u00edem finalitzar aquesta not\u00edcia remarcant que l\u2019Invesjove \u00e9s una mostra clara que la recerca no nom\u00e9s \u00e9s cosa d\u2019universitats, sin\u00f3 que tamb\u00e9 t\u00e9 un lloc viu i potent a l\u2019educaci\u00f3 secund\u00e0ria i al batxillerat.<\/p>\n<p class=\"\" data-start=\"2553\" data-end=\"2849\">Enhorabona a totes i tots!<\/p>\n<p data-start=\"2553\" data-end=\"2849\">Us deixem l&#8217;enlla\u00e7 a la <a href=\"https:\/\/pirineustv.cat\/uns-200-alumnes-de-batxillerat-participen-a-la-18aa-edicio-dinvesjove\">not\u00edcia de Pirineus TV.<\/a><\/p>\n<p data-start=\"2553\" data-end=\"2849\"><img loading=\"lazy\" decoding=\"async\" class=\"wp-image-10972 size-large aligncenter\" src=\"https:\/\/serveiseducatius.xtec.cat\/cerdanya\/wp-content\/uploads\/usu1166\/2025\/04\/WhatsApp-Image-2025-04-11-at-16.16.32-1024x576.jpeg\" alt=\"\" width=\"1024\" height=\"576\" srcset=\"https:\/\/serveiseducatius.xtec.cat\/cerdanya\/wp-content\/uploads\/usu1166\/2025\/04\/WhatsApp-Image-2025-04-11-at-16.16.32-1024x576.jpeg 1024w, https:\/\/serveiseducatius.xtec.cat\/cerdanya\/wp-content\/uploads\/usu1166\/2025\/04\/WhatsApp-Image-2025-04-11-at-16.16.32-300x169.jpeg 300w, https:\/\/serveiseducatius.xtec.cat\/cerdanya\/wp-content\/uploads\/usu1166\/2025\/04\/WhatsApp-Image-2025-04-11-at-16.16.32-768x432.jpeg 768w, https:\/\/serveiseducatius.xtec.cat\/cerdanya\/wp-content\/uploads\/usu1166\/2025\/04\/WhatsApp-Image-2025-04-11-at-16.16.32-1536x864.jpeg 1536w, https:\/\/serveiseducatius.xtec.cat\/cerdanya\/wp-content\/uploads\/usu1166\/2025\/04\/WhatsApp-Image-2025-04-11-at-16.16.32.jpeg 1600w\" sizes=\"auto, (max-width: 1024px) 100vw, 1024px\" \/><\/p>\n<p data-start=\"2553\" data-end=\"2849\">\n","protected":false},"excerpt":{"rendered":"<p>El divendres 11 d\u2019abril, el Museu Cerd\u00e0 de Puigcerd\u00e0 va acollir la XVIII Jornada INVESJOVE, una cita ja consolidada al calendari educatiu de l\u2019Alt Pirineu i Aran, dedicada a posar en valor l\u2019esfor\u00e7, la const\u00e0ncia i la passi\u00f3 per aprendre de l\u2019alumnat de 2n de Batxillerat a trav\u00e9s dels seus Treballs de Recerca (TR). Invesjove [&hellip;]<\/p>\n","protected":false},"author":1,"featured_media":10972,"comment_status":"open","ping_status":"closed","sticky":false,"template":"","format":"standard","meta":{"_bbp_topic_count":0,"_bbp_reply_count":0,"_bbp_total_topic_count":0,"_bbp_total_reply_count":0,"_bbp_voice_count":0,"_bbp_anonymous_reply_count":0,"_bbp_topic_count_hidden":0,"_bbp_reply_count_hidden":0,"_bbp_forum_subforum_count":0,"site-sidebar-layout":"default","site-content-layout":"","ast-site-content-layout":"","site-content-style":"default","site-sidebar-style":"default","ast-global-header-display":"","ast-banner-title-visibility":"","ast-main-header-display":"","ast-hfb-above-header-display":"","ast-hfb-below-header-display":"","ast-hfb-mobile-header-display":"","site-post-title":"","ast-breadcrumbs-content":"","ast-featured-img":"","footer-sml-layout":"","theme-transparent-header-meta":"","adv-header-id-meta":"","stick-header-meta":"","header-above-stick-meta":"","header-main-stick-meta":"","header-below-stick-meta":"","astra-migrate-meta-layouts":"default","ast-page-background-enabled":"default","ast-page-background-meta":{"desktop":{"background-color":"var(--ast-global-color-4)","background-image":"","background-repeat":"repeat","background-position":"center center","background-size":"auto","background-attachment":"scroll","background-type":"","background-media":"","overlay-type":"","overlay-color":"","overlay-opacity":"","overlay-gradient":""},"tablet":{"background-color":"","background-image":"","background-repeat":"repeat","background-position":"center center","background-size":"auto","background-attachment":"scroll","background-type":"","background-media":"","overlay-type":"","overlay-color":"","overlay-opacity":"","overlay-gradient":""},"mobile":{"background-color":"","background-image":"","background-repeat":"repeat","background-position":"center center","background-size":"auto","background-attachment":"scroll","background-type":"","background-media":"","overlay-type":"","overlay-color":"","overlay-opacity":"","overlay-gradient":""}},"ast-content-background-meta":{"desktop":{"background-color":"var(--ast-global-color-5)","background-image":"","background-repeat":"repeat","background-position":"center center","background-size":"auto","background-attachment":"scroll","background-type":"","background-media":"","overlay-type":"","overlay-color":"","overlay-opacity":"","overlay-gradient":""},"tablet":{"background-color":"var(--ast-global-color-5)","background-image":"","background-repeat":"repeat","background-position":"center center","background-size":"auto","background-attachment":"scroll","background-type":"","background-media":"","overlay-type":"","overlay-color":"","overlay-opacity":"","overlay-gradient":""},"mobile":{"background-color":"var(--ast-global-color-5)","background-image":"","background-repeat":"repeat","background-position":"center center","background-size":"auto","background-attachment":"scroll","background-type":"","background-media":"","overlay-type":"","overlay-color":"","overlay-opacity":"","overlay-gradient":""}},"footnotes":""},"categories":[1,70,29],"tags":[],"class_list":["post-10971","post","type-post","status-publish","format-standard","has-post-thumbnail","hentry","category-general","category-invesjove-17","category-portada"],"post_mailing_queue_ids":[],"_links":{"self":[{"href":"https:\/\/serveiseducatius.xtec.cat\/cerdanya\/wp-json\/wp\/v2\/posts\/10971","targetHints":{"allow":["GET"]}}],"collection":[{"href":"https:\/\/serveiseducatius.xtec.cat\/cerdanya\/wp-json\/wp\/v2\/posts"}],"about":[{"href":"https:\/\/serveiseducatius.xtec.cat\/cerdanya\/wp-json\/wp\/v2\/types\/post"}],"author":[{"embeddable":true,"href":"https:\/\/serveiseducatius.xtec.cat\/cerdanya\/wp-json\/wp\/v2\/users\/1"}],"replies":[{"embeddable":true,"href":"https:\/\/serveiseducatius.xtec.cat\/cerdanya\/wp-json\/wp\/v2\/comments?post=10971"}],"version-history":[{"count":2,"href":"https:\/\/serveiseducatius.xtec.cat\/cerdanya\/wp-json\/wp\/v2\/posts\/10971\/revisions"}],"predecessor-version":[{"id":10974,"href":"https:\/\/serveiseducatius.xtec.cat\/cerdanya\/wp-json\/wp\/v2\/posts\/10971\/revisions\/10974"}],"wp:featuredmedia":[{"embeddable":true,"href":"https:\/\/serveiseducatius.xtec.cat\/cerdanya\/wp-json\/wp\/v2\/media\/10972"}],"wp:attachment":[{"href":"https:\/\/serveiseducatius.xtec.cat\/cerdanya\/wp-json\/wp\/v2\/media?parent=10971"}],"wp:term":[{"taxonomy":"category","embeddable":true,"href":"https:\/\/serveiseducatius.xtec.cat\/cerdanya\/wp-json\/wp\/v2\/categories?post=10971"},{"taxonomy":"post_tag","embeddable":true,"href":"https:\/\/serveiseducatius.xtec.cat\/cerdanya\/wp-json\/wp\/v2\/tags?post=10971"}],"curies":[{"name":"wp","href":"https:\/\/api.w.org\/{rel}","templated":true}]}}