{"id":10950,"date":"2025-04-04T07:45:19","date_gmt":"2025-04-04T05:45:19","guid":{"rendered":"https:\/\/serveiseducatius.xtec.cat\/cerdanya\/?p=10950"},"modified":"2025-04-07T13:57:51","modified_gmt":"2025-04-07T11:57:51","slug":"taller-la-bici-de-la-lola-comunicacio-i-prevencio-de-les-violencies-sexuals-a-la-infancia-2","status":"publish","type":"post","link":"https:\/\/serveiseducatius.xtec.cat\/cerdanya\/general\/taller-la-bici-de-la-lola-comunicacio-i-prevencio-de-les-violencies-sexuals-a-la-infancia-2\/","title":{"rendered":"Taller \u201cLa bici de la Lola\u201d. Comunicaci\u00f3 i prevenci\u00f3 de les viol\u00e8ncies sexuals a la inf\u00e0ncia."},"content":{"rendered":"<p style=\"text-align: justify;\">Ahir a la tarda els i les docents de la comarca vam tenir l&#8217;oportunitat de viure una experi\u00e8ncia \u00fanica al costat de l&#8217;Alba Barb\u00e9, coautora del llibre &#8220;La bici de la Lola&#8221;, a la que volem agrair l&#8217;esfor\u00e7 i l&#8217;entusiasme mostrat al llarg de tota la xerrada.<\/p>\n<p style=\"text-align: justify;\">M\u00e9s enll\u00e0 d&#8217;acompanyar-nos a con\u00e8ixer i comprendre el llibre, aix\u00ed com d&#8217;ensenyar-nos les diferents propostes per introduir-lo en el dia a dia de l&#8217;aula a les diferents etapes del sistema educatiu (des de les etapes pre-obligat\u00f2ries fins a les post-obligat\u00f2ries), les dues hores que va ocupar el taller d&#8217;ahir a la tarda van ser\u00a0una experi\u00e8ncia molt valuosa, ja que van ser una constant &#8220;pluja&#8221; de missatges i reflexions que, amb tota seguretat, ha ajudat a fer cr\u00e9ixer la consci\u00e8ncia dels docents sobre la import\u00e0ncia i imperiosa necessitat de tractar temes tan sensibles com la comunicaci\u00f3 i la prevenci\u00f3 de les viol\u00e8ncies sexuals a la inf\u00e0ncia a les aules dels nostres centres educatius.<\/p>\n<p style=\"text-align: justify;\">A trav\u00e9s de la lectura i la reflexi\u00f3 sobre el Llibre de la Lola, els i les assistents hem pogut prendre consci\u00e8ncia de com \u00e9s de crucial abordar aquestes q\u00fcestions de manera directa i efectiva dins del sistema educatiu. El taller no nom\u00e9s ha subratllat la necessitat de sensibilitzar els i les professionals de l&#8217;educaci\u00f3 sobre aquests temes, sin\u00f3 tamb\u00e9 de dotar-los d&#8217;eines i coneixements per poder identificar senyals d&#8217;alerta, establir un espai de confian\u00e7a amb l&#8217;alumnat i treballar en la creaci\u00f3 de protocols de seguretat i prevenci\u00f3.<\/p>\n<p style=\"text-align: justify;\">La pluja, en aquest sentit, simbolitza l&#8217;impacte profund d&#8217;aquesta formaci\u00f3 sobre la consci\u00e8ncia de tots\/es els\/les assistents, aix\u00ed com el recordatori de la responsabilitat compartida per part de tota la comunitat educativa en la protecci\u00f3 dels infants i la creaci\u00f3 d&#8217;entorns segurs on es pugui prevenir i, en cas de ser necessari, actuar davant de possibles situacions de viol\u00e8ncia.<\/p>\n<p style=\"text-align: justify;\">\u00c9s important remarcar el fet que aquest taller s&#8217;hagi realitzat a Cerdanya tamb\u00e9 \u00e9s un reflex del comprom\u00eds que es vol establir a nivell local per garantir que tots els centres educatius, independentment de la seva ubicaci\u00f3, siguin espais on la seguretat, el respecte i la prevenci\u00f3 siguin prioritaris. La tasca de conscienciaci\u00f3 continua, ja que \u00e9s fonamental que aquestes q\u00fcestions es tractin de forma transversal i que els i les docents estiguin equipats\/des amb recursos per afrontar-les adequadament.<\/p>\n<p style=\"text-align: justify;\">En aquest sentit volem aprofitar per indicar-vos que podeu trobar tots els materials que s&#8217;han presentat a la xerrada en els seg\u00fcents enlla\u00e7os:<\/p>\n<ul>\n<li><a href=\"https:\/\/la-bici-de-la-lola.mailchimpsites.com\/\" target=\"_blank\" rel=\"noopener\">Enlla\u00e7 a la web &#8220;La bici de la Lola&#8221;.<\/a><\/li>\n<li><a href=\"https:\/\/issuu.com\/edbellaterra\/docs\/la_bici_de_lola_catal_1\" target=\"_blank\" rel=\"noopener\">&#8220;La bici de la Lola&#8221;<\/a> (llibre en catal\u00e0).<\/li>\n<li><a href=\"https:\/\/drive.google.com\/file\/d\/1qI4Rcohh1DoehQXKrwB8q0B9gKkK4MLG\/view?usp=sharing\" target=\"_blank\" rel=\"noopener\">Guia de suport per a la lectura de &#8220;La bici de la Lola&#8221;.<\/a><\/li>\n<\/ul>\n<p style=\"text-align: justify;\">Finalment, nom\u00e9s volem recordar-vos que des dels SSEE de la Cerdanya us convidem a participar del taller &#8220;<strong><em>Actuacions des dels centres educatius de detecci\u00f3, prevenci\u00f3 i intervenci\u00f3 en relaci\u00f3 a les situacions d&#8217;ab\u00fas i viol\u00e8ncies sexuals<\/em><\/strong>&#8221; que la Marta Montagut, treballadora social de Barnahus i referent de viol\u00e8ncies del ST APA, ens oferir\u00e0 els propers 5 de maig en format presencial i 8 de maig en format telem\u00e0tic, ja que el considerem la continuaci\u00f3 ideal a tot el que vam treballar ahir. Podeu inscriure-us a aquesta nova proposta formativa en el seg\u00fcent enlla\u00e7: <a href=\"https:\/\/aplicacions.gestioeducativa.gencat.cat\/ords\/pls\/soloas\/pk_for_mod_ins.p_for_detall_activitat?p_header=Llista%20d%27activitats%5Epk_for_mod_ins.p_for_cons_activitats?p_crp=503%26p_any=2024-2025%26p_totes=N%26p_inici=1%26p_excloure_crp_rec=T&amp;p_codi=5030631503&amp;p_curs=2024-2025&amp;p_excloure_crp_rec=T\" target=\"_blank\" rel=\"noopener\">INSCRIPCI\u00d3.<\/a><\/p>\n<p>&nbsp;<\/p>\n<p style=\"text-align: justify;\"><img loading=\"lazy\" decoding=\"async\" class=\"aligncenter wp-image-10952\" src=\"https:\/\/serveiseducatius.xtec.cat\/cerdanya\/wp-content\/uploads\/usu1166\/2025\/04\/WhatsApp-Image-2025-04-03-at-22.08.44-1024x768.jpeg\" alt=\"\" width=\"600\" height=\"450\" srcset=\"https:\/\/serveiseducatius.xtec.cat\/cerdanya\/wp-content\/uploads\/usu1166\/2025\/04\/WhatsApp-Image-2025-04-03-at-22.08.44-1024x768.jpeg 1024w, https:\/\/serveiseducatius.xtec.cat\/cerdanya\/wp-content\/uploads\/usu1166\/2025\/04\/WhatsApp-Image-2025-04-03-at-22.08.44-300x225.jpeg 300w, https:\/\/serveiseducatius.xtec.cat\/cerdanya\/wp-content\/uploads\/usu1166\/2025\/04\/WhatsApp-Image-2025-04-03-at-22.08.44-768x576.jpeg 768w, https:\/\/serveiseducatius.xtec.cat\/cerdanya\/wp-content\/uploads\/usu1166\/2025\/04\/WhatsApp-Image-2025-04-03-at-22.08.44-1536x1152.jpeg 1536w, https:\/\/serveiseducatius.xtec.cat\/cerdanya\/wp-content\/uploads\/usu1166\/2025\/04\/WhatsApp-Image-2025-04-03-at-22.08.44-200x150.jpeg 200w, https:\/\/serveiseducatius.xtec.cat\/cerdanya\/wp-content\/uploads\/usu1166\/2025\/04\/WhatsApp-Image-2025-04-03-at-22.08.44.jpeg 1600w\" sizes=\"auto, (max-width: 600px) 100vw, 600px\" \/><\/p>\n<p>&nbsp;<\/p>\n<p>&nbsp;<\/p>\n","protected":false},"excerpt":{"rendered":"<p>Ahir a la tarda els i les docents de la comarca vam tenir l&#8217;oportunitat de viure una experi\u00e8ncia \u00fanica al costat de l&#8217;Alba Barb\u00e9, coautora del llibre &#8220;La bici de la Lola&#8221;, a la que volem agrair l&#8217;esfor\u00e7 i l&#8217;entusiasme mostrat al llarg de tota la xerrada. M\u00e9s enll\u00e0 d&#8217;acompanyar-nos a con\u00e8ixer i comprendre el [&hellip;]<\/p>\n","protected":false},"author":1,"featured_media":10952,"comment_status":"open","ping_status":"closed","sticky":false,"template":"","format":"standard","meta":{"_bbp_topic_count":0,"_bbp_reply_count":0,"_bbp_total_topic_count":0,"_bbp_total_reply_count":0,"_bbp_voice_count":0,"_bbp_anonymous_reply_count":0,"_bbp_topic_count_hidden":0,"_bbp_reply_count_hidden":0,"_bbp_forum_subforum_count":0,"site-sidebar-layout":"default","site-content-layout":"","ast-site-content-layout":"","site-content-style":"default","site-sidebar-style":"default","ast-global-header-display":"","ast-banner-title-visibility":"","ast-main-header-display":"","ast-hfb-above-header-display":"","ast-hfb-below-header-display":"","ast-hfb-mobile-header-display":"","site-post-title":"","ast-breadcrumbs-content":"","ast-featured-img":"","footer-sml-layout":"","theme-transparent-header-meta":"","adv-header-id-meta":"","stick-header-meta":"","header-above-stick-meta":"","header-main-stick-meta":"","header-below-stick-meta":"","astra-migrate-meta-layouts":"default","ast-page-background-enabled":"default","ast-page-background-meta":{"desktop":{"background-color":"var(--ast-global-color-4)","background-image":"","background-repeat":"repeat","background-position":"center center","background-size":"auto","background-attachment":"scroll","background-type":"","background-media":"","overlay-type":"","overlay-color":"","overlay-opacity":"","overlay-gradient":""},"tablet":{"background-color":"","background-image":"","background-repeat":"repeat","background-position":"center center","background-size":"auto","background-attachment":"scroll","background-type":"","background-media":"","overlay-type":"","overlay-color":"","overlay-opacity":"","overlay-gradient":""},"mobile":{"background-color":"","background-image":"","background-repeat":"repeat","background-position":"center center","background-size":"auto","background-attachment":"scroll","background-type":"","background-media":"","overlay-type":"","overlay-color":"","overlay-opacity":"","overlay-gradient":""}},"ast-content-background-meta":{"desktop":{"background-color":"var(--ast-global-color-5)","background-image":"","background-repeat":"repeat","background-position":"center center","background-size":"auto","background-attachment":"scroll","background-type":"","background-media":"","overlay-type":"","overlay-color":"","overlay-opacity":"","overlay-gradient":""},"tablet":{"background-color":"var(--ast-global-color-5)","background-image":"","background-repeat":"repeat","background-position":"center center","background-size":"auto","background-attachment":"scroll","background-type":"","background-media":"","overlay-type":"","overlay-color":"","overlay-opacity":"","overlay-gradient":""},"mobile":{"background-color":"var(--ast-global-color-5)","background-image":"","background-repeat":"repeat","background-position":"center center","background-size":"auto","background-attachment":"scroll","background-type":"","background-media":"","overlay-type":"","overlay-color":"","overlay-opacity":"","overlay-gradient":""}},"footnotes":""},"categories":[65,1,29,356],"tags":[],"class_list":["post-10950","post","type-post","status-publish","format-standard","has-post-thumbnail","hentry","category-crp","category-general","category-portada","category-xerrada"],"post_mailing_queue_ids":[],"_links":{"self":[{"href":"https:\/\/serveiseducatius.xtec.cat\/cerdanya\/wp-json\/wp\/v2\/posts\/10950","targetHints":{"allow":["GET"]}}],"collection":[{"href":"https:\/\/serveiseducatius.xtec.cat\/cerdanya\/wp-json\/wp\/v2\/posts"}],"about":[{"href":"https:\/\/serveiseducatius.xtec.cat\/cerdanya\/wp-json\/wp\/v2\/types\/post"}],"author":[{"embeddable":true,"href":"https:\/\/serveiseducatius.xtec.cat\/cerdanya\/wp-json\/wp\/v2\/users\/1"}],"replies":[{"embeddable":true,"href":"https:\/\/serveiseducatius.xtec.cat\/cerdanya\/wp-json\/wp\/v2\/comments?post=10950"}],"version-history":[{"count":3,"href":"https:\/\/serveiseducatius.xtec.cat\/cerdanya\/wp-json\/wp\/v2\/posts\/10950\/revisions"}],"predecessor-version":[{"id":10954,"href":"https:\/\/serveiseducatius.xtec.cat\/cerdanya\/wp-json\/wp\/v2\/posts\/10950\/revisions\/10954"}],"wp:featuredmedia":[{"embeddable":true,"href":"https:\/\/serveiseducatius.xtec.cat\/cerdanya\/wp-json\/wp\/v2\/media\/10952"}],"wp:attachment":[{"href":"https:\/\/serveiseducatius.xtec.cat\/cerdanya\/wp-json\/wp\/v2\/media?parent=10950"}],"wp:term":[{"taxonomy":"category","embeddable":true,"href":"https:\/\/serveiseducatius.xtec.cat\/cerdanya\/wp-json\/wp\/v2\/categories?post=10950"},{"taxonomy":"post_tag","embeddable":true,"href":"https:\/\/serveiseducatius.xtec.cat\/cerdanya\/wp-json\/wp\/v2\/tags?post=10950"}],"curies":[{"name":"wp","href":"https:\/\/api.w.org\/{rel}","templated":true}]}}