{"id":10923,"date":"2025-03-18T15:31:45","date_gmt":"2025-03-18T14:31:45","guid":{"rendered":"https:\/\/serveiseducatius.xtec.cat\/cerdanya\/?p=10923"},"modified":"2025-03-18T15:31:45","modified_gmt":"2025-03-18T14:31:45","slug":"projectat-cerdanya","status":"publish","type":"post","link":"https:\/\/serveiseducatius.xtec.cat\/cerdanya\/general\/projectat-cerdanya\/","title":{"rendered":"Projecta&#8217;t Cerdanya!"},"content":{"rendered":"<p style=\"text-align: justify;\">Avui dimarts\u00a018 de mar\u00e7 de 2025, el Palau de Congressos i Esports d\u2019Alp est\u00e0 acollint la 1a edici\u00f3 de PROJECTA\u2019T CERDANYA \u2013 Fira de Formaci\u00f3 i Orientaci\u00f3 Laboral, una iniciativa de l\u2019\u00c0rea de Benestar i Acci\u00f3 Social, Igualtat, Joventut i Gent Gran del Consell Comarcal de la Cerdanya. Aquesta fira ha vist la llum amb la voluntat de convertir-se en un espai de refer\u00e8ncia per a l\u2019orientaci\u00f3 acad\u00e8mica i professional dels joves de la comarca i les seves fam\u00edlies, facilitant-los informaci\u00f3 de primera m\u00e0 sobre les diferents opcions formatives disponibles.<\/p>\n<p style=\"text-align: justify;\">Vistes, vivenciades i avaluades les primeres hores de la Fira ja podem dir que la iniciativa ha estat tot un \u00e8xit, ja que PROJECTA\u2019T CERDANYA ha aconseguit esdevenir un punt de trobada entre joves, fam\u00edlies, entitats i empreses del sector, fomentant la connexi\u00f3 i l\u2019intercanvi d\u2019experi\u00e8ncies. A m\u00e9s a m\u00e9s, cal destacar la bona acollida que han tingut les cofer\u00e8ncies i xerrades realitzades, aix\u00ed com l&#8217;elevat nombre de centres formatius participants, que no han escatimats esfor\u00e7os i energies en atendre a tots i totes els i les estudiants que gr\u00e0cies a les facilitats oferides pel Consell Comarcal de Cerdanya a nivell de tranport han pogut despla\u00e7ar-se per viure de primera m\u00e0 aquest esdeveniment.<\/p>\n<p style=\"text-align: justify;\">Com ja hem dit la Fira ha comptat amb la participaci\u00f3 de diverses institucions acad\u00e8miques i professionals de Catalunya, Catalunya Nord i Andorra que a continuaci\u00f3 us destallem:<\/p>\n<ul style=\"text-align: justify;\">\n<li><em><strong>Universitats<\/strong><\/em>: Universitat Europea \u2013 eUniv, UIC, Universitat Abat Oliva CEU, Universitat de Lleida, Universitat d\u2019Andorra, Universitat de Vic, IQS-Universitat Ramon Llull, Blanquerna URL, INEFC Pirineus, L\u2019idem Animation School, Elisava, EAE Business School Barcelona, BAU \u2013 Centre Universitari d\u2019Arts i Disseny.<\/li>\n<li><em><strong>Formaci\u00f3 professional<\/strong><\/em>: INS Pere Borrell, Seminari de Vic, Institut Abat Oliva de Ripoll, Escola Agr\u00e0ria del Pirineu, La Salle la Seu d\u2019Urgell, INS Alt Bergued\u00e0, FEDAC Xarxa, Institut Centre d\u2019Esports de Muntanya del Pallars, Lyce\u00e9 le Mas Blanc, Institut del Pont de Suert, Institut de la Seu d\u2019Urgell, Fes Neu.<\/li>\n<li><strong><em>Acad\u00e8mies<\/em><\/strong>: Acad\u00e8mia System, Lingo, EOI.<\/li>\n<li><em><strong>Entitats<\/strong><\/em>: Hospital Transfronterer de Cerdanya, Fundaci\u00f3 Integra Pirineus i Programa Ocell de Foc, Cooperativa Incorpora\u2019m \u2013 Fundaci\u00f3 Adis, Entitat Esportiva \u00danics Cerdanya, Consell Esportiu de la Cerdanya.<\/li>\n<li><em><strong>Forces de seguretat<\/strong><\/em>: Mossos d\u2019Esquadra.<\/li>\n<\/ul>\n<p style=\"text-align: justify;\">Finalment volem agrair i felicitar al Consell Comarcal de la Cerdanya per l&#8217;organitzaci\u00f3 d&#8217;aquesta iniciativa i, especialment, a l\u2019\u00c0rea de Benestar i Acci\u00f3 Social, Igualtat, Joventut i Gent Gran, ja que amb aquesta primera edici\u00f3 de PROJECTA\u2019T CERDANYA, reafirmen el seu comprom\u00eds amb el jovent de la comarca, facilitant-los acc\u00e9s a informaci\u00f3 clau per al seu futur acad\u00e8mic i professional.<\/p>\n<p><img loading=\"lazy\" decoding=\"async\" class=\"aligncenter wp-image-10924\" src=\"https:\/\/serveiseducatius.xtec.cat\/cerdanya\/wp-content\/uploads\/usu1166\/2025\/03\/Projectat-1024x576.jpg\" alt=\"\" width=\"750\" height=\"422\" srcset=\"https:\/\/serveiseducatius.xtec.cat\/cerdanya\/wp-content\/uploads\/usu1166\/2025\/03\/Projectat-1024x576.jpg 1024w, https:\/\/serveiseducatius.xtec.cat\/cerdanya\/wp-content\/uploads\/usu1166\/2025\/03\/Projectat-300x169.jpg 300w, https:\/\/serveiseducatius.xtec.cat\/cerdanya\/wp-content\/uploads\/usu1166\/2025\/03\/Projectat-768x432.jpg 768w, https:\/\/serveiseducatius.xtec.cat\/cerdanya\/wp-content\/uploads\/usu1166\/2025\/03\/Projectat-1536x864.jpg 1536w, https:\/\/serveiseducatius.xtec.cat\/cerdanya\/wp-content\/uploads\/usu1166\/2025\/03\/Projectat-2048x1152.jpg 2048w\" sizes=\"auto, (max-width: 750px) 100vw, 750px\" \/><\/p>\n","protected":false},"excerpt":{"rendered":"<p>Avui dimarts\u00a018 de mar\u00e7 de 2025, el Palau de Congressos i Esports d\u2019Alp est\u00e0 acollint la 1a edici\u00f3 de PROJECTA\u2019T CERDANYA \u2013 Fira de Formaci\u00f3 i Orientaci\u00f3 Laboral, una iniciativa de l\u2019\u00c0rea de Benestar i Acci\u00f3 Social, Igualtat, Joventut i Gent Gran del Consell Comarcal de la Cerdanya. Aquesta fira ha vist la llum amb [&hellip;]<\/p>\n","protected":false},"author":1,"featured_media":10924,"comment_status":"open","ping_status":"closed","sticky":false,"template":"","format":"standard","meta":{"_bbp_topic_count":0,"_bbp_reply_count":0,"_bbp_total_topic_count":0,"_bbp_total_reply_count":0,"_bbp_voice_count":0,"_bbp_anonymous_reply_count":0,"_bbp_topic_count_hidden":0,"_bbp_reply_count_hidden":0,"_bbp_forum_subforum_count":0,"site-sidebar-layout":"default","site-content-layout":"","ast-site-content-layout":"","site-content-style":"default","site-sidebar-style":"default","ast-global-header-display":"","ast-banner-title-visibility":"","ast-main-header-display":"","ast-hfb-above-header-display":"","ast-hfb-below-header-display":"","ast-hfb-mobile-header-display":"","site-post-title":"","ast-breadcrumbs-content":"","ast-featured-img":"","footer-sml-layout":"","theme-transparent-header-meta":"","adv-header-id-meta":"","stick-header-meta":"","header-above-stick-meta":"","header-main-stick-meta":"","header-below-stick-meta":"","astra-migrate-meta-layouts":"default","ast-page-background-enabled":"default","ast-page-background-meta":{"desktop":{"background-color":"var(--ast-global-color-4)","background-image":"","background-repeat":"repeat","background-position":"center center","background-size":"auto","background-attachment":"scroll","background-type":"","background-media":"","overlay-type":"","overlay-color":"","overlay-opacity":"","overlay-gradient":""},"tablet":{"background-color":"","background-image":"","background-repeat":"repeat","background-position":"center center","background-size":"auto","background-attachment":"scroll","background-type":"","background-media":"","overlay-type":"","overlay-color":"","overlay-opacity":"","overlay-gradient":""},"mobile":{"background-color":"","background-image":"","background-repeat":"repeat","background-position":"center center","background-size":"auto","background-attachment":"scroll","background-type":"","background-media":"","overlay-type":"","overlay-color":"","overlay-opacity":"","overlay-gradient":""}},"ast-content-background-meta":{"desktop":{"background-color":"var(--ast-global-color-5)","background-image":"","background-repeat":"repeat","background-position":"center center","background-size":"auto","background-attachment":"scroll","background-type":"","background-media":"","overlay-type":"","overlay-color":"","overlay-opacity":"","overlay-gradient":""},"tablet":{"background-color":"var(--ast-global-color-5)","background-image":"","background-repeat":"repeat","background-position":"center center","background-size":"auto","background-attachment":"scroll","background-type":"","background-media":"","overlay-type":"","overlay-color":"","overlay-opacity":"","overlay-gradient":""},"mobile":{"background-color":"var(--ast-global-color-5)","background-image":"","background-repeat":"repeat","background-position":"center center","background-size":"auto","background-attachment":"scroll","background-type":"","background-media":"","overlay-type":"","overlay-color":"","overlay-opacity":"","overlay-gradient":""}},"footnotes":""},"categories":[154,1,29],"tags":[],"class_list":["post-10923","post","type-post","status-publish","format-standard","has-post-thumbnail","hentry","category-formacio","category-general","category-portada"],"post_mailing_queue_ids":[],"_links":{"self":[{"href":"https:\/\/serveiseducatius.xtec.cat\/cerdanya\/wp-json\/wp\/v2\/posts\/10923","targetHints":{"allow":["GET"]}}],"collection":[{"href":"https:\/\/serveiseducatius.xtec.cat\/cerdanya\/wp-json\/wp\/v2\/posts"}],"about":[{"href":"https:\/\/serveiseducatius.xtec.cat\/cerdanya\/wp-json\/wp\/v2\/types\/post"}],"author":[{"embeddable":true,"href":"https:\/\/serveiseducatius.xtec.cat\/cerdanya\/wp-json\/wp\/v2\/users\/1"}],"replies":[{"embeddable":true,"href":"https:\/\/serveiseducatius.xtec.cat\/cerdanya\/wp-json\/wp\/v2\/comments?post=10923"}],"version-history":[{"count":1,"href":"https:\/\/serveiseducatius.xtec.cat\/cerdanya\/wp-json\/wp\/v2\/posts\/10923\/revisions"}],"predecessor-version":[{"id":10925,"href":"https:\/\/serveiseducatius.xtec.cat\/cerdanya\/wp-json\/wp\/v2\/posts\/10923\/revisions\/10925"}],"wp:featuredmedia":[{"embeddable":true,"href":"https:\/\/serveiseducatius.xtec.cat\/cerdanya\/wp-json\/wp\/v2\/media\/10924"}],"wp:attachment":[{"href":"https:\/\/serveiseducatius.xtec.cat\/cerdanya\/wp-json\/wp\/v2\/media?parent=10923"}],"wp:term":[{"taxonomy":"category","embeddable":true,"href":"https:\/\/serveiseducatius.xtec.cat\/cerdanya\/wp-json\/wp\/v2\/categories?post=10923"},{"taxonomy":"post_tag","embeddable":true,"href":"https:\/\/serveiseducatius.xtec.cat\/cerdanya\/wp-json\/wp\/v2\/tags?post=10923"}],"curies":[{"name":"wp","href":"https:\/\/api.w.org\/{rel}","templated":true}]}}