{"id":10910,"date":"2025-03-12T10:00:55","date_gmt":"2025-03-12T09:00:55","guid":{"rendered":"https:\/\/serveiseducatius.xtec.cat\/cerdanya\/?p=10910"},"modified":"2025-03-12T10:03:14","modified_gmt":"2025-03-12T09:03:14","slug":"fira-la-carrulla-la-fira-de-la-petita-infancia-de-lalt-pirineu-i-aran","status":"publish","type":"post","link":"https:\/\/serveiseducatius.xtec.cat\/cerdanya\/general\/fira-la-carrulla-la-fira-de-la-petita-infancia-de-lalt-pirineu-i-aran\/","title":{"rendered":"Fira La Carrulla, la fira de la petita inf\u00e0ncia de l&#8217;Alt Pirineu i Aran"},"content":{"rendered":"<p>La <a href=\"https:\/\/www.carrulla.cat\/\">Fira Carrulla<\/a> \u00e9s la fira itinerant de la petita inf\u00e0ncia de l&#8217;Alt Pirineu i Aran. La Fira \u00e9s un esdeveniment sense \u00e0nim de lucre que pret\u00e9n visibilitzar i recon\u00e8ixer la petita inf\u00e0ncia de 0 &#8211; 6 anys oferint diferents activitats l\u00fadiques, formatives i informatives a fam\u00edlies, infants, docents i persones interessades en el sector de l&#8217;educaci\u00f3 de 0-6.<\/p>\n<p>Durant la fira tindran lloc pon\u00e8ncies entorn de l&#8217;educaci\u00f3 0-6 a c\u00e0rrec de Joan Tur\u00fa (<a href=\"https:\/\/www.joanturu.cat\/\">https:\/\/www.joanturu.cat\/<\/a>), Jenny Silvente (<a href=\"https:\/\/verpensarsentir.com\/\">https:\/\/verpensarsentir.com\/<\/a>) i Laia Domingo (<a href=\"https:\/\/www.instagram.com\/canviantmirades\/\">@canviantmirades<\/a>). Tamb\u00e9 hi haur\u00e0 una taula rodona de debat pedag\u00f2gic.<br \/>\nParal\u00b7lelament, s&#8217;ofereixen espais educatius, tallers per a infants, fireta de productes de proximitat i un espectacle final.<\/p>\n<p>A m\u00e9s a m\u00e9s, hi haur\u00e0 un espai destinat a compartir experi\u00e8ncies educatives 0-6 anys de totes les escoles i llars d&#8217;infants del territori. En aquest sentit, us convidem a participar en l&#8217;intercanvi d&#8217;experi\u00e8ncies. La participaci\u00f3 \u00e9s molt senzilla, cal que empleneu aquest <a href=\"https:\/\/forms.gle\/mx4c2WbjJTUMuStC8\">formulari<\/a> i nosaltres crearem els cartells amb la informaci\u00f3 que ens proporcioneu sobre una de les bones pr\u00e0ctiques que ja es porten a terme al vostre centre. Els centres que comparteixin una experi\u00e8ncia educativa obtindran un reconeixement en material pedag\u00f2gic a escollir. Us animem a participar-hi!<\/p>\n<p>Hi ha temps fins al 25 d&#8217;abril per presentar les experi\u00e8ncies.<\/p>\n<p>\ud83d\udcccPels docents es certifica l&#8217;assist\u00e8ncia a les pon\u00e8ncies i a la taula rodona, cal inscriure&#8217;s a: <a href=\"https:\/\/aplicacions.gestioeducativa.gencat.cat\/ords\/pls\/soloas\/pk_for_mod_ins.p_for_cons_activitats?p_any=2024-2025&amp;p_codi=6010581601&amp;p_totes=S\">6010581601 III Fira de la Petita Inf\u00e0ncia: La Carrulla<\/a><\/p>\n<p>Esperem comptar amb la vostra pres\u00e8ncia i participaci\u00f3, tant si veniu com a mestres assistents o com a participants presentant alguna experi\u00e8ncia.<\/p>\n","protected":false},"excerpt":{"rendered":"<p>La Fira Carrulla \u00e9s la fira itinerant de la petita inf\u00e0ncia de l&#8217;Alt Pirineu i Aran. La Fira \u00e9s un esdeveniment sense \u00e0nim de lucre que pret\u00e9n visibilitzar i recon\u00e8ixer la petita inf\u00e0ncia de 0 &#8211; 6 anys oferint diferents activitats l\u00fadiques, formatives i informatives a fam\u00edlies, infants, docents i persones interessades en el sector [&hellip;]<\/p>\n","protected":false},"author":1,"featured_media":10911,"comment_status":"open","ping_status":"closed","sticky":false,"template":"","format":"standard","meta":{"_bbp_topic_count":0,"_bbp_reply_count":0,"_bbp_total_topic_count":0,"_bbp_total_reply_count":0,"_bbp_voice_count":0,"_bbp_anonymous_reply_count":0,"_bbp_topic_count_hidden":0,"_bbp_reply_count_hidden":0,"_bbp_forum_subforum_count":0,"site-sidebar-layout":"default","site-content-layout":"","ast-site-content-layout":"","site-content-style":"default","site-sidebar-style":"default","ast-global-header-display":"","ast-banner-title-visibility":"","ast-main-header-display":"","ast-hfb-above-header-display":"","ast-hfb-below-header-display":"","ast-hfb-mobile-header-display":"","site-post-title":"","ast-breadcrumbs-content":"","ast-featured-img":"","footer-sml-layout":"","theme-transparent-header-meta":"","adv-header-id-meta":"","stick-header-meta":"","header-above-stick-meta":"","header-main-stick-meta":"","header-below-stick-meta":"","astra-migrate-meta-layouts":"default","ast-page-background-enabled":"default","ast-page-background-meta":{"desktop":{"background-color":"var(--ast-global-color-4)","background-image":"","background-repeat":"repeat","background-position":"center center","background-size":"auto","background-attachment":"scroll","background-type":"","background-media":"","overlay-type":"","overlay-color":"","overlay-opacity":"","overlay-gradient":""},"tablet":{"background-color":"","background-image":"","background-repeat":"repeat","background-position":"center center","background-size":"auto","background-attachment":"scroll","background-type":"","background-media":"","overlay-type":"","overlay-color":"","overlay-opacity":"","overlay-gradient":""},"mobile":{"background-color":"","background-image":"","background-repeat":"repeat","background-position":"center center","background-size":"auto","background-attachment":"scroll","background-type":"","background-media":"","overlay-type":"","overlay-color":"","overlay-opacity":"","overlay-gradient":""}},"ast-content-background-meta":{"desktop":{"background-color":"var(--ast-global-color-5)","background-image":"","background-repeat":"repeat","background-position":"center center","background-size":"auto","background-attachment":"scroll","background-type":"","background-media":"","overlay-type":"","overlay-color":"","overlay-opacity":"","overlay-gradient":""},"tablet":{"background-color":"var(--ast-global-color-5)","background-image":"","background-repeat":"repeat","background-position":"center center","background-size":"auto","background-attachment":"scroll","background-type":"","background-media":"","overlay-type":"","overlay-color":"","overlay-opacity":"","overlay-gradient":""},"mobile":{"background-color":"var(--ast-global-color-5)","background-image":"","background-repeat":"repeat","background-position":"center center","background-size":"auto","background-attachment":"scroll","background-type":"","background-media":"","overlay-type":"","overlay-color":"","overlay-opacity":"","overlay-gradient":""}},"footnotes":""},"categories":[65,1,29],"tags":[],"class_list":["post-10910","post","type-post","status-publish","format-standard","has-post-thumbnail","hentry","category-crp","category-general","category-portada"],"post_mailing_queue_ids":[],"_links":{"self":[{"href":"https:\/\/serveiseducatius.xtec.cat\/cerdanya\/wp-json\/wp\/v2\/posts\/10910","targetHints":{"allow":["GET"]}}],"collection":[{"href":"https:\/\/serveiseducatius.xtec.cat\/cerdanya\/wp-json\/wp\/v2\/posts"}],"about":[{"href":"https:\/\/serveiseducatius.xtec.cat\/cerdanya\/wp-json\/wp\/v2\/types\/post"}],"author":[{"embeddable":true,"href":"https:\/\/serveiseducatius.xtec.cat\/cerdanya\/wp-json\/wp\/v2\/users\/1"}],"replies":[{"embeddable":true,"href":"https:\/\/serveiseducatius.xtec.cat\/cerdanya\/wp-json\/wp\/v2\/comments?post=10910"}],"version-history":[{"count":2,"href":"https:\/\/serveiseducatius.xtec.cat\/cerdanya\/wp-json\/wp\/v2\/posts\/10910\/revisions"}],"predecessor-version":[{"id":10913,"href":"https:\/\/serveiseducatius.xtec.cat\/cerdanya\/wp-json\/wp\/v2\/posts\/10910\/revisions\/10913"}],"wp:featuredmedia":[{"embeddable":true,"href":"https:\/\/serveiseducatius.xtec.cat\/cerdanya\/wp-json\/wp\/v2\/media\/10911"}],"wp:attachment":[{"href":"https:\/\/serveiseducatius.xtec.cat\/cerdanya\/wp-json\/wp\/v2\/media?parent=10910"}],"wp:term":[{"taxonomy":"category","embeddable":true,"href":"https:\/\/serveiseducatius.xtec.cat\/cerdanya\/wp-json\/wp\/v2\/categories?post=10910"},{"taxonomy":"post_tag","embeddable":true,"href":"https:\/\/serveiseducatius.xtec.cat\/cerdanya\/wp-json\/wp\/v2\/tags?post=10910"}],"curies":[{"name":"wp","href":"https:\/\/api.w.org\/{rel}","templated":true}]}}