{"id":10903,"date":"2025-03-10T13:50:23","date_gmt":"2025-03-10T12:50:23","guid":{"rendered":"https:\/\/serveiseducatius.xtec.cat\/cerdanya\/?p=10903"},"modified":"2025-03-10T13:50:55","modified_gmt":"2025-03-10T12:50:55","slug":"jornada-changing-education-together-al-mwc25","status":"publish","type":"post","link":"https:\/\/serveiseducatius.xtec.cat\/cerdanya\/general\/jornada-changing-education-together-al-mwc25\/","title":{"rendered":"Jornada &#8220;Changing Education Together&#8221; al MWC25."},"content":{"rendered":"<p style=\"text-align: justify;\">El passat dijous, dins dels actes del Mobile World Congres 2025, vam tenir el privilegi d&#8217;assistir a la jornada &#8220;Changing Education Together&#8221; organitzada per mSchools i centrada en el tema &#8220;Tecnologia i Educaci\u00f3 al Servei de les Persones&#8221;.<\/p>\n<p style=\"text-align: justify;\" data-start=\"273\" data-end=\"502\">La jornada ha comen\u00e7at amb una presentaci\u00f3 sobre el paper de mSchools com a plataforma que connecta tecnologia, societat i educaci\u00f3, destacant la seva contribuci\u00f3 a una educaci\u00f3 m\u00e9s inclusiva i adaptada a les necessitats actuals.<\/p>\n<p style=\"text-align: justify;\" data-start=\"504\" data-end=\"800\">A continuaci\u00f3, Liliana Arroyo i Gen\u00eds Roca han reflexionat sobre la import\u00e0ncia de centrar l&#8217;educaci\u00f3 digital en les persones, subratllant valors com l&#8217;\u00e8tica, el pensament cr\u00edtic i l&#8217;humanisme per garantir que l&#8217;educaci\u00f3 respongui a les necessitats de la societat i fomenti ciutadans compromesos.<\/p>\n<p style=\"text-align: justify;\" data-start=\"802\" data-end=\"1183\">Posteriorment, Francesc Fajula i la Dra. Rosa Bosch han presentat el mSchools Lab, destacant com aquesta iniciativa aborda els reptes educatius mitjan\u00e7ant solucions innovadores, incloent-hi projectes per millorar la motivaci\u00f3 i la personalitzaci\u00f3 de l&#8217;aprenentatge, aix\u00ed com nous reptes centrats en la detecci\u00f3 preco\u00e7 de dificultats d&#8217;aprenentatge i l&#8217;acompanyament socioemocional.<\/p>\n<p style=\"text-align: justify;\" data-start=\"1185\" data-end=\"1449\">La sessi\u00f3 ha continuat amb una taula rodona amb Coral Reg\u00ed, N\u00faria Sabat\u00e9 i Laura Serrats, tres directores d&#8217;escoles que han compartit les seves experi\u00e8ncies liderant el canvi des dels centres educatius i adaptant-los a les necessitats canviants del context actual.<\/p>\n<p style=\"text-align: justify;\" data-start=\"1451\" data-end=\"1705\">Finalment, la jornada ha concl\u00f2s amb una crida a la comunitat educativa per treballar conjuntament en la construcci\u00f3 d&#8217;una educaci\u00f3 m\u00e9s inclusiva i connectada, on la tecnologia serveixi per enfortir la pr\u00e0ctica pedag\u00f2gica i les oportunitats per a tothom.<\/p>\n<p data-start=\"1451\" data-end=\"1705\"><img loading=\"lazy\" decoding=\"async\" class=\"wp-image-10904 aligncenter\" src=\"https:\/\/serveiseducatius.xtec.cat\/cerdanya\/wp-content\/uploads\/usu1166\/2025\/03\/IMG_6911-1024x576.jpg\" alt=\"\" width=\"750\" height=\"422\" srcset=\"https:\/\/serveiseducatius.xtec.cat\/cerdanya\/wp-content\/uploads\/usu1166\/2025\/03\/IMG_6911-1024x576.jpg 1024w, https:\/\/serveiseducatius.xtec.cat\/cerdanya\/wp-content\/uploads\/usu1166\/2025\/03\/IMG_6911-300x169.jpg 300w, https:\/\/serveiseducatius.xtec.cat\/cerdanya\/wp-content\/uploads\/usu1166\/2025\/03\/IMG_6911-768x432.jpg 768w, https:\/\/serveiseducatius.xtec.cat\/cerdanya\/wp-content\/uploads\/usu1166\/2025\/03\/IMG_6911-1536x864.jpg 1536w, https:\/\/serveiseducatius.xtec.cat\/cerdanya\/wp-content\/uploads\/usu1166\/2025\/03\/IMG_6911-2048x1152.jpg 2048w\" sizes=\"auto, (max-width: 750px) 100vw, 750px\" \/><\/p>\n","protected":false},"excerpt":{"rendered":"<p>El passat dijous, dins dels actes del Mobile World Congres 2025, vam tenir el privilegi d&#8217;assistir a la jornada &#8220;Changing Education Together&#8221; organitzada per mSchools i centrada en el tema &#8220;Tecnologia i Educaci\u00f3 al Servei de les Persones&#8221;. La jornada ha comen\u00e7at amb una presentaci\u00f3 sobre el paper de mSchools com a plataforma que connecta [&hellip;]<\/p>\n","protected":false},"author":1,"featured_media":10904,"comment_status":"open","ping_status":"closed","sticky":false,"template":"","format":"standard","meta":{"_bbp_topic_count":0,"_bbp_reply_count":0,"_bbp_total_topic_count":0,"_bbp_total_reply_count":0,"_bbp_voice_count":0,"_bbp_anonymous_reply_count":0,"_bbp_topic_count_hidden":0,"_bbp_reply_count_hidden":0,"_bbp_forum_subforum_count":0,"site-sidebar-layout":"default","site-content-layout":"","ast-site-content-layout":"","site-content-style":"default","site-sidebar-style":"default","ast-global-header-display":"","ast-banner-title-visibility":"","ast-main-header-display":"","ast-hfb-above-header-display":"","ast-hfb-below-header-display":"","ast-hfb-mobile-header-display":"","site-post-title":"","ast-breadcrumbs-content":"","ast-featured-img":"","footer-sml-layout":"","theme-transparent-header-meta":"","adv-header-id-meta":"","stick-header-meta":"","header-above-stick-meta":"","header-main-stick-meta":"","header-below-stick-meta":"","astra-migrate-meta-layouts":"default","ast-page-background-enabled":"default","ast-page-background-meta":{"desktop":{"background-color":"var(--ast-global-color-4)","background-image":"","background-repeat":"repeat","background-position":"center center","background-size":"auto","background-attachment":"scroll","background-type":"","background-media":"","overlay-type":"","overlay-color":"","overlay-opacity":"","overlay-gradient":""},"tablet":{"background-color":"","background-image":"","background-repeat":"repeat","background-position":"center center","background-size":"auto","background-attachment":"scroll","background-type":"","background-media":"","overlay-type":"","overlay-color":"","overlay-opacity":"","overlay-gradient":""},"mobile":{"background-color":"","background-image":"","background-repeat":"repeat","background-position":"center center","background-size":"auto","background-attachment":"scroll","background-type":"","background-media":"","overlay-type":"","overlay-color":"","overlay-opacity":"","overlay-gradient":""}},"ast-content-background-meta":{"desktop":{"background-color":"var(--ast-global-color-5)","background-image":"","background-repeat":"repeat","background-position":"center center","background-size":"auto","background-attachment":"scroll","background-type":"","background-media":"","overlay-type":"","overlay-color":"","overlay-opacity":"","overlay-gradient":""},"tablet":{"background-color":"var(--ast-global-color-5)","background-image":"","background-repeat":"repeat","background-position":"center center","background-size":"auto","background-attachment":"scroll","background-type":"","background-media":"","overlay-type":"","overlay-color":"","overlay-opacity":"","overlay-gradient":""},"mobile":{"background-color":"var(--ast-global-color-5)","background-image":"","background-repeat":"repeat","background-position":"center center","background-size":"auto","background-attachment":"scroll","background-type":"","background-media":"","overlay-type":"","overlay-color":"","overlay-opacity":"","overlay-gradient":""}},"footnotes":""},"categories":[1,29,78,300],"tags":[],"class_list":["post-10903","post","type-post","status-publish","format-standard","has-post-thumbnail","hentry","category-general","category-portada","category-tac","category-xtcd"],"post_mailing_queue_ids":[],"_links":{"self":[{"href":"https:\/\/serveiseducatius.xtec.cat\/cerdanya\/wp-json\/wp\/v2\/posts\/10903","targetHints":{"allow":["GET"]}}],"collection":[{"href":"https:\/\/serveiseducatius.xtec.cat\/cerdanya\/wp-json\/wp\/v2\/posts"}],"about":[{"href":"https:\/\/serveiseducatius.xtec.cat\/cerdanya\/wp-json\/wp\/v2\/types\/post"}],"author":[{"embeddable":true,"href":"https:\/\/serveiseducatius.xtec.cat\/cerdanya\/wp-json\/wp\/v2\/users\/1"}],"replies":[{"embeddable":true,"href":"https:\/\/serveiseducatius.xtec.cat\/cerdanya\/wp-json\/wp\/v2\/comments?post=10903"}],"version-history":[{"count":3,"href":"https:\/\/serveiseducatius.xtec.cat\/cerdanya\/wp-json\/wp\/v2\/posts\/10903\/revisions"}],"predecessor-version":[{"id":10907,"href":"https:\/\/serveiseducatius.xtec.cat\/cerdanya\/wp-json\/wp\/v2\/posts\/10903\/revisions\/10907"}],"wp:featuredmedia":[{"embeddable":true,"href":"https:\/\/serveiseducatius.xtec.cat\/cerdanya\/wp-json\/wp\/v2\/media\/10904"}],"wp:attachment":[{"href":"https:\/\/serveiseducatius.xtec.cat\/cerdanya\/wp-json\/wp\/v2\/media?parent=10903"}],"wp:term":[{"taxonomy":"category","embeddable":true,"href":"https:\/\/serveiseducatius.xtec.cat\/cerdanya\/wp-json\/wp\/v2\/categories?post=10903"},{"taxonomy":"post_tag","embeddable":true,"href":"https:\/\/serveiseducatius.xtec.cat\/cerdanya\/wp-json\/wp\/v2\/tags?post=10903"}],"curies":[{"name":"wp","href":"https:\/\/api.w.org\/{rel}","templated":true}]}}