{"id":10852,"date":"2025-02-03T14:22:27","date_gmt":"2025-02-03T13:22:27","guid":{"rendered":"https:\/\/serveiseducatius.xtec.cat\/cerdanya\/?p=10852"},"modified":"2025-02-05T10:04:11","modified_gmt":"2025-02-05T09:04:11","slug":"taller-actuacions-des-dels-centres-educatius-de-deteccio-prevencio-i-intervencio-en-relacio-a-les-situacions-dabus-i-violencies-sexuals","status":"publish","type":"post","link":"https:\/\/serveiseducatius.xtec.cat\/cerdanya\/general\/taller-actuacions-des-dels-centres-educatius-de-deteccio-prevencio-i-intervencio-en-relacio-a-les-situacions-dabus-i-violencies-sexuals\/","title":{"rendered":"CANVI DE DATA!! Taller: Actuacions des dels centres educatius de detecci\u00f3, prevenci\u00f3 i intervenci\u00f3 en relaci\u00f3 a les situacions d\u2019ab\u00fas i viol\u00e8ncies sexuals"},"content":{"rendered":"<p>Des de l&#8217;USAV s&#8217;ofereix un taller formatiu per als centres de la comarca per treballar en la detecci\u00f3, prevenci\u00f3 i intervenci\u00f3 de les situacions d&#8217;ab\u00fas i viol\u00e8ncies sexuals.<\/p>\n<p>\u00c9s un taller internivell adre\u00e7at a COCOBES, Orientadores pedag\u00f2giques, professionals de l&#8217;\u00e0mbit educatiu sensibles amb la tem\u00e0tica que formin part d&#8217;escoles de titularitat de la Generalitat de Catalunya ( llar d&#8217;infants, CFA, escoles de m\u00fasica) amb una durada de 5h en dues sessions.<\/p>\n<p>1a sessi\u00f3 presencial el dia <strong><span style=\"color: #ff0000;\">5 DE MAIG<\/span> de 17.30h a 20.30h al CRP de La Cerdanya.<\/strong><br \/>\n2a sessi\u00f3 telem\u00e0tica el dia<strong><span style=\"color: #ff0000;\"> 8 DE MAIG<\/span> de les 17.30h a les 18.30h<\/strong><\/p>\n<p>El taller l&#8217;imparteix la Marta Montagut treballadora social de Barnahus i referent de viol\u00e8ncies del ST APA.<\/p>\n<p>En la sessi\u00f3 presencial, a trav\u00e9s de la pr\u00e0ctica de casos, ens aproparem als protocols i als circuits d&#8217;intervenci\u00f3 davant de les diferents situacions d&#8217;ab\u00fas i viol\u00e8ncia sexual que es poden detectar als centres educatius. Ens plantejarem com actuar davant d\u2019una revelaci\u00f3, com acompanyar i fer suport.<\/p>\n<p>En la sessi\u00f3 online crearem un espai de reflexi\u00f3 per apropar-nos al posicionament del centre educatiu davant de les situacions d&#8217;ab\u00fas i viol\u00e8ncies sexuals a trav\u00e9s del seu pla de conviv\u00e8ncia.<\/p>\n<p>Afavorirem la construcci\u00f3 de marcs d&#8217;actuaci\u00f3 comuns i coordinats en el servei territorial.<\/p>\n<p>Objectius:<\/p>\n<p>&#8211; Capacitar i reflexionar per a la identificaci\u00f3, detecci\u00f3 , prevenci\u00f3 i abordatge des de l\u2019\u00e0mbit educatiu enfront de casos d\u2019ab\u00fas i de viol\u00e8ncia sexual.<br \/>\n&#8211; Situar-nos en el marc legal sobre les viol\u00e8ncies a la inf\u00e0ncia i adolesc\u00e8ncia per tal de comprendre el deure d\u2019intervenci\u00f3.<br \/>\n&#8211; Identificar les formes i tipus de viol\u00e8ncia que pugui patir l\u2019alumnat.<br \/>\n&#8211; Con\u00e8ixer els protocols i procediments a seguir des del centre educatiu, aix\u00ed com la xarxa de recursos disponibles.<br \/>\n&#8211; Elaborar estrat\u00e8gies de prevenci\u00f3 i abordatge.<br \/>\n&#8211; Reflexionar en el nostre rol professional i posicionament del centre educatiu.<\/p>\n<p>Continguts de la formaci\u00f3:<\/p>\n<p>1. Marc normatiu<br \/>\n\u2013 Lleis que afecten inf\u00e0ncia i adolesc\u00e8ncia en temes de viol\u00e8ncia.<br \/>\n\u2013 Drets i deures d\u2019intervenci\u00f3.<br \/>\n2. Conceptualitzaci\u00f3 de les viol\u00e8ncies sexual l\u2019\u00e0mbit educatiu.<br \/>\n\u2013 Tipus i formes de viol\u00e8ncies. PLA LELV<br \/>\n\u2013 La mirada interseccional<br \/>\n\u2013 Victimitzaci\u00f3 secund\u00e0ria<br \/>\n3. Viol\u00e8ncies sexuals.<br \/>\n\u2013 Detecci\u00f3 i revelaci\u00f3<br \/>\n\u2013 Principis bona intervenci\u00f3<br \/>\n\u2013 Acompanyament<br \/>\n4. Protocols d\u2019actuaci\u00f3 i REVA.<br \/>\n5. Estrat\u00e8gia Barnahus.<br \/>\n6. Posicionament del Centre educatiu i rol dels professionals. Pla de<br \/>\nconviv\u00e8ncia.<br \/>\n7. Eines i recursos<\/p>\n<h4><span class=\"gmail_default\"><span style=\"font-size: large;\"><a href=\"https:\/\/aplicacions.gestioeducativa.gencat.cat\/ords\/pls\/soloas\/pk_for_mod_ins.p_for_detall_activitat?p_header=Llista%20d%27activitats%5Epk_for_mod_ins.p_for_cons_activitats?p_crp=503%26p_any=2024-2025%26p_totes=N%26p_inici=1%26p_excloure_crp_rec=T&amp;p_codi=5030631503&amp;p_curs=2024-2025&amp;p_excloure_crp_rec=T\" target=\"_blank\" rel=\"noopener\" data-saferedirecturl=\"https:\/\/www.google.com\/url?q=https:\/\/aplicacions.gestioeducativa.gencat.cat\/ords\/pls\/soloas\/pk_for_mod_ins.p_for_detall_activitat?p_header%3DLlista%2520d%2527activitats%255Epk_for_mod_ins.p_for_cons_activitats?p_crp%3D503%2526p_any%3D2024-2025%2526p_totes%3DN%2526p_inici%3D1%2526p_excloure_crp_rec%3DT%26p_codi%3D5030631503%26p_curs%3D2024-2025%26p_excloure_crp_rec%3DT&amp;source=gmail&amp;ust=1738670727188000&amp;usg=AOvVaw1jZt76A66uCT-Wz4nE-8vh\">INSCRIPCI\u00d3<\/a>\u00a0(<\/span><\/span><span style=\"font-size: large;\">5030631503<span class=\"gmail_default\">)<\/span><\/span><\/h4>\n","protected":false},"excerpt":{"rendered":"<p>Des de l&#8217;USAV s&#8217;ofereix un taller formatiu per als centres de la comarca per treballar en la detecci\u00f3, prevenci\u00f3 i intervenci\u00f3 de les situacions d&#8217;ab\u00fas i viol\u00e8ncies sexuals. \u00c9s un taller internivell adre\u00e7at a COCOBES, Orientadores pedag\u00f2giques, professionals de l&#8217;\u00e0mbit educatiu sensibles amb la tem\u00e0tica que formin part d&#8217;escoles de titularitat de la Generalitat de [&hellip;]<\/p>\n","protected":false},"author":1,"featured_media":10856,"comment_status":"open","ping_status":"closed","sticky":false,"template":"","format":"standard","meta":{"_bbp_topic_count":0,"_bbp_reply_count":0,"_bbp_total_topic_count":0,"_bbp_total_reply_count":0,"_bbp_voice_count":0,"_bbp_anonymous_reply_count":0,"_bbp_topic_count_hidden":0,"_bbp_reply_count_hidden":0,"_bbp_forum_subforum_count":0,"site-sidebar-layout":"default","site-content-layout":"","ast-site-content-layout":"","site-content-style":"default","site-sidebar-style":"default","ast-global-header-display":"","ast-banner-title-visibility":"","ast-main-header-display":"","ast-hfb-above-header-display":"","ast-hfb-below-header-display":"","ast-hfb-mobile-header-display":"","site-post-title":"","ast-breadcrumbs-content":"","ast-featured-img":"","footer-sml-layout":"","theme-transparent-header-meta":"","adv-header-id-meta":"","stick-header-meta":"","header-above-stick-meta":"","header-main-stick-meta":"","header-below-stick-meta":"","astra-migrate-meta-layouts":"default","ast-page-background-enabled":"default","ast-page-background-meta":{"desktop":{"background-color":"var(--ast-global-color-4)","background-image":"","background-repeat":"repeat","background-position":"center center","background-size":"auto","background-attachment":"scroll","background-type":"","background-media":"","overlay-type":"","overlay-color":"","overlay-opacity":"","overlay-gradient":""},"tablet":{"background-color":"","background-image":"","background-repeat":"repeat","background-position":"center center","background-size":"auto","background-attachment":"scroll","background-type":"","background-media":"","overlay-type":"","overlay-color":"","overlay-opacity":"","overlay-gradient":""},"mobile":{"background-color":"","background-image":"","background-repeat":"repeat","background-position":"center center","background-size":"auto","background-attachment":"scroll","background-type":"","background-media":"","overlay-type":"","overlay-color":"","overlay-opacity":"","overlay-gradient":""}},"ast-content-background-meta":{"desktop":{"background-color":"var(--ast-global-color-5)","background-image":"","background-repeat":"repeat","background-position":"center center","background-size":"auto","background-attachment":"scroll","background-type":"","background-media":"","overlay-type":"","overlay-color":"","overlay-opacity":"","overlay-gradient":""},"tablet":{"background-color":"var(--ast-global-color-5)","background-image":"","background-repeat":"repeat","background-position":"center center","background-size":"auto","background-attachment":"scroll","background-type":"","background-media":"","overlay-type":"","overlay-color":"","overlay-opacity":"","overlay-gradient":""},"mobile":{"background-color":"var(--ast-global-color-5)","background-image":"","background-repeat":"repeat","background-position":"center center","background-size":"auto","background-attachment":"scroll","background-type":"","background-media":"","overlay-type":"","overlay-color":"","overlay-opacity":"","overlay-gradient":""}},"footnotes":""},"categories":[65,67,154,1,29],"tags":[],"class_list":["post-10852","post","type-post","status-publish","format-standard","has-post-thumbnail","hentry","category-crp","category-eap","category-formacio","category-general","category-portada"],"post_mailing_queue_ids":[],"_links":{"self":[{"href":"https:\/\/serveiseducatius.xtec.cat\/cerdanya\/wp-json\/wp\/v2\/posts\/10852","targetHints":{"allow":["GET"]}}],"collection":[{"href":"https:\/\/serveiseducatius.xtec.cat\/cerdanya\/wp-json\/wp\/v2\/posts"}],"about":[{"href":"https:\/\/serveiseducatius.xtec.cat\/cerdanya\/wp-json\/wp\/v2\/types\/post"}],"author":[{"embeddable":true,"href":"https:\/\/serveiseducatius.xtec.cat\/cerdanya\/wp-json\/wp\/v2\/users\/1"}],"replies":[{"embeddable":true,"href":"https:\/\/serveiseducatius.xtec.cat\/cerdanya\/wp-json\/wp\/v2\/comments?post=10852"}],"version-history":[{"count":2,"href":"https:\/\/serveiseducatius.xtec.cat\/cerdanya\/wp-json\/wp\/v2\/posts\/10852\/revisions"}],"predecessor-version":[{"id":10857,"href":"https:\/\/serveiseducatius.xtec.cat\/cerdanya\/wp-json\/wp\/v2\/posts\/10852\/revisions\/10857"}],"wp:featuredmedia":[{"embeddable":true,"href":"https:\/\/serveiseducatius.xtec.cat\/cerdanya\/wp-json\/wp\/v2\/media\/10856"}],"wp:attachment":[{"href":"https:\/\/serveiseducatius.xtec.cat\/cerdanya\/wp-json\/wp\/v2\/media?parent=10852"}],"wp:term":[{"taxonomy":"category","embeddable":true,"href":"https:\/\/serveiseducatius.xtec.cat\/cerdanya\/wp-json\/wp\/v2\/categories?post=10852"},{"taxonomy":"post_tag","embeddable":true,"href":"https:\/\/serveiseducatius.xtec.cat\/cerdanya\/wp-json\/wp\/v2\/tags?post=10852"}],"curies":[{"name":"wp","href":"https:\/\/api.w.org\/{rel}","templated":true}]}}