{"id":10845,"date":"2025-01-31T12:15:17","date_gmt":"2025-01-31T11:15:17","guid":{"rendered":"https:\/\/serveiseducatius.xtec.cat\/cerdanya\/?p=10845"},"modified":"2025-01-31T12:15:17","modified_gmt":"2025-01-31T11:15:17","slug":"el-valor-de-leducacio-artistica-i-algunes-idees-practiques","status":"publish","type":"post","link":"https:\/\/serveiseducatius.xtec.cat\/cerdanya\/general\/el-valor-de-leducacio-artistica-i-algunes-idees-practiques\/","title":{"rendered":"El valor de l\u2019educaci\u00f3 art\u00edstica i algunes idees pr\u00e0ctiques"},"content":{"rendered":"<p>El proper divendres 14 de mar\u00e7 us convidem al taller &#8220;<span class=\"OYPEnA font-feature-liga-off font-feature-clig-off font-feature-calt-off text-decoration-none text-strikethrough-none\">El valor de l\u2019educaci\u00f3 art\u00edstica i algunes idees pr\u00e0ctiques&#8221;\u00a0 a c\u00e0rrec de Joana Cano, mestra d&#8217;educaci\u00f3 prim\u00e0ria amb la menci\u00f3 de visual i pl\u00e0stica. \u00c9s una gran defensora de<b>\u00a0l&#8217;art com a eina de transformaci\u00f3 educativa<\/b>, capa\u00e7 de reduir les barreres d&#8217;acc\u00e9s a l&#8217;aprenentatge i de fomentar la inclusi\u00f3 i l&#8217;esperit cr\u00edtic.<\/span><\/p>\n<p>Aquest taller est\u00e0 dissenyat per donar valor a l\u2019educaci\u00f3 art\u00edstica i engrescar als docents a endinsar-se en el m\u00f3n de l\u2019art i del seu poder transformador. Coneixerem diferents propostes<br \/>\npr\u00e0ctiques que pretenen sorprendre i despertar l\u2019inter\u00e8s de l\u2019alumnat a les sessions d\u2019educaci\u00f3 art\u00edstica. Parlarem tamb\u00e9, de com aplicar la metodologia de l\u2019Art Thinking a la nostra aula i de<br \/>\ncom situar les arts al centre dels aprenentatges.<\/p>\n<p><img loading=\"lazy\" decoding=\"async\" class=\"alignleft wp-image-10846 size-medium\" src=\"https:\/\/serveiseducatius.xtec.cat\/cerdanya\/wp-content\/uploads\/usu1166\/2025\/01\/El-valor-de-leducacio-artistica-i-algunes-idees-practiques-Post-de-Instagram-300x300.png\" alt=\"\" width=\"300\" height=\"300\" srcset=\"https:\/\/serveiseducatius.xtec.cat\/cerdanya\/wp-content\/uploads\/usu1166\/2025\/01\/El-valor-de-leducacio-artistica-i-algunes-idees-practiques-Post-de-Instagram-300x300.png 300w, https:\/\/serveiseducatius.xtec.cat\/cerdanya\/wp-content\/uploads\/usu1166\/2025\/01\/El-valor-de-leducacio-artistica-i-algunes-idees-practiques-Post-de-Instagram-1024x1024.png 1024w, https:\/\/serveiseducatius.xtec.cat\/cerdanya\/wp-content\/uploads\/usu1166\/2025\/01\/El-valor-de-leducacio-artistica-i-algunes-idees-practiques-Post-de-Instagram-150x150.png 150w, https:\/\/serveiseducatius.xtec.cat\/cerdanya\/wp-content\/uploads\/usu1166\/2025\/01\/El-valor-de-leducacio-artistica-i-algunes-idees-practiques-Post-de-Instagram-768x768.png 768w, https:\/\/serveiseducatius.xtec.cat\/cerdanya\/wp-content\/uploads\/usu1166\/2025\/01\/El-valor-de-leducacio-artistica-i-algunes-idees-practiques-Post-de-Instagram.png 1080w\" sizes=\"auto, (max-width: 300px) 100vw, 300px\" \/><\/p>\n<p>Partint de la convicci\u00f3 que l&#8217;art \u00e9s imprescindible per al desenvolupament integral de les persones i desgraciadament, com diria Maria Acaso: formem part d&#8217;un sistema educatiu obsolet que continua obstinant-se a situar l&#8217;educaci\u00f3 art\u00edstica en la perif\u00e8ria. \u00c9s necessari que ampliem la nostra mirada i que introdu\u00efm l&#8217;art a les nostres aules, donant-li valor al proc\u00e9s art\u00edstic i admetent l&#8217;error com a punt de partida del coneixement. Es tracta d\u2019un taller presencial en el que es compartiran experi\u00e8ncies pr\u00e0ctiques. Tamb\u00e9 s\u2019intentar\u00e0 fer una creaci\u00f3 per reivindicar l\u2019art a les aules, fomentant el gust per la creativitat.<\/p>\n<h3><a href=\"https:\/\/forms.gle\/ZwayEVXLju1DFwLeA\">INSCRIPCIONS<\/a><\/h3>\n<p><strong>Data: 14 de mar\u00e7 de 2025<\/strong><\/p>\n<p><strong>Hora: 17.30h a 19.30h<\/strong><\/p>\n<p><strong>Lloc: CRP de La Cerdanya<\/strong><\/p>\n","protected":false},"excerpt":{"rendered":"<p>El proper divendres 14 de mar\u00e7 us convidem al taller &#8220;El valor de l\u2019educaci\u00f3 art\u00edstica i algunes idees pr\u00e0ctiques&#8221;\u00a0 a c\u00e0rrec de Joana Cano, mestra d&#8217;educaci\u00f3 prim\u00e0ria amb la menci\u00f3 de visual i pl\u00e0stica. \u00c9s una gran defensora de\u00a0l&#8217;art com a eina de transformaci\u00f3 educativa, capa\u00e7 de reduir les barreres d&#8217;acc\u00e9s a l&#8217;aprenentatge i de [&hellip;]<\/p>\n","protected":false},"author":1,"featured_media":10846,"comment_status":"open","ping_status":"closed","sticky":false,"template":"","format":"standard","meta":{"_bbp_topic_count":0,"_bbp_reply_count":0,"_bbp_total_topic_count":0,"_bbp_total_reply_count":0,"_bbp_voice_count":0,"_bbp_anonymous_reply_count":0,"_bbp_topic_count_hidden":0,"_bbp_reply_count_hidden":0,"_bbp_forum_subforum_count":0,"site-sidebar-layout":"default","site-content-layout":"","ast-site-content-layout":"","site-content-style":"default","site-sidebar-style":"default","ast-global-header-display":"","ast-banner-title-visibility":"","ast-main-header-display":"","ast-hfb-above-header-display":"","ast-hfb-below-header-display":"","ast-hfb-mobile-header-display":"","site-post-title":"","ast-breadcrumbs-content":"","ast-featured-img":"","footer-sml-layout":"","theme-transparent-header-meta":"","adv-header-id-meta":"","stick-header-meta":"","header-above-stick-meta":"","header-main-stick-meta":"","header-below-stick-meta":"","astra-migrate-meta-layouts":"default","ast-page-background-enabled":"default","ast-page-background-meta":{"desktop":{"background-color":"var(--ast-global-color-4)","background-image":"","background-repeat":"repeat","background-position":"center center","background-size":"auto","background-attachment":"scroll","background-type":"","background-media":"","overlay-type":"","overlay-color":"","overlay-opacity":"","overlay-gradient":""},"tablet":{"background-color":"","background-image":"","background-repeat":"repeat","background-position":"center center","background-size":"auto","background-attachment":"scroll","background-type":"","background-media":"","overlay-type":"","overlay-color":"","overlay-opacity":"","overlay-gradient":""},"mobile":{"background-color":"","background-image":"","background-repeat":"repeat","background-position":"center center","background-size":"auto","background-attachment":"scroll","background-type":"","background-media":"","overlay-type":"","overlay-color":"","overlay-opacity":"","overlay-gradient":""}},"ast-content-background-meta":{"desktop":{"background-color":"var(--ast-global-color-5)","background-image":"","background-repeat":"repeat","background-position":"center center","background-size":"auto","background-attachment":"scroll","background-type":"","background-media":"","overlay-type":"","overlay-color":"","overlay-opacity":"","overlay-gradient":""},"tablet":{"background-color":"var(--ast-global-color-5)","background-image":"","background-repeat":"repeat","background-position":"center center","background-size":"auto","background-attachment":"scroll","background-type":"","background-media":"","overlay-type":"","overlay-color":"","overlay-opacity":"","overlay-gradient":""},"mobile":{"background-color":"var(--ast-global-color-5)","background-image":"","background-repeat":"repeat","background-position":"center center","background-size":"auto","background-attachment":"scroll","background-type":"","background-media":"","overlay-type":"","overlay-color":"","overlay-opacity":"","overlay-gradient":""}},"footnotes":""},"categories":[65,66,154,1,29,356],"tags":[],"class_list":["post-10845","post","type-post","status-publish","format-standard","has-post-thumbnail","hentry","category-crp","category-dinamitzacio","category-formacio","category-general","category-portada","category-xerrada"],"post_mailing_queue_ids":[],"_links":{"self":[{"href":"https:\/\/serveiseducatius.xtec.cat\/cerdanya\/wp-json\/wp\/v2\/posts\/10845","targetHints":{"allow":["GET"]}}],"collection":[{"href":"https:\/\/serveiseducatius.xtec.cat\/cerdanya\/wp-json\/wp\/v2\/posts"}],"about":[{"href":"https:\/\/serveiseducatius.xtec.cat\/cerdanya\/wp-json\/wp\/v2\/types\/post"}],"author":[{"embeddable":true,"href":"https:\/\/serveiseducatius.xtec.cat\/cerdanya\/wp-json\/wp\/v2\/users\/1"}],"replies":[{"embeddable":true,"href":"https:\/\/serveiseducatius.xtec.cat\/cerdanya\/wp-json\/wp\/v2\/comments?post=10845"}],"version-history":[{"count":1,"href":"https:\/\/serveiseducatius.xtec.cat\/cerdanya\/wp-json\/wp\/v2\/posts\/10845\/revisions"}],"predecessor-version":[{"id":10847,"href":"https:\/\/serveiseducatius.xtec.cat\/cerdanya\/wp-json\/wp\/v2\/posts\/10845\/revisions\/10847"}],"wp:featuredmedia":[{"embeddable":true,"href":"https:\/\/serveiseducatius.xtec.cat\/cerdanya\/wp-json\/wp\/v2\/media\/10846"}],"wp:attachment":[{"href":"https:\/\/serveiseducatius.xtec.cat\/cerdanya\/wp-json\/wp\/v2\/media?parent=10845"}],"wp:term":[{"taxonomy":"category","embeddable":true,"href":"https:\/\/serveiseducatius.xtec.cat\/cerdanya\/wp-json\/wp\/v2\/categories?post=10845"},{"taxonomy":"post_tag","embeddable":true,"href":"https:\/\/serveiseducatius.xtec.cat\/cerdanya\/wp-json\/wp\/v2\/tags?post=10845"}],"curies":[{"name":"wp","href":"https:\/\/api.w.org\/{rel}","templated":true}]}}