{"id":10831,"date":"2025-01-16T12:45:27","date_gmt":"2025-01-16T11:45:27","guid":{"rendered":"https:\/\/serveiseducatius.xtec.cat\/cerdanya\/?p=10831"},"modified":"2025-01-16T13:28:25","modified_gmt":"2025-01-16T12:28:25","slug":"formacions-de-lambit-digital","status":"publish","type":"post","link":"https:\/\/serveiseducatius.xtec.cat\/cerdanya\/general\/formacions-de-lambit-digital\/","title":{"rendered":"Formacions de l&#8217;\u00e0mbit digital"},"content":{"rendered":"<p>Resten obertes les inscripcions a les formacions de rob\u00f2tica, panells i maletes que s&#8217;ofereixen en aquest segon torn de formaci\u00f3.<\/p>\n<table border=\"0\" width=\"675\" cellspacing=\"2\" cellpadding=\"0\">\n<tbody>\n<tr>\n<td valign=\"TOP\"><span style=\"font-family: arial, helvetica, geneva; font-size: small;\">5030310529<\/span><\/td>\n<td valign=\"TOP\"><span style=\"font-family: arial, helvetica, geneva; font-size: small;\"><b><a href=\"https:\/\/aplicacions.gestioeducativa.gencat.cat\/ords\/pls\/soloas\/pk_for_mod_ins.p_for_detall_activitat?p_header=Llista%20d%27activitats^pk_for_mod_ins.p_for_cons_activitats?p_crp=503%26p_any=2024-2025%26p_totes=N%26p_inici=1%26p_excloure_crp_rec=T&amp;p_codi=5030310529&amp;p_curs=2024-2025&amp;p_excloure_crp_rec=T\">Formaci\u00f3 de la dotaci\u00f3 d&#8217;equipaments de rob\u00f2tica: Robots Kits constructius (LEGO Spike i Essential)<\/a><\/b><\/span><\/td>\n<\/tr>\n<tr>\n<td colspan=\"3\"><span style=\"font-family: arial, helvetica, geneva; font-size: xx-small;\">Curs. ESC Mare de D\u00e9u de Tall\u00f3 (Bellver de Cerdanya). Del dilluns 17\/2\/2025 al 26\/5\/2025 de 17.30h a 19.30h<\/span><\/td>\n<td valign=\"TOP\"><\/td>\n<\/tr>\n<\/tbody>\n<\/table>\n<table border=\"0\" width=\"675\" cellspacing=\"2\" cellpadding=\"0\">\n<tbody>\n<tr>\n<td valign=\"TOP\"><span style=\"font-family: arial, helvetica, geneva; font-size: small;\">5030320529<\/span><\/td>\n<td valign=\"TOP\"><span style=\"font-family: arial, helvetica, geneva; font-size: small;\"><b><a href=\"https:\/\/aplicacions.gestioeducativa.gencat.cat\/ords\/pls\/soloas\/pk_for_mod_ins.p_for_detall_activitat?p_header=Llista%20d%27activitats^pk_for_mod_ins.p_for_cons_activitats?p_crp=503%26p_any=2024-2025%26p_totes=N%26p_inici=1%26p_excloure_crp_rec=T&amp;p_codi=5030320529&amp;p_curs=2024-2025&amp;p_excloure_crp_rec=T\">Formaci\u00f3 pedag\u00f2gica de la maleta d&#8217;audiovisuals<\/a><\/b><\/span><\/td>\n<\/tr>\n<tr>\n<td colspan=\"3\"><span style=\"font-family: arial, helvetica, geneva; font-size: xx-small;\">Curs. ESC Mare de D\u00e9u de Tall\u00f3 (Bellver de Cerdanya). Del dilluns 10\/2\/2025 al 26\/5\/2025 de 17.30h a 19.30h<\/span><\/td>\n<td valign=\"TOP\"><\/td>\n<\/tr>\n<\/tbody>\n<\/table>\n<table border=\"0\" width=\"675\" cellspacing=\"2\" cellpadding=\"0\">\n<tbody>\n<tr>\n<td valign=\"TOP\"><span style=\"font-family: arial, helvetica, geneva; font-size: small;\">5030480529<\/span><\/td>\n<td valign=\"TOP\"><span style=\"font-family: arial, helvetica, geneva; font-size: small;\"><b><a href=\"https:\/\/aplicacions.gestioeducativa.gencat.cat\/ords\/pls\/soloas\/pk_for_mod_ins.p_for_detall_activitat?p_header=Llista%20d%27activitats^pk_for_mod_ins.p_for_cons_activitats?p_crp=503%26p_any=2024-2025%26p_totes=N%26p_inici=1%26p_excloure_crp_rec=T&amp;p_codi=5030480529&amp;p_curs=2024-2025&amp;p_excloure_crp_rec=T\">Formaci\u00f3 pedag\u00f2gica de la dotaci\u00f3 d&#8217;equipaments de panells digitals<\/a><\/b><\/span><\/td>\n<\/tr>\n<tr>\n<td colspan=\"3\"><span style=\"font-family: arial, helvetica, geneva; font-size: xx-small;\">Curs. ESC Alfons I (Puigcerd\u00e0). Del dilluns 10\/2\/2025 al 30\/6\/2025 de 17.30h a 19.30h<\/span><\/td>\n<td valign=\"TOP\"><\/td>\n<\/tr>\n<\/tbody>\n<\/table>\n","protected":false},"excerpt":{"rendered":"<p>Resten obertes les inscripcions a les formacions de rob\u00f2tica, panells i maletes que s&#8217;ofereixen en aquest segon torn de formaci\u00f3. 5030310529 Formaci\u00f3 de la dotaci\u00f3 d&#8217;equipaments de rob\u00f2tica: Robots Kits constructius (LEGO Spike i Essential) Curs. ESC Mare de D\u00e9u de Tall\u00f3 (Bellver de Cerdanya). Del dilluns 17\/2\/2025 al 26\/5\/2025 de 17.30h a 19.30h 5030320529 [&hellip;]<\/p>\n","protected":false},"author":1,"featured_media":10834,"comment_status":"open","ping_status":"closed","sticky":false,"template":"","format":"standard","meta":{"_bbp_topic_count":0,"_bbp_reply_count":0,"_bbp_total_topic_count":0,"_bbp_total_reply_count":0,"_bbp_voice_count":0,"_bbp_anonymous_reply_count":0,"_bbp_topic_count_hidden":0,"_bbp_reply_count_hidden":0,"_bbp_forum_subforum_count":0,"site-sidebar-layout":"default","site-content-layout":"","ast-site-content-layout":"","site-content-style":"default","site-sidebar-style":"default","ast-global-header-display":"","ast-banner-title-visibility":"","ast-main-header-display":"","ast-hfb-above-header-display":"","ast-hfb-below-header-display":"","ast-hfb-mobile-header-display":"","site-post-title":"","ast-breadcrumbs-content":"","ast-featured-img":"","footer-sml-layout":"","theme-transparent-header-meta":"","adv-header-id-meta":"","stick-header-meta":"","header-above-stick-meta":"","header-main-stick-meta":"","header-below-stick-meta":"","astra-migrate-meta-layouts":"default","ast-page-background-enabled":"default","ast-page-background-meta":{"desktop":{"background-color":"var(--ast-global-color-4)","background-image":"","background-repeat":"repeat","background-position":"center center","background-size":"auto","background-attachment":"scroll","background-type":"","background-media":"","overlay-type":"","overlay-color":"","overlay-opacity":"","overlay-gradient":""},"tablet":{"background-color":"","background-image":"","background-repeat":"repeat","background-position":"center center","background-size":"auto","background-attachment":"scroll","background-type":"","background-media":"","overlay-type":"","overlay-color":"","overlay-opacity":"","overlay-gradient":""},"mobile":{"background-color":"","background-image":"","background-repeat":"repeat","background-position":"center center","background-size":"auto","background-attachment":"scroll","background-type":"","background-media":"","overlay-type":"","overlay-color":"","overlay-opacity":"","overlay-gradient":""}},"ast-content-background-meta":{"desktop":{"background-color":"var(--ast-global-color-5)","background-image":"","background-repeat":"repeat","background-position":"center center","background-size":"auto","background-attachment":"scroll","background-type":"","background-media":"","overlay-type":"","overlay-color":"","overlay-opacity":"","overlay-gradient":""},"tablet":{"background-color":"var(--ast-global-color-5)","background-image":"","background-repeat":"repeat","background-position":"center center","background-size":"auto","background-attachment":"scroll","background-type":"","background-media":"","overlay-type":"","overlay-color":"","overlay-opacity":"","overlay-gradient":""},"mobile":{"background-color":"var(--ast-global-color-5)","background-image":"","background-repeat":"repeat","background-position":"center center","background-size":"auto","background-attachment":"scroll","background-type":"","background-media":"","overlay-type":"","overlay-color":"","overlay-opacity":"","overlay-gradient":""}},"footnotes":""},"categories":[65,154,1,29,78],"tags":[],"class_list":["post-10831","post","type-post","status-publish","format-standard","has-post-thumbnail","hentry","category-crp","category-formacio","category-general","category-portada","category-tac"],"post_mailing_queue_ids":[],"_links":{"self":[{"href":"https:\/\/serveiseducatius.xtec.cat\/cerdanya\/wp-json\/wp\/v2\/posts\/10831","targetHints":{"allow":["GET"]}}],"collection":[{"href":"https:\/\/serveiseducatius.xtec.cat\/cerdanya\/wp-json\/wp\/v2\/posts"}],"about":[{"href":"https:\/\/serveiseducatius.xtec.cat\/cerdanya\/wp-json\/wp\/v2\/types\/post"}],"author":[{"embeddable":true,"href":"https:\/\/serveiseducatius.xtec.cat\/cerdanya\/wp-json\/wp\/v2\/users\/1"}],"replies":[{"embeddable":true,"href":"https:\/\/serveiseducatius.xtec.cat\/cerdanya\/wp-json\/wp\/v2\/comments?post=10831"}],"version-history":[{"count":1,"href":"https:\/\/serveiseducatius.xtec.cat\/cerdanya\/wp-json\/wp\/v2\/posts\/10831\/revisions"}],"predecessor-version":[{"id":10833,"href":"https:\/\/serveiseducatius.xtec.cat\/cerdanya\/wp-json\/wp\/v2\/posts\/10831\/revisions\/10833"}],"wp:featuredmedia":[{"embeddable":true,"href":"https:\/\/serveiseducatius.xtec.cat\/cerdanya\/wp-json\/wp\/v2\/media\/10834"}],"wp:attachment":[{"href":"https:\/\/serveiseducatius.xtec.cat\/cerdanya\/wp-json\/wp\/v2\/media?parent=10831"}],"wp:term":[{"taxonomy":"category","embeddable":true,"href":"https:\/\/serveiseducatius.xtec.cat\/cerdanya\/wp-json\/wp\/v2\/categories?post=10831"},{"taxonomy":"post_tag","embeddable":true,"href":"https:\/\/serveiseducatius.xtec.cat\/cerdanya\/wp-json\/wp\/v2\/tags?post=10831"}],"curies":[{"name":"wp","href":"https:\/\/api.w.org\/{rel}","templated":true}]}}