{"id":10471,"date":"2024-02-05T14:38:54","date_gmt":"2024-02-05T13:38:54","guid":{"rendered":"https:\/\/serveiseducatius.xtec.cat\/cerdanya\/?p=10471"},"modified":"2024-02-05T14:38:54","modified_gmt":"2024-02-05T13:38:54","slug":"presentacio-de-lalianca-magnet-entre-lescola-alfons-i-i-lhospital-de-cerdanya","status":"publish","type":"post","link":"https:\/\/serveiseducatius.xtec.cat\/cerdanya\/general\/presentacio-de-lalianca-magnet-entre-lescola-alfons-i-i-lhospital-de-cerdanya\/","title":{"rendered":"PRESENTACI\u00d3 DE L\u00b4ALIAN\u00c7A MAGNET ENTRE L\u00b4ESCOLA ALFONS I I L\u00b4HOSPITAL DE CERDANYA"},"content":{"rendered":"<p>Avui, l\u00b4equip directiu de l\u00b4escola Alfons I de Puigcerd\u00e0 Jordi L\u00f3pez i Tha\u00efs Figarola, el director de Serveis Territorials Ramon Jordana, l\u00b4alcalde Puigcerd\u00e0 Jordi Gassi\u00f3, el director general adjunt de l\u00b4hospital de la Cerdanya Gr\u00e9gori Guibert i la representant del programa Magnet Roser Argem\u00ed han fet la presentaci\u00f3 de l\u00b4alian\u00e7a Magnet entre l\u00b4Escola Alfons I i l\u00b4Hospital de Cerdanya.<br \/>\nEl tema que es treballar\u00e0 aquest any \u00e9s el &#8220;moviment&#8221;. L\u00b4hospital ha fet un v\u00eddeo on \u00e9s parla de la import\u00e0ncia del moviment per tenir h\u00e0bits saludable i una vida m\u00e9s sana.<br \/>\nAquest v\u00eddeo es passar\u00e0 a tots els grups de l\u00b4escola i a partir d\u00b4aqu\u00ed s\u00b4iniciar\u00e0 una pluja d\u00b4idees amb l\u00b4alumnat i es comen\u00e7ar\u00e0 a treballar diversos projectes on el tema principal sigui el &#8220;moviment&#8221;.<br \/>\nDurant el segon i tercer trimestre l\u00b4escola comptar\u00e0 amb l\u00b4assessorament i l\u00b4ajut de la mirada experta dels professionals de l\u00b4hospital.<\/p>\n<p>El dia 15 de juny de 2024 es far\u00e0 una gimcana elaborada pels alumnes de l&#8217;escola Alfons I com a cloenda del projecte anual, on tota la comunitat educativa podr\u00e0 participar. Ser\u00e0 enfront de l&#8217;hospital transfronterer.<br \/>\nSeguirem informant!!<br \/>\nGr\u00e0cies per convidar-nos i fer-nos part\u00edcip d\u00b4aquest bonic projecte!<\/p>\n","protected":false},"excerpt":{"rendered":"<p>Avui, l\u00b4equip directiu de l\u00b4escola Alfons I de Puigcerd\u00e0 Jordi L\u00f3pez i Tha\u00efs Figarola, el director de Serveis Territorials Ramon Jordana, l\u00b4alcalde Puigcerd\u00e0 Jordi Gassi\u00f3, el director general adjunt de l\u00b4hospital de la Cerdanya Gr\u00e9gori Guibert i la representant del programa Magnet Roser Argem\u00ed han fet la presentaci\u00f3 de l\u00b4alian\u00e7a Magnet entre l\u00b4Escola Alfons I [&hellip;]<\/p>\n","protected":false},"author":1,"featured_media":10479,"comment_status":"open","ping_status":"closed","sticky":false,"template":"","format":"standard","meta":{"_bbp_topic_count":0,"_bbp_reply_count":0,"_bbp_total_topic_count":0,"_bbp_total_reply_count":0,"_bbp_voice_count":0,"_bbp_anonymous_reply_count":0,"_bbp_topic_count_hidden":0,"_bbp_reply_count_hidden":0,"_bbp_forum_subforum_count":0,"site-sidebar-layout":"default","site-content-layout":"","ast-site-content-layout":"","site-content-style":"default","site-sidebar-style":"default","ast-global-header-display":"","ast-banner-title-visibility":"","ast-main-header-display":"","ast-hfb-above-header-display":"","ast-hfb-below-header-display":"","ast-hfb-mobile-header-display":"","site-post-title":"","ast-breadcrumbs-content":"","ast-featured-img":"","footer-sml-layout":"","theme-transparent-header-meta":"","adv-header-id-meta":"","stick-header-meta":"","header-above-stick-meta":"","header-main-stick-meta":"","header-below-stick-meta":"","astra-migrate-meta-layouts":"default","ast-page-background-enabled":"default","ast-page-background-meta":{"desktop":{"background-color":"var(--ast-global-color-4)","background-image":"","background-repeat":"repeat","background-position":"center center","background-size":"auto","background-attachment":"scroll","background-type":"","background-media":"","overlay-type":"","overlay-color":"","overlay-opacity":"","overlay-gradient":""},"tablet":{"background-color":"","background-image":"","background-repeat":"repeat","background-position":"center center","background-size":"auto","background-attachment":"scroll","background-type":"","background-media":"","overlay-type":"","overlay-color":"","overlay-opacity":"","overlay-gradient":""},"mobile":{"background-color":"","background-image":"","background-repeat":"repeat","background-position":"center center","background-size":"auto","background-attachment":"scroll","background-type":"","background-media":"","overlay-type":"","overlay-color":"","overlay-opacity":"","overlay-gradient":""}},"ast-content-background-meta":{"desktop":{"background-color":"var(--ast-global-color-5)","background-image":"","background-repeat":"repeat","background-position":"center center","background-size":"auto","background-attachment":"scroll","background-type":"","background-media":"","overlay-type":"","overlay-color":"","overlay-opacity":"","overlay-gradient":""},"tablet":{"background-color":"var(--ast-global-color-5)","background-image":"","background-repeat":"repeat","background-position":"center center","background-size":"auto","background-attachment":"scroll","background-type":"","background-media":"","overlay-type":"","overlay-color":"","overlay-opacity":"","overlay-gradient":""},"mobile":{"background-color":"var(--ast-global-color-5)","background-image":"","background-repeat":"repeat","background-position":"center center","background-size":"auto","background-attachment":"scroll","background-type":"","background-media":"","overlay-type":"","overlay-color":"","overlay-opacity":"","overlay-gradient":""}},"footnotes":""},"categories":[65,1,29],"tags":[],"class_list":["post-10471","post","type-post","status-publish","format-standard","has-post-thumbnail","hentry","category-crp","category-general","category-portada"],"post_mailing_queue_ids":[],"_links":{"self":[{"href":"https:\/\/serveiseducatius.xtec.cat\/cerdanya\/wp-json\/wp\/v2\/posts\/10471","targetHints":{"allow":["GET"]}}],"collection":[{"href":"https:\/\/serveiseducatius.xtec.cat\/cerdanya\/wp-json\/wp\/v2\/posts"}],"about":[{"href":"https:\/\/serveiseducatius.xtec.cat\/cerdanya\/wp-json\/wp\/v2\/types\/post"}],"author":[{"embeddable":true,"href":"https:\/\/serveiseducatius.xtec.cat\/cerdanya\/wp-json\/wp\/v2\/users\/1"}],"replies":[{"embeddable":true,"href":"https:\/\/serveiseducatius.xtec.cat\/cerdanya\/wp-json\/wp\/v2\/comments?post=10471"}],"version-history":[{"count":1,"href":"https:\/\/serveiseducatius.xtec.cat\/cerdanya\/wp-json\/wp\/v2\/posts\/10471\/revisions"}],"predecessor-version":[{"id":10482,"href":"https:\/\/serveiseducatius.xtec.cat\/cerdanya\/wp-json\/wp\/v2\/posts\/10471\/revisions\/10482"}],"wp:featuredmedia":[{"embeddable":true,"href":"https:\/\/serveiseducatius.xtec.cat\/cerdanya\/wp-json\/wp\/v2\/media\/10479"}],"wp:attachment":[{"href":"https:\/\/serveiseducatius.xtec.cat\/cerdanya\/wp-json\/wp\/v2\/media?parent=10471"}],"wp:term":[{"taxonomy":"category","embeddable":true,"href":"https:\/\/serveiseducatius.xtec.cat\/cerdanya\/wp-json\/wp\/v2\/categories?post=10471"},{"taxonomy":"post_tag","embeddable":true,"href":"https:\/\/serveiseducatius.xtec.cat\/cerdanya\/wp-json\/wp\/v2\/tags?post=10471"}],"curies":[{"name":"wp","href":"https:\/\/api.w.org\/{rel}","templated":true}]}}