{"id":10208,"date":"2023-04-18T09:55:04","date_gmt":"2023-04-18T07:55:04","guid":{"rendered":"https:\/\/serveiseducatius.xtec.cat\/cerdanya\/?p=10208"},"modified":"2023-04-18T09:55:04","modified_gmt":"2023-04-18T07:55:04","slug":"recerca-de-les-matematiques-aplicades-a-laula-sessio-oberta-3","status":"publish","type":"post","link":"https:\/\/serveiseducatius.xtec.cat\/cerdanya\/general\/recerca-de-les-matematiques-aplicades-a-laula-sessio-oberta-3\/","title":{"rendered":"Recerca de les matem\u00e0tiques aplicades a l\u2019aula \u2013 Sessi\u00f3 oberta."},"content":{"rendered":"<p>El dimarts\u00a0<b>25 d&#8217;abril\u00a0de 16 a 18h farem la darrera sessi\u00f3 del grup\u00a0<\/b><a href=\"https:\/\/grup-rema.github.io\/\" target=\"_blank\" rel=\"noopener\" data-saferedirecturl=\"https:\/\/www.google.com\/url?q=https:\/\/grup-rema.github.io\/&amp;source=gmail&amp;ust=1681803016147000&amp;usg=AOvVaw0C_8hUVTTFYDN5tIDmrO_l\"><b>RemaP<\/b><\/a>.<\/p>\n<p>Ser\u00e0 la segona part de la sessi\u00f3 que vam iniciar amb el Llu\u00eds Mora.\u00a0 Ja que ser\u00e0 l&#8217;\u00faltima sessi\u00f3 i el Llu\u00eds s&#8217;ha ofert a fer la sessi\u00f3 presencialment podria ser un bon moment per trobar-nos, fer la sessi\u00f3 i qui vulgui podr\u00edem picar alguna cosa plegats.<\/p>\n<p>Com sempre la sessi\u00f3 tamb\u00e9 es podr\u00e0 seguir\u00a0<a href=\"https:\/\/meet.google.com\/yir-uics-kaj\" target=\"_blank\" rel=\"noopener\" data-saferedirecturl=\"https:\/\/www.google.com\/url?q=https:\/\/meet.google.com\/yir-uics-kaj&amp;source=gmail&amp;ust=1681803016147000&amp;usg=AOvVaw2g7GVnl9RQreNZ_klNi_9Z\"><b>telem\u00e0ticament<\/b><\/a>.<\/p>\n<p><b>Presencialment la sessi\u00f3 es realitzar\u00e0 a l&#8217;Institut Pere Borrell.<\/b><\/p>\n<p><b>T\u00edtol: Situacions d&#8217;aprenentatge i projectes en l&#8217;\u00e0mbit de Matem\u00e0tiques<\/b><\/p>\n<p>Resum:<\/p>\n<p>Estem vivint una \u00e8poca, una altra, de canvi de curr\u00edculum. Una nova terminologia i una nova reorganitzaci\u00f3. Per\u00f2, de veritat aix\u00f2 \u00e9s aix\u00ed? Quins canvis comporta realment respecte el que hem fet fins ara? Com afecta les activitats d\u2019aula?<\/p>\n<p>En aquesta darrera sessi\u00f3 ens centrarem en les situacions d&#8217;aprenentage.<\/p>\n","protected":false},"excerpt":{"rendered":"<p>El dimarts\u00a025 d&#8217;abril\u00a0de 16 a 18h farem la darrera sessi\u00f3 del grup\u00a0RemaP. Ser\u00e0 la segona part de la sessi\u00f3 que vam iniciar amb el Llu\u00eds Mora.\u00a0 Ja que ser\u00e0 l&#8217;\u00faltima sessi\u00f3 i el Llu\u00eds s&#8217;ha ofert a fer la sessi\u00f3 presencialment podria ser un bon moment per trobar-nos, fer la sessi\u00f3 i qui vulgui podr\u00edem [&hellip;]<\/p>\n","protected":false},"author":1,"featured_media":10097,"comment_status":"open","ping_status":"closed","sticky":false,"template":"","format":"standard","meta":{"_bbp_topic_count":0,"_bbp_reply_count":0,"_bbp_total_topic_count":0,"_bbp_total_reply_count":0,"_bbp_voice_count":0,"_bbp_anonymous_reply_count":0,"_bbp_topic_count_hidden":0,"_bbp_reply_count_hidden":0,"_bbp_forum_subforum_count":0,"site-sidebar-layout":"default","site-content-layout":"","ast-site-content-layout":"","site-content-style":"default","site-sidebar-style":"default","ast-global-header-display":"","ast-banner-title-visibility":"","ast-main-header-display":"","ast-hfb-above-header-display":"","ast-hfb-below-header-display":"","ast-hfb-mobile-header-display":"","site-post-title":"","ast-breadcrumbs-content":"","ast-featured-img":"","footer-sml-layout":"","theme-transparent-header-meta":"","adv-header-id-meta":"","stick-header-meta":"","header-above-stick-meta":"","header-main-stick-meta":"","header-below-stick-meta":"","astra-migrate-meta-layouts":"default","ast-page-background-enabled":"default","ast-page-background-meta":{"desktop":{"background-color":"var(--ast-global-color-4)","background-image":"","background-repeat":"repeat","background-position":"center center","background-size":"auto","background-attachment":"scroll","background-type":"","background-media":"","overlay-type":"","overlay-color":"","overlay-opacity":"","overlay-gradient":""},"tablet":{"background-color":"","background-image":"","background-repeat":"repeat","background-position":"center center","background-size":"auto","background-attachment":"scroll","background-type":"","background-media":"","overlay-type":"","overlay-color":"","overlay-opacity":"","overlay-gradient":""},"mobile":{"background-color":"","background-image":"","background-repeat":"repeat","background-position":"center center","background-size":"auto","background-attachment":"scroll","background-type":"","background-media":"","overlay-type":"","overlay-color":"","overlay-opacity":"","overlay-gradient":""}},"ast-content-background-meta":{"desktop":{"background-color":"var(--ast-global-color-5)","background-image":"","background-repeat":"repeat","background-position":"center center","background-size":"auto","background-attachment":"scroll","background-type":"","background-media":"","overlay-type":"","overlay-color":"","overlay-opacity":"","overlay-gradient":""},"tablet":{"background-color":"var(--ast-global-color-5)","background-image":"","background-repeat":"repeat","background-position":"center center","background-size":"auto","background-attachment":"scroll","background-type":"","background-media":"","overlay-type":"","overlay-color":"","overlay-opacity":"","overlay-gradient":""},"mobile":{"background-color":"var(--ast-global-color-5)","background-image":"","background-repeat":"repeat","background-position":"center center","background-size":"auto","background-attachment":"scroll","background-type":"","background-media":"","overlay-type":"","overlay-color":"","overlay-opacity":"","overlay-gradient":""}},"footnotes":""},"categories":[154,1,29],"tags":[],"class_list":["post-10208","post","type-post","status-publish","format-standard","has-post-thumbnail","hentry","category-formacio","category-general","category-portada"],"post_mailing_queue_ids":[],"_links":{"self":[{"href":"https:\/\/serveiseducatius.xtec.cat\/cerdanya\/wp-json\/wp\/v2\/posts\/10208","targetHints":{"allow":["GET"]}}],"collection":[{"href":"https:\/\/serveiseducatius.xtec.cat\/cerdanya\/wp-json\/wp\/v2\/posts"}],"about":[{"href":"https:\/\/serveiseducatius.xtec.cat\/cerdanya\/wp-json\/wp\/v2\/types\/post"}],"author":[{"embeddable":true,"href":"https:\/\/serveiseducatius.xtec.cat\/cerdanya\/wp-json\/wp\/v2\/users\/1"}],"replies":[{"embeddable":true,"href":"https:\/\/serveiseducatius.xtec.cat\/cerdanya\/wp-json\/wp\/v2\/comments?post=10208"}],"version-history":[{"count":1,"href":"https:\/\/serveiseducatius.xtec.cat\/cerdanya\/wp-json\/wp\/v2\/posts\/10208\/revisions"}],"predecessor-version":[{"id":10209,"href":"https:\/\/serveiseducatius.xtec.cat\/cerdanya\/wp-json\/wp\/v2\/posts\/10208\/revisions\/10209"}],"wp:featuredmedia":[{"embeddable":true,"href":"https:\/\/serveiseducatius.xtec.cat\/cerdanya\/wp-json\/wp\/v2\/media\/10097"}],"wp:attachment":[{"href":"https:\/\/serveiseducatius.xtec.cat\/cerdanya\/wp-json\/wp\/v2\/media?parent=10208"}],"wp:term":[{"taxonomy":"category","embeddable":true,"href":"https:\/\/serveiseducatius.xtec.cat\/cerdanya\/wp-json\/wp\/v2\/categories?post=10208"},{"taxonomy":"post_tag","embeddable":true,"href":"https:\/\/serveiseducatius.xtec.cat\/cerdanya\/wp-json\/wp\/v2\/tags?post=10208"}],"curies":[{"name":"wp","href":"https:\/\/api.w.org\/{rel}","templated":true}]}}