{"id":10137,"date":"2023-02-15T10:28:05","date_gmt":"2023-02-15T09:28:05","guid":{"rendered":"https:\/\/serveiseducatius.xtec.cat\/cerdanya\/?p=10137"},"modified":"2023-02-15T10:28:05","modified_gmt":"2023-02-15T09:28:05","slug":"conferencies-sobre-llengues-i-cultures-del-mon","status":"publish","type":"post","link":"https:\/\/serveiseducatius.xtec.cat\/cerdanya\/general\/conferencies-sobre-llengues-i-cultures-del-mon\/","title":{"rendered":"Confer\u00e8ncies sobre lleng\u00fces i cultures del m\u00f3n"},"content":{"rendered":"<p style=\"font-weight: 400;\">Us informem de dues confer\u00e8ncies online relacionades amb les lleng\u00fces i cultures del m\u00f3n, que s\u2019oferiran el <strong>dijous 23 de febrer i el dimarts 14 de mar\u00e7 de 17:30 a 19:30<\/strong>.<\/p>\n<p style=\"font-weight: 400;\">Les confer\u00e8ncies estan \u00a0adre\u00e7ades especialment a tutors\/es de les AA, CLIC de centre i docents en general.<\/p>\n<p style=\"font-weight: 400;\">Podeu fer la inscripci\u00f3 fins el dia 22 de febrer. S\u2019adjudicar\u00e0 per ordre d\u2019inscripci\u00f3. Les persones admeses rebran l\u2019enlla\u00e7 del meet el mateix dia de la confer\u00e8ncia.<\/p>\n<table style=\"font-weight: 400; width: 96.5348%;\">\n<tbody>\n<tr>\n<td style=\"width: 100%;\" width=\"513\"><strong>23-02-2023 de 17:30 a 19:30, a c\u00e0rrec de Patr\u00edcia Mart\u00ednez<\/strong><\/p>\n<p><strong>5004030505<\/strong>\u00a0<strong>Confer\u00e8ncia lleng\u00fces i cultures del m\u00f3n: Am\u00e8rica Llatina<\/strong><\/p>\n<p><strong><br \/>\nEnlla\u00e7 d\u2019inscripci\u00f3\u00a0<\/strong><a href=\"https:\/\/aplicacions.gestioeducativa.gencat.cat\/pls\/soloas\/inscripcionsnp?codi=5004030505&amp;curs=2022-2023\" data-saferedirecturl=\"https:\/\/www.google.com\/url?q=https:\/\/aplicacions.gestioeducativa.gencat.cat\/pls\/soloas\/inscripcionsnp?codi%3D5004030505%26curs%3D2022-2023&amp;source=gmail&amp;ust=1676538197324000&amp;usg=AOvVaw3YsqZBJSo5uLjDN5b-cnRQ\">https:\/\/aplicacions.gestioeducativa.gencat.cat\/pls\/soloas\/inscripcionsnp?codi=5004030505&amp;curs=2022-2023<\/a><\/p>\n<p><em>\u00a0<\/em><\/p>\n<p><em>En aquesta sessi\u00f3 es far\u00e0 una aproximaci\u00f3 al concepte de diversitat a l&#8217;Am\u00e8rica Llatina, des de la seva actualitat i la seva hist\u00f2ria. S\u2019identificaran algunes din\u00e0miques de migraci\u00f3 i de transformaci\u00f3 de la nostra societat i, finalment, es far\u00e0 refer\u00e8ncia a bones pr\u00e0ctiques i reptes a les aules amb alumnes d&#8217;origen llatinoameric\u00e0.<\/em><\/p>\n<p>&nbsp;<\/td>\n<\/tr>\n<tr>\n<td style=\"width: 100%;\" width=\"513\"><strong>14-03-2023 de 17:30 a 19:30, a c\u00e0rrec de Jordi P\u00e0mies<\/strong><\/p>\n<p><strong>5004040505 Confer\u00e8ncia lleng\u00fces i cultures del m\u00f3n: Marroc<\/strong><\/p>\n<p><strong>\u00a0<\/strong><\/p>\n<p><strong>Enlla\u00e7 d&#8217;inscripci\u00f3\u00a0<\/strong><a href=\"https:\/\/aplicacions.gestioeducativa.gencat.cat\/pls\/soloas\/inscripcionsnp?codi=5004040505&amp;curs=2022-2023\" data-saferedirecturl=\"https:\/\/www.google.com\/url?q=https:\/\/aplicacions.gestioeducativa.gencat.cat\/pls\/soloas\/inscripcionsnp?codi%3D5004040505%26curs%3D2022-2023&amp;source=gmail&amp;ust=1676538197324000&amp;usg=AOvVaw0hvIupOK5gm2aKq97XlPCj\">https:\/\/aplicacions.gestioeducativa.gencat.cat\/pls\/soloas\/inscripcionsnp?codi=5004040505&amp;curs=2022-2023<\/a><\/p>\n<p><em>\u00a0<\/em><\/p>\n<p><em>En aquesta sessi\u00f3 es far\u00e0 una aproximaci\u00f3 a la societat marroquina i al seu sistema educatiu, a la diversitat de lleng\u00fces, els processos migratoris, la realitat dels menors no acompanyats, els factors d&#8217;\u00e8xit dels joves migrants marroquins i es donar\u00e0 material bibliogr\u00e0fic.<\/em><\/p>\n<p>&nbsp;<\/td>\n<\/tr>\n<\/tbody>\n<\/table>\n<p style=\"font-weight: 400;\">\u00a0\u00a0Esperem que les confer\u00e8ncies siguin del vostre inter\u00e8s.<\/p>\n","protected":false},"excerpt":{"rendered":"<p>Us informem de dues confer\u00e8ncies online relacionades amb les lleng\u00fces i cultures del m\u00f3n, que s\u2019oferiran el dijous 23 de febrer i el dimarts 14 de mar\u00e7 de 17:30 a 19:30. Les confer\u00e8ncies estan \u00a0adre\u00e7ades especialment a tutors\/es de les AA, CLIC de centre i docents en general. Podeu fer la inscripci\u00f3 fins el dia [&hellip;]<\/p>\n","protected":false},"author":1,"featured_media":10138,"comment_status":"open","ping_status":"closed","sticky":false,"template":"","format":"standard","meta":{"_bbp_topic_count":0,"_bbp_reply_count":0,"_bbp_total_topic_count":0,"_bbp_total_reply_count":0,"_bbp_voice_count":0,"_bbp_anonymous_reply_count":0,"_bbp_topic_count_hidden":0,"_bbp_reply_count_hidden":0,"_bbp_forum_subforum_count":0,"site-sidebar-layout":"default","site-content-layout":"","ast-site-content-layout":"","site-content-style":"default","site-sidebar-style":"default","ast-global-header-display":"","ast-banner-title-visibility":"","ast-main-header-display":"","ast-hfb-above-header-display":"","ast-hfb-below-header-display":"","ast-hfb-mobile-header-display":"","site-post-title":"","ast-breadcrumbs-content":"","ast-featured-img":"","footer-sml-layout":"","theme-transparent-header-meta":"","adv-header-id-meta":"","stick-header-meta":"","header-above-stick-meta":"","header-main-stick-meta":"","header-below-stick-meta":"","astra-migrate-meta-layouts":"default","ast-page-background-enabled":"default","ast-page-background-meta":{"desktop":{"background-color":"var(--ast-global-color-4)","background-image":"","background-repeat":"repeat","background-position":"center center","background-size":"auto","background-attachment":"scroll","background-type":"","background-media":"","overlay-type":"","overlay-color":"","overlay-opacity":"","overlay-gradient":""},"tablet":{"background-color":"","background-image":"","background-repeat":"repeat","background-position":"center center","background-size":"auto","background-attachment":"scroll","background-type":"","background-media":"","overlay-type":"","overlay-color":"","overlay-opacity":"","overlay-gradient":""},"mobile":{"background-color":"","background-image":"","background-repeat":"repeat","background-position":"center center","background-size":"auto","background-attachment":"scroll","background-type":"","background-media":"","overlay-type":"","overlay-color":"","overlay-opacity":"","overlay-gradient":""}},"ast-content-background-meta":{"desktop":{"background-color":"var(--ast-global-color-5)","background-image":"","background-repeat":"repeat","background-position":"center center","background-size":"auto","background-attachment":"scroll","background-type":"","background-media":"","overlay-type":"","overlay-color":"","overlay-opacity":"","overlay-gradient":""},"tablet":{"background-color":"var(--ast-global-color-5)","background-image":"","background-repeat":"repeat","background-position":"center center","background-size":"auto","background-attachment":"scroll","background-type":"","background-media":"","overlay-type":"","overlay-color":"","overlay-opacity":"","overlay-gradient":""},"mobile":{"background-color":"var(--ast-global-color-5)","background-image":"","background-repeat":"repeat","background-position":"center center","background-size":"auto","background-attachment":"scroll","background-type":"","background-media":"","overlay-type":"","overlay-color":"","overlay-opacity":"","overlay-gradient":""}},"footnotes":""},"categories":[1,29],"tags":[],"class_list":["post-10137","post","type-post","status-publish","format-standard","has-post-thumbnail","hentry","category-general","category-portada"],"post_mailing_queue_ids":[],"_links":{"self":[{"href":"https:\/\/serveiseducatius.xtec.cat\/cerdanya\/wp-json\/wp\/v2\/posts\/10137","targetHints":{"allow":["GET"]}}],"collection":[{"href":"https:\/\/serveiseducatius.xtec.cat\/cerdanya\/wp-json\/wp\/v2\/posts"}],"about":[{"href":"https:\/\/serveiseducatius.xtec.cat\/cerdanya\/wp-json\/wp\/v2\/types\/post"}],"author":[{"embeddable":true,"href":"https:\/\/serveiseducatius.xtec.cat\/cerdanya\/wp-json\/wp\/v2\/users\/1"}],"replies":[{"embeddable":true,"href":"https:\/\/serveiseducatius.xtec.cat\/cerdanya\/wp-json\/wp\/v2\/comments?post=10137"}],"version-history":[{"count":1,"href":"https:\/\/serveiseducatius.xtec.cat\/cerdanya\/wp-json\/wp\/v2\/posts\/10137\/revisions"}],"predecessor-version":[{"id":10139,"href":"https:\/\/serveiseducatius.xtec.cat\/cerdanya\/wp-json\/wp\/v2\/posts\/10137\/revisions\/10139"}],"wp:featuredmedia":[{"embeddable":true,"href":"https:\/\/serveiseducatius.xtec.cat\/cerdanya\/wp-json\/wp\/v2\/media\/10138"}],"wp:attachment":[{"href":"https:\/\/serveiseducatius.xtec.cat\/cerdanya\/wp-json\/wp\/v2\/media?parent=10137"}],"wp:term":[{"taxonomy":"category","embeddable":true,"href":"https:\/\/serveiseducatius.xtec.cat\/cerdanya\/wp-json\/wp\/v2\/categories?post=10137"},{"taxonomy":"post_tag","embeddable":true,"href":"https:\/\/serveiseducatius.xtec.cat\/cerdanya\/wp-json\/wp\/v2\/tags?post=10137"}],"curies":[{"name":"wp","href":"https:\/\/api.w.org\/{rel}","templated":true}]}}