{"id":10047,"date":"2022-09-23T13:03:09","date_gmt":"2022-09-23T11:03:09","guid":{"rendered":"https:\/\/serveiseducatius.xtec.cat\/cerdanya\/?p=10047"},"modified":"2022-09-23T13:03:09","modified_gmt":"2022-09-23T11:03:09","slug":"27a-edicio-de-la-setmana-de-la-ciencia","status":"publish","type":"post","link":"https:\/\/serveiseducatius.xtec.cat\/cerdanya\/general\/27a-edicio-de-la-setmana-de-la-ciencia\/","title":{"rendered":"27a edici\u00f3 de la Setmana de la ci\u00e8ncia"},"content":{"rendered":"<p dir=\"ltr\">Us informem que la Fundaci\u00f3 Catalana per a la Recerca i la Innovaci\u00f3 (FCRI), amb el suport del Departament d&#8217;Educaci\u00f3, organitza la 27a edici\u00f3 de la <strong>Setmana de la Ci\u00e8ncia<\/strong>, que se celebrar\u00e0 del <strong>12 al 21 de novembre<\/strong>, arreu de Catalunya.<\/p>\n<p dir=\"ltr\">L&#8217;activitat &#8220;<strong>La ci\u00e8ncia en primera persona<\/strong>&#8221; que es celebrar\u00e0 el dia <strong>16 de novembre<\/strong> al mat\u00ed s&#8217;emmarca en la Setmana de la Ci\u00e8ncia,\u00a0 amb la finalitat del foment de les vocacions cient\u00edfiques i tecnol\u00f2giques entre l&#8217;alumnat del nostre pa\u00eds, pretenent apropar els i les cient\u00edfiques als instituts.<\/p>\n<p dir=\"ltr\">Seguint la bona acollida de l\u2019edici\u00f3 passada, enguany es mant\u00e9 la modalitat virtual i poden participar tots els centres de secund\u00e0ria.<\/p>\n<p dir=\"ltr\">L\u2019 activitat es fonamenta en tres parts:<\/p>\n<p dir=\"ltr\">1. Edici\u00f3 d\u2019un v\u00eddeo, d\u2019una durada d\u2019uns 5-10 minuts on es llen\u00e7a tamb\u00e9 una proposta o un repte.<\/p>\n<p dir=\"ltr\">2. Aquest v\u00eddeo el visualitzar\u00e0 l\u2019alumnat en hores lectives juntament amb els seus professors\/es. L\u2019alumnat ens faran arribar imatge del repte aconseguit (5 fotografies m\u00e0xim per grup) aix\u00ed com les preguntes que volen formular als\/a les cient\u00edfics\/ques (3 preguntes m\u00e0xim per grup).<\/p>\n<p dir=\"ltr\">3. El dia 16 de novembre al mat\u00ed, retransmissi\u00f3 en directe pel canal youtube de cadascun dels cient\u00edfics\/ques.<\/p>\n<p dir=\"ltr\">L\u2019activitat adre\u00e7ada a l\u2019alumnat de <strong>3r i 4t d\u2019ESO<\/strong> va a c\u00e0rrec de cient\u00edfics\/ques que es dediquen a la investigaci\u00f3 i que expliquen la seva tasca, tant des del vessant cient\u00edfic com del vessant hum\u00e0.<\/p>\n<p dir=\"ltr\">Es proposen 4 grans temes per a tractar amb els seg\u00fcents ponents:<\/p>\n<ul>\n<li dir=\"ltr\"><strong>Biologia Marina<\/strong>: Ariadna Martinez (ICM \u2013 CSIC)<\/li>\n<li dir=\"ltr\"><strong>Qu\u00edmica<\/strong>: Jos\u00e9 Ram\u00f3n Gal\u00e1n-Mascar\u00f3s (ICIQ)<\/li>\n<li dir=\"ltr\"><strong>Matem\u00e0tiques<\/strong>: Mari\u00e0 Cano f\u00edsic i professor de matem\u00e0tiques d\u2019ensenyament de secund\u00e0ria<\/li>\n<li dir=\"ltr\"><strong>Energia<\/strong>: Lucile Bernadet, Radostin Stefanov, Kosova Kreka i Juan Carlos Gonz\u00e1lez, \u00a0 grup de recerca de Nanoi\u00f2nica i Piles de combustible de l&#8217;Institut de Recerca en Energia de Catalunya (IREC)<\/li>\n<\/ul>\n<p dir=\"ltr\">En aquest <a href=\"https:\/\/drive.google.com\/file\/d\/1LySbhVLC8l8_62f7qhjd8uaRmSWGSFnM\/view?usp=sharing\">document<\/a> hi trobareu els enlla\u00e7os als 4 v\u00eddeos, els 4 reptes i els horaris de les connexions en directe de les pon\u00e8ncies que es transmetran en directe des del <a href=\"https:\/\/www.youtube.com\/user\/fcrivideo\" target=\"_blank\" rel=\"noopener\" data-saferedirecturl=\"https:\/\/www.google.com\/url?q=https:\/\/www.youtube.com\/user\/fcrivideo&amp;source=gmail&amp;ust=1664014012170000&amp;usg=AOvVaw0ROZ6FHdvxN0Hb-NUw7xwZ\">canal de Youtube de la FCRI<\/a> el mat\u00ed del dia 16 de novembre.<\/p>\n<p dir=\"ltr\">Si el vostre centre est\u00e0 interessat a participar en l&#8217;activitat cal que ompliu aquest <a href=\"https:\/\/docs.google.com\/forms\/d\/e\/1FAIpQLSeDssxfBp4IDz0gsa2d_eFhmumXv-jtx7qEiITKgYdQG0bfzg\/viewform?usp=sf_link\">formulari<\/a> abans del dia 7 d&#8217;octubre.<\/p>\n<p dir=\"ltr\">Els centres que ho desitgin podran participar en directe el mateix dia 16 de novembre, podran enviar els reptes i les preguntes als cient\u00edfics per a qu\u00e8 les comentin en directe:<\/p>\n<p dir=\"ltr\">Data l\u00edmit per enviar els reptes i les preguntes: 3 de novembre<\/p>\n<p dir=\"ltr\"><a href=\"https:\/\/docs.google.com\/forms\/d\/e\/1FAIpQLScYfnM3iR5VPoo-YiIh5Wzp7feY3tU1fqd6ornj6RwZWm-URw\/viewform?usp=sf_link\" target=\"_blank\" rel=\"noopener\" data-saferedirecturl=\"https:\/\/www.google.com\/url?q=https:\/\/docs.google.com\/forms\/d\/e\/1FAIpQLScYfnM3iR5VPoo-YiIh5Wzp7feY3tU1fqd6ornj6RwZWm-URw\/viewform?usp%3Dsf_link&amp;source=gmail&amp;ust=1664014012170000&amp;usg=AOvVaw1MNvdSF97jtCdccXYlh9Wh\">Formulari d\u2019enviament dels reptes i preguntes als cient\u00edfics<\/a><\/p>\n<p dir=\"ltr\">M\u00e9s informaci\u00f3 detallada a<a href=\"http:\/\/www.setmanaciencia.cat\/\" target=\"_blank\" rel=\"noopener\" data-saferedirecturl=\"https:\/\/www.google.com\/url?q=http:\/\/www.setmanaciencia.cat\/&amp;source=gmail&amp;ust=1664014012170000&amp;usg=AOvVaw0y0kkuQtDJCaa8Xv-tgUnR\"> www.setmanaciencia.cat<\/a><\/p>\n<p dir=\"ltr\">\n","protected":false},"excerpt":{"rendered":"<p>Us informem que la Fundaci\u00f3 Catalana per a la Recerca i la Innovaci\u00f3 (FCRI), amb el suport del Departament d&#8217;Educaci\u00f3, organitza la 27a edici\u00f3 de la Setmana de la Ci\u00e8ncia, que se celebrar\u00e0 del 12 al 21 de novembre, arreu de Catalunya. L&#8217;activitat &#8220;La ci\u00e8ncia en primera persona&#8221; que es celebrar\u00e0 el dia 16 de [&hellip;]<\/p>\n","protected":false},"author":1,"featured_media":10048,"comment_status":"open","ping_status":"closed","sticky":false,"template":"","format":"standard","meta":{"_bbp_topic_count":0,"_bbp_reply_count":0,"_bbp_total_topic_count":0,"_bbp_total_reply_count":0,"_bbp_voice_count":0,"_bbp_anonymous_reply_count":0,"_bbp_topic_count_hidden":0,"_bbp_reply_count_hidden":0,"_bbp_forum_subforum_count":0,"site-sidebar-layout":"default","site-content-layout":"","ast-site-content-layout":"","site-content-style":"default","site-sidebar-style":"default","ast-global-header-display":"","ast-banner-title-visibility":"","ast-main-header-display":"","ast-hfb-above-header-display":"","ast-hfb-below-header-display":"","ast-hfb-mobile-header-display":"","site-post-title":"","ast-breadcrumbs-content":"","ast-featured-img":"","footer-sml-layout":"","theme-transparent-header-meta":"","adv-header-id-meta":"","stick-header-meta":"","header-above-stick-meta":"","header-main-stick-meta":"","header-below-stick-meta":"","astra-migrate-meta-layouts":"default","ast-page-background-enabled":"default","ast-page-background-meta":{"desktop":{"background-color":"var(--ast-global-color-4)","background-image":"","background-repeat":"repeat","background-position":"center center","background-size":"auto","background-attachment":"scroll","background-type":"","background-media":"","overlay-type":"","overlay-color":"","overlay-opacity":"","overlay-gradient":""},"tablet":{"background-color":"","background-image":"","background-repeat":"repeat","background-position":"center center","background-size":"auto","background-attachment":"scroll","background-type":"","background-media":"","overlay-type":"","overlay-color":"","overlay-opacity":"","overlay-gradient":""},"mobile":{"background-color":"","background-image":"","background-repeat":"repeat","background-position":"center center","background-size":"auto","background-attachment":"scroll","background-type":"","background-media":"","overlay-type":"","overlay-color":"","overlay-opacity":"","overlay-gradient":""}},"ast-content-background-meta":{"desktop":{"background-color":"var(--ast-global-color-5)","background-image":"","background-repeat":"repeat","background-position":"center center","background-size":"auto","background-attachment":"scroll","background-type":"","background-media":"","overlay-type":"","overlay-color":"","overlay-opacity":"","overlay-gradient":""},"tablet":{"background-color":"var(--ast-global-color-5)","background-image":"","background-repeat":"repeat","background-position":"center center","background-size":"auto","background-attachment":"scroll","background-type":"","background-media":"","overlay-type":"","overlay-color":"","overlay-opacity":"","overlay-gradient":""},"mobile":{"background-color":"var(--ast-global-color-5)","background-image":"","background-repeat":"repeat","background-position":"center center","background-size":"auto","background-attachment":"scroll","background-type":"","background-media":"","overlay-type":"","overlay-color":"","overlay-opacity":"","overlay-gradient":""}},"footnotes":""},"categories":[65,1,29],"tags":[],"class_list":["post-10047","post","type-post","status-publish","format-standard","has-post-thumbnail","hentry","category-crp","category-general","category-portada"],"post_mailing_queue_ids":[],"_links":{"self":[{"href":"https:\/\/serveiseducatius.xtec.cat\/cerdanya\/wp-json\/wp\/v2\/posts\/10047","targetHints":{"allow":["GET"]}}],"collection":[{"href":"https:\/\/serveiseducatius.xtec.cat\/cerdanya\/wp-json\/wp\/v2\/posts"}],"about":[{"href":"https:\/\/serveiseducatius.xtec.cat\/cerdanya\/wp-json\/wp\/v2\/types\/post"}],"author":[{"embeddable":true,"href":"https:\/\/serveiseducatius.xtec.cat\/cerdanya\/wp-json\/wp\/v2\/users\/1"}],"replies":[{"embeddable":true,"href":"https:\/\/serveiseducatius.xtec.cat\/cerdanya\/wp-json\/wp\/v2\/comments?post=10047"}],"version-history":[{"count":1,"href":"https:\/\/serveiseducatius.xtec.cat\/cerdanya\/wp-json\/wp\/v2\/posts\/10047\/revisions"}],"predecessor-version":[{"id":10049,"href":"https:\/\/serveiseducatius.xtec.cat\/cerdanya\/wp-json\/wp\/v2\/posts\/10047\/revisions\/10049"}],"wp:featuredmedia":[{"embeddable":true,"href":"https:\/\/serveiseducatius.xtec.cat\/cerdanya\/wp-json\/wp\/v2\/media\/10048"}],"wp:attachment":[{"href":"https:\/\/serveiseducatius.xtec.cat\/cerdanya\/wp-json\/wp\/v2\/media?parent=10047"}],"wp:term":[{"taxonomy":"category","embeddable":true,"href":"https:\/\/serveiseducatius.xtec.cat\/cerdanya\/wp-json\/wp\/v2\/categories?post=10047"},{"taxonomy":"post_tag","embeddable":true,"href":"https:\/\/serveiseducatius.xtec.cat\/cerdanya\/wp-json\/wp\/v2\/tags?post=10047"}],"curies":[{"name":"wp","href":"https:\/\/api.w.org\/{rel}","templated":true}]}}