{"id":9860,"date":"2020-05-15T13:12:17","date_gmt":"2020-05-15T11:12:17","guid":{"rendered":"http:\/\/serveiseducatius.xtec.cat\/cda-vallsdaneu\/?p=9860"},"modified":"2020-05-15T19:03:28","modified_gmt":"2020-05-15T17:03:28","slug":"fotografies-naturalistes-15-05-20","status":"publish","type":"post","link":"https:\/\/serveiseducatius.xtec.cat\/cda-vallsdaneu\/general\/fotografies-naturalistes-15-05-20\/","title":{"rendered":"Fotografies naturalistes 15\/05\/20"},"content":{"rendered":"<p style=\"text-align: justify;\">Hola alumnes confiNATS i desconfiNATS de Catalunya! Avui s\u2019acaba la segona setmana de maig, aix\u00ed que publiquem les fotos naturalistes que ens heu enviat. Us volem tornar a FELICITAR, hem rebut moltes fotografies i en tenim unes quantes esperant al tinter per a publicar-les la setmana vinent! Esteu molt motivats i aix\u00f2 de poder comen\u00e7ar a sortir s&#8217;ha notat molt amb la quantitat de fotografies que hem rebut!<\/p>\n<h5><strong>Agra\u00efm la seva ajuda a&#8230;<\/strong><\/h5>\n<p style=\"text-align: justify;\">Volem, com sempre, agrair als nostres col\u00b7laboradors incansables que ens ajuden a classificar les esp\u00e8cies que veieu. En especial agra\u00efm la seva ajuda al Juan Fern\u00e1ndez -bi\u00f2leg i gran naturalista coneixedor del nostre territori-, al Jordi Guill\u00e9n -t\u00e8cnic forestal i gran coneixedor de tota la fauna en general, per\u00f2 en especial del grup dels amfibis, aus i l&#8217;\u00f3s bru-; a la Marta Avizanda -bi\u00f2loga i ex-professora del Camp d&#8217;Aprenentatge, professora de l&#8217;Institut de la Pobla de Segur-, que \u00e9s una gran experta en papallones, al Francesc Rodr\u00edguez, naturalista i fundador d&#8217;Obaga activitats i gran coneixedor de les papallones de casa nostra; al Ferran Turmo -mestre jubilat, gran naturalista i fot\u00f2graf-, per ajudar-nos en la classificaci\u00f3 d&#8217;invertebrats i, finalment, a Nicol\u00e1s P\u00e9rez Hidalgo, de la Universitat de Val\u00e8ncia, per la seva col\u00b7laboraci\u00f3 en la identificaci\u00f3 del pug\u00f3 llanut.<\/p>\n<p>I en general tamb\u00e9 a tots els col\u00b7laboradors de<a href=\"https:\/\/www.inaturalist.org\/\"> l&#8217;iNaturalist<\/a> i de <a href=\"https:\/\/www.biodiversidadvirtual.org\/\">Biodiversidad Virtual<\/a> que ens ajuden a classificar moltes de les esp\u00e8cies que ens envieu! Us animem a que feu una ullada de les webs. S\u00f3n molt interessants!<\/p>\n<h5><strong>Les esp\u00e8cies d&#8217;aquesta setmana<\/strong><\/h5>\n<p style=\"text-align: justify;\">Aquesta setmana hem rebut les fotografies que us detallem a continuaci\u00f3. Al final de la llista tamb\u00e9 us enllacem l&#8217;\u00e0lbum on les podeu visualitzar i comentar.<\/p>\n<ol>\n<li style=\"text-align: justify;\"><b>Papallona Bruna boscana <\/b>(<em>Pararge aegeria<\/em>). Gaia E. B. 6\u00e8. Escola La Closa (Esterri d&#8217;\u00c0neu).<\/li>\n<li style=\"text-align: justify;\"><strong style=\"font-family: inherit; font-size: 1em;\">Papallona Blaveta del Crespinell <\/strong><span style=\"font-family: inherit; font-size: 1em;\">(<em>Scolitantides orion<\/em><\/span><span style=\"font-family: inherit; font-size: 1em;\">). Lluc R. V. 5\u00e8. Escola Montsent de Pallars (Rialp).<\/span><\/li>\n<li style=\"text-align: justify;\"><span style=\"font-family: inherit; font-size: 1em;\"><b>Esp\u00e8cie sorpresa del repte d&#8217;aquesta setmana.<\/b> Aran i Lara A.V. 1r i P3. <\/span><span style=\"font-family: inherit; font-size: 1em;\">Escola El Drac (Pacs del Pened\u00e8s).<\/span><\/li>\n<li style=\"text-align: justify;\"><strong style=\"font-family: inherit; font-size: 1em;\">Sabater d&#8217;aigua\u00a0 <\/strong><span style=\"font-family: inherit; font-size: 1em;\">(Insecte. Fam\u00edlia G\u00e8rrids). Al\u00e8xia E.R. 3r ESO. INS Morell\u00f3 (Esterri d&#8217;\u00c0neu).<\/span><\/li>\n<li style=\"text-align: justify;\"><strong>Papallona Arctia Tigrina<\/strong> (<em>Arctia tigrina<\/em>). Yasmin Andrea T. 1r ESO. IE Mare de D\u00e9u del Portal (Batea).<\/li>\n<li><strong>Arna Tigre del jard\u00ed<\/strong> (<em>Arctia villica<\/em>). Gerard F. S. IE Mare de D\u00e9u del Portal. (Batea).<\/li>\n<li><strong>Niu de merla, ous i pollets<\/strong> (<em>Turdus merula<\/em>). Elga M. C. 4t Prim\u00e0ria. Escola El Colomer (Bigues i Riells).<\/li>\n<li><strong>Niu de griva (mare covant i ous)<\/strong>\u00a0\u00a0(<em>Turdus viscivorus<\/em>). Ona C.B. Escola Pau Casals. (Gr\u00e0cia, Barcelona).<\/li>\n<li><strong>C\u00f2pula de Cindedela campestre<\/strong> (<em>Cindedela Campestris)<\/em>. Nil i Biel Oilveras. P5 i 2n Prim\u00e0ria. Escola Els Raiers (La Pobla de Segur).<\/li>\n<li><strong>Cole\u00f2pter<\/strong> (<em>Tropinota squalida)<\/em>. Miquel \u00c0ngel F. 6\u00e8 Prim\u00e0ria. Escola Salvador Espriu (Vallfogona de Balaguer).<\/li>\n<li><strong>Formiga i pug\u00f3 llanut<\/strong> (<em>Lasius fulginosus, Prociphilus tessellatus<\/em>). Eire i Arlet G. P. 5\u00e8 i 1r de Prim\u00e0ria. Escola de Llavors\u00ed (Llavors\u00ed).<\/li>\n<li><strong>Cargol de terra<\/strong> (<em>Theba pisana<\/em>). \u00c8ric C. C. 5\u00e8 Prim\u00e0ria. Instituci\u00f3 Montserrat (Barcelona).<\/li>\n<li><strong>Escarabat<\/strong> (<em>Morimus asper<\/em>). Cesc R. V.\u00a0 2n Prim\u00e0ria. Escola Montsent de Pallars (Rialp).<\/li>\n<li><strong>Escarabat de maig<\/strong> (<em>Melolontha melolontha). <\/em>Otger S. A. 3r Prim\u00e0ria. Escola de Llavors\u00ed (Llavors\u00ed).<\/li>\n<li><strong>Marieta negra amb punts taronges<\/strong> (<em>Adalia decempunctata<\/em>). M\u00edriam O. 3r Prim\u00e0ria. Escola La Closa (Esterri d&#8217;\u00c0neu).<\/li>\n<li><strong>Drag\u00f3 com\u00fa<\/strong> (<em>Tarentola mauritanica<\/em>). Aina i Biel V. E. 1r ESO i 5\u00e8 Prim\u00e0ria. Escola Solc (Barcelona).<\/li>\n<li><strong>Papallona de les ortigues<\/strong> (<em>Aglais urticae<\/em>). Matilda R. V. 6\u00e8 Prim\u00e0ria. Escola Montsent de Pallars (Rialp).<\/li>\n<li><strong>Niu d&#8217;estornell, adult i pollet<\/strong>\u00a0(<em>Sturnus sp<\/em>.) J\u00falia Y. G. Escola Cor de Maria (Sant Celoni).<\/li>\n<li><strong>Gratapalles<\/strong> (<em>Emberiza cirlus<\/em>). Bru E. B. 4t Escola La Closa (Esterri d&#8217;\u00c0neu).<\/li>\n<\/ol>\n<p>Si cliqueu sobre aquesta composici\u00f3 de les fotografies que hem fet, se us obrir\u00e0 l&#8217;\u00e0lbum amb totes les fotografies:<\/p>\n<p><a href=\"https:\/\/photos.app.goo.gl\/VxzvJKY2ENzQ5rcv8\"><img loading=\"lazy\" decoding=\"async\" class=\"alignleft wp-image-9873 size-large\" src=\"https:\/\/serveiseducatius.xtec.cat\/cda-vallsdaneu\/wp-content\/uploads\/usu1375\/2020\/05\/2_collage-1024x1024.jpg\" alt=\"\" width=\"1024\" height=\"1024\" srcset=\"https:\/\/serveiseducatius.xtec.cat\/cda-vallsdaneu\/wp-content\/uploads\/usu1375\/2020\/05\/2_collage-1024x1024.jpg 1024w, https:\/\/serveiseducatius.xtec.cat\/cda-vallsdaneu\/wp-content\/uploads\/usu1375\/2020\/05\/2_collage-150x150.jpg 150w, https:\/\/serveiseducatius.xtec.cat\/cda-vallsdaneu\/wp-content\/uploads\/usu1375\/2020\/05\/2_collage-300x300.jpg 300w, https:\/\/serveiseducatius.xtec.cat\/cda-vallsdaneu\/wp-content\/uploads\/usu1375\/2020\/05\/2_collage-768x768.jpg 768w, https:\/\/serveiseducatius.xtec.cat\/cda-vallsdaneu\/wp-content\/uploads\/usu1375\/2020\/05\/2_collage.jpg 1884w\" sizes=\"auto, (max-width: 1024px) 100vw, 1024px\" \/><\/a><\/p>\n<p>&nbsp;<\/p>\n<p>Si no podeu visualitzar correctament les fotografies cliqueu <span style=\"text-decoration: underline;\"><strong><a href=\"https:\/\/photos.app.goo.gl\/VxzvJKY2ENzQ5rcv8\">l&#8217;enlla\u00e7<\/a><\/strong><\/span> per accedir a l&#8217;\u00e0lbum.<\/p>\n<h5><strong>Doneu-nos detalls sobre les vostres fotografies<\/strong><\/h5>\n<p style=\"text-align: justify;\">Molts d&#8217;aquests animals reben noms diferents en funci\u00f3 de la zona de Catalunya on visqueu. Si us plau, digueu-nos com els hi dieu a l&#8217;apartat de comentaris. A m\u00e9s, si els fot\u00f2grafs ens voleu donar m\u00e9s detalls de com i on vau fer les fotos, expliqueu-nos-ho tamb\u00e9 als comentaris d&#8217;aquest article. Ser\u00e0 interessant saber com vau descobrir els animals i com us ho vau fer per a fotografiar-los.<\/p>\n<h5><strong>Seguiu participant!<\/strong><\/h5>\n<p style=\"text-align: justify;\">Recordeu: seguiu enviant-nos fotos dels animals que veieu des de la finestra des de qualsevol poble de Catalunya a <a href=\"mailto:cda-vallsdaneu@xtec.cat\">cda-vallsdaneu@xtec.cat<\/a> (salvatges, els dom\u00e8stics no els publicarem). Les fotos han d&#8217;haver-se fet dins del per\u00edode de confinament, des del 13 de mar\u00e7 del 2020. A finals del mes de maig sortejarem un altre buff del Camp d\u2019Aprenentatge entre tots els que hagueu participat.<\/p>\n<p style=\"text-align: justify;\"><strong><em>Termini per enviar-les:<\/em> <\/strong>Fins dijous de cada setmana. Les fotos enviades el mateix divendres es publicaran el divendres seg\u00fcent, ja que necessitem una mica de temps per a classificar-les i editar-les.<\/p>\n","protected":false},"excerpt":{"rendered":"<p>Hola alumnes confiNATS i desconfiNATS de Catalunya! Avui s\u2019acaba la segona setmana de maig, aix\u00ed que publiquem les fotos naturalistes [&hellip;]<\/p>\n","protected":false},"author":1,"featured_media":9873,"comment_status":"open","ping_status":"closed","sticky":false,"template":"","format":"standard","meta":{"_bbp_topic_count":0,"_bbp_reply_count":0,"_bbp_total_topic_count":0,"_bbp_total_reply_count":0,"_bbp_voice_count":0,"_bbp_anonymous_reply_count":0,"_bbp_topic_count_hidden":0,"_bbp_reply_count_hidden":0,"_bbp_forum_subforum_count":0,"site-sidebar-layout":"default","site-content-layout":"","ast-site-content-layout":"","site-content-style":"default","site-sidebar-style":"default","ast-global-header-display":"","ast-banner-title-visibility":"","ast-main-header-display":"","ast-hfb-above-header-display":"","ast-hfb-below-header-display":"","ast-hfb-mobile-header-display":"","site-post-title":"","ast-breadcrumbs-content":"","ast-featured-img":"","footer-sml-layout":"","theme-transparent-header-meta":"","adv-header-id-meta":"","stick-header-meta":"","header-above-stick-meta":"","header-main-stick-meta":"","header-below-stick-meta":"","astra-migrate-meta-layouts":"default","ast-page-background-enabled":"default","ast-page-background-meta":{"desktop":{"background-color":"var(--ast-global-color-4)","background-image":"","background-repeat":"repeat","background-position":"center center","background-size":"auto","background-attachment":"scroll","background-type":"","background-media":"","overlay-type":"","overlay-color":"","overlay-opacity":"","overlay-gradient":""},"tablet":{"background-color":"","background-image":"","background-repeat":"repeat","background-position":"center center","background-size":"auto","background-attachment":"scroll","background-type":"","background-media":"","overlay-type":"","overlay-color":"","overlay-opacity":"","overlay-gradient":""},"mobile":{"background-color":"","background-image":"","background-repeat":"repeat","background-position":"center center","background-size":"auto","background-attachment":"scroll","background-type":"","background-media":"","overlay-type":"","overlay-color":"","overlay-opacity":"","overlay-gradient":""}},"ast-content-background-meta":{"desktop":{"background-color":"var(--ast-global-color-5)","background-image":"","background-repeat":"repeat","background-position":"center center","background-size":"auto","background-attachment":"scroll","background-type":"","background-media":"","overlay-type":"","overlay-color":"","overlay-opacity":"","overlay-gradient":""},"tablet":{"background-color":"var(--ast-global-color-5)","background-image":"","background-repeat":"repeat","background-position":"center center","background-size":"auto","background-attachment":"scroll","background-type":"","background-media":"","overlay-type":"","overlay-color":"","overlay-opacity":"","overlay-gradient":""},"mobile":{"background-color":"var(--ast-global-color-5)","background-image":"","background-repeat":"repeat","background-position":"center center","background-size":"auto","background-attachment":"scroll","background-type":"","background-media":"","overlay-type":"","overlay-color":"","overlay-opacity":"","overlay-gradient":""}},"footnotes":""},"categories":[354,356,287,1,355,29],"tags":[],"class_list":["post-9860","post","type-post","status-publish","format-standard","has-post-thumbnail","hentry","category-ambprismaticsalterrat","category-joemquedoacasa","category-fauna-salvatge","category-general","category-observacions-naturalistes","category-portada"],"post_mailing_queue_ids":[],"_links":{"self":[{"href":"https:\/\/serveiseducatius.xtec.cat\/cda-vallsdaneu\/wp-json\/wp\/v2\/posts\/9860","targetHints":{"allow":["GET"]}}],"collection":[{"href":"https:\/\/serveiseducatius.xtec.cat\/cda-vallsdaneu\/wp-json\/wp\/v2\/posts"}],"about":[{"href":"https:\/\/serveiseducatius.xtec.cat\/cda-vallsdaneu\/wp-json\/wp\/v2\/types\/post"}],"author":[{"embeddable":true,"href":"https:\/\/serveiseducatius.xtec.cat\/cda-vallsdaneu\/wp-json\/wp\/v2\/users\/1"}],"replies":[{"embeddable":true,"href":"https:\/\/serveiseducatius.xtec.cat\/cda-vallsdaneu\/wp-json\/wp\/v2\/comments?post=9860"}],"version-history":[{"count":3,"href":"https:\/\/serveiseducatius.xtec.cat\/cda-vallsdaneu\/wp-json\/wp\/v2\/posts\/9860\/revisions"}],"predecessor-version":[{"id":9881,"href":"https:\/\/serveiseducatius.xtec.cat\/cda-vallsdaneu\/wp-json\/wp\/v2\/posts\/9860\/revisions\/9881"}],"wp:featuredmedia":[{"embeddable":true,"href":"https:\/\/serveiseducatius.xtec.cat\/cda-vallsdaneu\/wp-json\/wp\/v2\/media\/9873"}],"wp:attachment":[{"href":"https:\/\/serveiseducatius.xtec.cat\/cda-vallsdaneu\/wp-json\/wp\/v2\/media?parent=9860"}],"wp:term":[{"taxonomy":"category","embeddable":true,"href":"https:\/\/serveiseducatius.xtec.cat\/cda-vallsdaneu\/wp-json\/wp\/v2\/categories?post=9860"},{"taxonomy":"post_tag","embeddable":true,"href":"https:\/\/serveiseducatius.xtec.cat\/cda-vallsdaneu\/wp-json\/wp\/v2\/tags?post=9860"}],"curies":[{"name":"wp","href":"https:\/\/api.w.org\/{rel}","templated":true}]}}