{"id":892,"date":"2011-06-06T12:29:57","date_gmt":"2011-06-06T11:29:57","guid":{"rendered":"http:\/\/blocs.xtec.cat\/cdavallsdaneu\/?p=750"},"modified":"2011-06-06T12:29:57","modified_gmt":"2011-06-06T11:29:57","slug":"resum-dades-primer-cens","status":"publish","type":"post","link":"https:\/\/serveiseducatius.xtec.cat\/cda-vallsdaneu\/fauna-salvatge\/resum-dades-primer-cens\/","title":{"rendered":"Resum dades primer cens"},"content":{"rendered":"<p>Hola orenaires!<\/p>\n<p>Doncs aqu\u00ed tenim les dades del primer cens d&#8217;orenetes als municipis del Pallars Sobir\u00e0 . Penseu que en pr\u00e0cticament tots els municipis nom\u00e9s s&#8217;han dut a terme algunes quadr\u00edcules aix\u00ed que les dades que tenim s\u00f3n un petit tastet de les dades reals dels municipis.<\/p>\n<p>All\u00e0 van:<\/p>\n<table style=\"width: 481px; height: 202px;\" border=\"0\">\n<tbody>\n<tr>\n<td><strong>Municipi<\/strong><\/td>\n<td><strong>Nius sencers<\/strong><\/td>\n<td><strong>Nius actius<\/strong><\/td>\n<td><strong>Nius trencats<\/strong><\/td>\n<td><\/td>\n<\/tr>\n<tr>\n<td>Alins<\/td>\n<td>5<\/td>\n<td>13<\/td>\n<td>39<\/td>\n<td><\/td>\n<\/tr>\n<tr>\n<td>Esterri d&#8217;\u00c0neu<\/td>\n<td>3<\/td>\n<td>2<\/td>\n<td>5<\/td>\n<td><\/td>\n<\/tr>\n<tr>\n<td>Llavors\u00ed<\/td>\n<td>5<\/td>\n<td>9<\/td>\n<td>79<\/td>\n<td><\/td>\n<\/tr>\n<tr>\n<td>Rialp<\/td>\n<td>26<\/td>\n<td>72<\/td>\n<td>73<\/td>\n<td><\/td>\n<\/tr>\n<tr>\n<td>Sort<\/td>\n<td>223<\/td>\n<td>251<\/td>\n<td>219<\/td>\n<td><\/td>\n<\/tr>\n<tr>\n<td>T\u00edrvia<\/td>\n<td>25<\/td>\n<td>18<\/td>\n<td>26<\/td>\n<td><\/td>\n<\/tr>\n<tr>\n<td>Vall de Card\u00f3s<\/td>\n<td>7<\/td>\n<td>18<\/td>\n<td>64<\/td>\n<td><\/td>\n<\/tr>\n<tr>\n<td><strong>Total<\/strong><\/td>\n<td><strong>324<\/strong><\/td>\n<td><strong>383<\/strong><\/td>\n<td><strong>505<\/strong><\/td>\n<td><\/td>\n<\/tr>\n<\/tbody>\n<\/table>\n<p>A veure si durant el segon aconseguim un nombre de nius actius prou important!<\/p>\n<p>Us heu fixat en el nombre de nius trencats?<\/p>\n<p>Aqu\u00ed us deixo un <a href=\"http:\/\/www.orenetes.cat.\/com_ajudar.php\"><strong>link<\/strong><\/a> del projecte orenetes on ens explica el que podem fer per reduir aquest nombre de nius trencats i tamb\u00e9 facilitar la generaci\u00f3 de nous nius per a l&#8217;esp\u00e8cie.<\/p>\n<p>A reveure!<\/p>\n<p><a href=\"http:\/\/blocs.xtec.cat\/cdavallsdaneu_antic\/files\/2011\/06\/1295005504114_oreneta_cua_blanca_img_6108.jpg\"><img decoding=\"async\" class=\"alignleft  wp-image-751\" alt=\"1295005504114_oreneta_cua_blanca_img_6108\" src=\"http:\/\/blocs.xtec.cat\/cdavallsdaneu_antic\/files\/2011\/06\/1295005504114_oreneta_cua_blanca_img_6108-300x200.jpg\" \/><\/a><\/p>\n","protected":false},"excerpt":{"rendered":"<p>Hola orenaires! Doncs aqu\u00ed tenim les dades del primer cens d&#8217;orenetes als municipis del Pallars Sobir\u00e0 . Penseu que en [&hellip;]<\/p>\n","protected":false},"author":1,"featured_media":0,"comment_status":"open","ping_status":"open","sticky":false,"template":"","format":"standard","meta":{"_bbp_topic_count":0,"_bbp_reply_count":0,"_bbp_total_topic_count":0,"_bbp_total_reply_count":0,"_bbp_voice_count":0,"_bbp_anonymous_reply_count":0,"_bbp_topic_count_hidden":0,"_bbp_reply_count_hidden":0,"_bbp_forum_subforum_count":0,"site-sidebar-layout":"default","site-content-layout":"","ast-site-content-layout":"","site-content-style":"default","site-sidebar-style":"default","ast-global-header-display":"","ast-banner-title-visibility":"","ast-main-header-display":"","ast-hfb-above-header-display":"","ast-hfb-below-header-display":"","ast-hfb-mobile-header-display":"","site-post-title":"","ast-breadcrumbs-content":"","ast-featured-img":"","footer-sml-layout":"","theme-transparent-header-meta":"","adv-header-id-meta":"","stick-header-meta":"","header-above-stick-meta":"","header-main-stick-meta":"","header-below-stick-meta":"","astra-migrate-meta-layouts":"default","ast-page-background-enabled":"default","ast-page-background-meta":{"desktop":{"background-color":"var(--ast-global-color-4)","background-image":"","background-repeat":"repeat","background-position":"center center","background-size":"auto","background-attachment":"scroll","background-type":"","background-media":"","overlay-type":"","overlay-color":"","overlay-opacity":"","overlay-gradient":""},"tablet":{"background-color":"","background-image":"","background-repeat":"repeat","background-position":"center center","background-size":"auto","background-attachment":"scroll","background-type":"","background-media":"","overlay-type":"","overlay-color":"","overlay-opacity":"","overlay-gradient":""},"mobile":{"background-color":"","background-image":"","background-repeat":"repeat","background-position":"center center","background-size":"auto","background-attachment":"scroll","background-type":"","background-media":"","overlay-type":"","overlay-color":"","overlay-opacity":"","overlay-gradient":""}},"ast-content-background-meta":{"desktop":{"background-color":"var(--ast-global-color-5)","background-image":"","background-repeat":"repeat","background-position":"center center","background-size":"auto","background-attachment":"scroll","background-type":"","background-media":"","overlay-type":"","overlay-color":"","overlay-opacity":"","overlay-gradient":""},"tablet":{"background-color":"var(--ast-global-color-5)","background-image":"","background-repeat":"repeat","background-position":"center center","background-size":"auto","background-attachment":"scroll","background-type":"","background-media":"","overlay-type":"","overlay-color":"","overlay-opacity":"","overlay-gradient":""},"mobile":{"background-color":"var(--ast-global-color-5)","background-image":"","background-repeat":"repeat","background-position":"center center","background-size":"auto","background-attachment":"scroll","background-type":"","background-media":"","overlay-type":"","overlay-color":"","overlay-opacity":"","overlay-gradient":""}},"footnotes":""},"categories":[287],"tags":[],"class_list":["post-892","post","type-post","status-publish","format-standard","hentry","category-fauna-salvatge"],"post_mailing_queue_ids":[],"_links":{"self":[{"href":"https:\/\/serveiseducatius.xtec.cat\/cda-vallsdaneu\/wp-json\/wp\/v2\/posts\/892","targetHints":{"allow":["GET"]}}],"collection":[{"href":"https:\/\/serveiseducatius.xtec.cat\/cda-vallsdaneu\/wp-json\/wp\/v2\/posts"}],"about":[{"href":"https:\/\/serveiseducatius.xtec.cat\/cda-vallsdaneu\/wp-json\/wp\/v2\/types\/post"}],"author":[{"embeddable":true,"href":"https:\/\/serveiseducatius.xtec.cat\/cda-vallsdaneu\/wp-json\/wp\/v2\/users\/1"}],"replies":[{"embeddable":true,"href":"https:\/\/serveiseducatius.xtec.cat\/cda-vallsdaneu\/wp-json\/wp\/v2\/comments?post=892"}],"version-history":[{"count":0,"href":"https:\/\/serveiseducatius.xtec.cat\/cda-vallsdaneu\/wp-json\/wp\/v2\/posts\/892\/revisions"}],"wp:attachment":[{"href":"https:\/\/serveiseducatius.xtec.cat\/cda-vallsdaneu\/wp-json\/wp\/v2\/media?parent=892"}],"wp:term":[{"taxonomy":"category","embeddable":true,"href":"https:\/\/serveiseducatius.xtec.cat\/cda-vallsdaneu\/wp-json\/wp\/v2\/categories?post=892"},{"taxonomy":"post_tag","embeddable":true,"href":"https:\/\/serveiseducatius.xtec.cat\/cda-vallsdaneu\/wp-json\/wp\/v2\/tags?post=892"}],"curies":[{"name":"wp","href":"https:\/\/api.w.org\/{rel}","templated":true}]}}