{"id":891,"date":"2010-05-17T12:49:57","date_gmt":"2010-05-17T11:49:57","guid":{"rendered":"http:\/\/blocs.xtec.cat\/cdavallsdaneu\/?p=431"},"modified":"2025-05-23T14:33:40","modified_gmt":"2025-05-23T12:33:40","slug":"comenca-el-primer-cens-del-projecte-orenetes","status":"publish","type":"post","link":"https:\/\/serveiseducatius.xtec.cat\/cda-vallsdaneu\/fauna-salvatge\/comenca-el-primer-cens-del-projecte-orenetes\/","title":{"rendered":"Comen\u00e7a el primer cens del projecte orenetes!"},"content":{"rendered":"<p style=\"text-align: left;\">Dem\u00e0 la classe de tercer de l&#8217;Escola La Closa i la de primer d&#8217;ESO del SES Morell\u00f3 d&#8217;Esterri d&#8217;\u00c0neu participen en el cens del projecte orenetes que es realitza simult\u00e0niament a tot Catalunya entre l&#8217;1 i el 31 de maig. Els professors del camp d&#8217;Aprenentatge de les Valls d&#8217;\u00c0neu tamb\u00e9 hi col\u00b7laborem, aix\u00ed com l&#8217;equip educatiu del Centre de Natura de les Planes de Son i altres persones ve\u00efnes d&#8217;Esterri d&#8217;\u00c0neu.<a href=\"https:\/\/serveiseducatius.xtec.cat\/cda-vallsdaneu\/fauna-salvatge\/comenca-el-primer-cens-del-projecte-orenetes\/attachment\/logos-inici-projecte-orenetes\/\" rel=\"attachment wp-att-12204\"><img loading=\"lazy\" decoding=\"async\" class=\"aligncenter size-full wp-image-12204\" src=\"https:\/\/serveiseducatius.xtec.cat\/cda-vallsdaneu\/wp-content\/uploads\/usu1375\/2010\/05\/logos-inici-projecte-orenetes-scaled.jpg\" alt=\"\" width=\"2560\" height=\"443\" srcset=\"https:\/\/serveiseducatius.xtec.cat\/cda-vallsdaneu\/wp-content\/uploads\/usu1375\/2010\/05\/logos-inici-projecte-orenetes-scaled.jpg 2560w, https:\/\/serveiseducatius.xtec.cat\/cda-vallsdaneu\/wp-content\/uploads\/usu1375\/2010\/05\/logos-inici-projecte-orenetes-300x52.jpg 300w, https:\/\/serveiseducatius.xtec.cat\/cda-vallsdaneu\/wp-content\/uploads\/usu1375\/2010\/05\/logos-inici-projecte-orenetes-1024x177.jpg 1024w, https:\/\/serveiseducatius.xtec.cat\/cda-vallsdaneu\/wp-content\/uploads\/usu1375\/2010\/05\/logos-inici-projecte-orenetes-768x133.jpg 768w, https:\/\/serveiseducatius.xtec.cat\/cda-vallsdaneu\/wp-content\/uploads\/usu1375\/2010\/05\/logos-inici-projecte-orenetes-1536x266.jpg 1536w, https:\/\/serveiseducatius.xtec.cat\/cda-vallsdaneu\/wp-content\/uploads\/usu1375\/2010\/05\/logos-inici-projecte-orenetes-2048x354.jpg 2048w\" sizes=\"auto, (max-width: 2560px) 100vw, 2560px\" \/><\/a><\/p>\n<p style=\"text-align: left;\">El Projecte Orenetes \u00e9s una iniciativa d&#8217;estudi dels ocells i el medi urb\u00e0 basada en la participaci\u00f3 ciutadana i en el seguiment de nius d&#8217;oreneta\u00a0cuablanca (<em>Delichon urbicum<\/em>) dels pobles i ciutats de Catalunya. \u00c9s una iniciativa de l&#8217;Obra Social de la Caixa Catalunya desenvolupada amb l&#8217;Institut Catal\u00e0 d&#8217;Ornitologia (ICO). Aquest primer cens es realitza en temps de construcci\u00f3 i arranjament de nius, mentre que el segon cens es realitza del 15 de juny al 31\u00a0de juliol i t\u00e9 l&#8217;objectiu de censar nius en plena \u00e8poca de cria.<\/p>\n<p><a href=\"https:\/\/serveiseducatius.xtec.cat\/cda-vallsdaneu\/fauna-salvatge\/comenca-el-primer-cens-del-projecte-orenetes\/attachment\/dibuix-oreneta-cuablanca\/\" rel=\"attachment wp-att-12207\"><img loading=\"lazy\" decoding=\"async\" class=\"size-full wp-image-12207 alignright\" src=\"https:\/\/serveiseducatius.xtec.cat\/cda-vallsdaneu\/wp-content\/uploads\/usu1375\/2010\/05\/Dibuix-oreneta-cuablanca.jpg\" alt=\"\" width=\"371\" height=\"210\" srcset=\"https:\/\/serveiseducatius.xtec.cat\/cda-vallsdaneu\/wp-content\/uploads\/usu1375\/2010\/05\/Dibuix-oreneta-cuablanca.jpg 371w, https:\/\/serveiseducatius.xtec.cat\/cda-vallsdaneu\/wp-content\/uploads\/usu1375\/2010\/05\/Dibuix-oreneta-cuablanca-300x170.jpg 300w\" sizes=\"auto, (max-width: 371px) 100vw, 371px\" \/><\/a>Per qu\u00e8 es censa l&#8217;oreneta cuablanca? Doncs per la seva \u00e0mplia distribuci\u00f3 territorial, ja que es distribueix des de la franja litoral fins als 2000 metres. Tot\u00a0i\u00a0aix\u00ed, el 80% de la seva poblaci\u00f3 viu per sota els 600 metres d&#8217;al\u00e7ada. Les poblacions d&#8217;aquesta esp\u00e8cie podrien ser considerades com un bon indicador de la sensibilitat ambiental de les persones dels pobles i ciutats on construeix el niu. Tamb\u00e9 s\u00f3n bons bioindicadors de la qualitat de l&#8217;aire, ja que la contaminaci\u00f3 atmosf\u00e8rica afecta a l&#8217;abund\u00e0ncia de la seva font principal d&#8217;alimentaci\u00f3: els insectes.<\/p>\n<p>Esperem en breu publicar-vos els resultats d&#8217;aquests primer cens!<\/p>\n<p><a href=\"https:\/\/serveiseducatius.xtec.cat\/cda-vallsdaneu\/fauna-salvatge\/comenca-el-primer-cens-del-projecte-orenetes\/attachment\/orenetes_logo_full\/\" rel=\"attachment wp-att-12182\"><img loading=\"lazy\" decoding=\"async\" class=\"wp-image-12182 alignleft\" src=\"https:\/\/serveiseducatius.xtec.cat\/cda-vallsdaneu\/wp-content\/uploads\/usu1375\/2010\/05\/orenetes_logo_full.png\" alt=\"\" width=\"342\" height=\"105\" srcset=\"https:\/\/serveiseducatius.xtec.cat\/cda-vallsdaneu\/wp-content\/uploads\/usu1375\/2010\/05\/orenetes_logo_full.png 306w, https:\/\/serveiseducatius.xtec.cat\/cda-vallsdaneu\/wp-content\/uploads\/usu1375\/2010\/05\/orenetes_logo_full-300x92.png 300w\" sizes=\"auto, (max-width: 342px) 100vw, 342px\" \/><\/a><a href=\"https:\/\/serveiseducatius.xtec.cat\/cda-vallsdaneu\/fauna-salvatge\/comenca-el-primer-cens-del-projecte-orenetes\/attachment\/ico-logo\/\" rel=\"attachment wp-att-12183\"><img loading=\"lazy\" decoding=\"async\" class=\"wp-image-12183 alignleft\" src=\"https:\/\/serveiseducatius.xtec.cat\/cda-vallsdaneu\/wp-content\/uploads\/usu1375\/2010\/05\/ICO-logo.jpg\" alt=\"\" width=\"130\" height=\"146\" srcset=\"https:\/\/serveiseducatius.xtec.cat\/cda-vallsdaneu\/wp-content\/uploads\/usu1375\/2010\/05\/ICO-logo.jpg 400w, https:\/\/serveiseducatius.xtec.cat\/cda-vallsdaneu\/wp-content\/uploads\/usu1375\/2010\/05\/ICO-logo-268x300.jpg 268w\" sizes=\"auto, (max-width: 130px) 100vw, 130px\" \/><\/a><\/p>\n\n\n<p><\/p>\n\n\n\n<p><\/p>\n\n\n\n<p><\/p>\n\n\n\n<p>Equip de professors del Camp d&#8217;Aprenentatge de les Valls d&#8217;\u00c0neu<\/p>\n\n\n\n<p><\/p>\n","protected":false},"excerpt":{"rendered":"<p>Dem\u00e0 la classe de tercer de l&#8217;Escola La Closa i la de primer d&#8217;ESO del SES Morell\u00f3 d&#8217;Esterri d&#8217;\u00c0neu participen [&hellip;]<\/p>\n","protected":false},"author":1,"featured_media":12207,"comment_status":"open","ping_status":"open","sticky":false,"template":"","format":"standard","meta":{"_bbp_topic_count":0,"_bbp_reply_count":0,"_bbp_total_topic_count":0,"_bbp_total_reply_count":0,"_bbp_voice_count":0,"_bbp_anonymous_reply_count":0,"_bbp_topic_count_hidden":0,"_bbp_reply_count_hidden":0,"_bbp_forum_subforum_count":0,"site-sidebar-layout":"default","site-content-layout":"","ast-site-content-layout":"default","site-content-style":"default","site-sidebar-style":"default","ast-global-header-display":"","ast-banner-title-visibility":"","ast-main-header-display":"","ast-hfb-above-header-display":"","ast-hfb-below-header-display":"","ast-hfb-mobile-header-display":"","site-post-title":"","ast-breadcrumbs-content":"","ast-featured-img":"","footer-sml-layout":"","theme-transparent-header-meta":"","adv-header-id-meta":"","stick-header-meta":"","header-above-stick-meta":"","header-main-stick-meta":"","header-below-stick-meta":"","astra-migrate-meta-layouts":"set","ast-page-background-enabled":"default","ast-page-background-meta":{"desktop":{"background-color":"var(--ast-global-color-4)","background-image":"","background-repeat":"repeat","background-position":"center center","background-size":"auto","background-attachment":"scroll","background-type":"","background-media":"","overlay-type":"","overlay-color":"","overlay-opacity":"","overlay-gradient":""},"tablet":{"background-color":"","background-image":"","background-repeat":"repeat","background-position":"center center","background-size":"auto","background-attachment":"scroll","background-type":"","background-media":"","overlay-type":"","overlay-color":"","overlay-opacity":"","overlay-gradient":""},"mobile":{"background-color":"","background-image":"","background-repeat":"repeat","background-position":"center center","background-size":"auto","background-attachment":"scroll","background-type":"","background-media":"","overlay-type":"","overlay-color":"","overlay-opacity":"","overlay-gradient":""}},"ast-content-background-meta":{"desktop":{"background-color":"var(--ast-global-color-5)","background-image":"","background-repeat":"repeat","background-position":"center center","background-size":"auto","background-attachment":"scroll","background-type":"","background-media":"","overlay-type":"","overlay-color":"","overlay-opacity":"","overlay-gradient":""},"tablet":{"background-color":"var(--ast-global-color-5)","background-image":"","background-repeat":"repeat","background-position":"center center","background-size":"auto","background-attachment":"scroll","background-type":"","background-media":"","overlay-type":"","overlay-color":"","overlay-opacity":"","overlay-gradient":""},"mobile":{"background-color":"var(--ast-global-color-5)","background-image":"","background-repeat":"repeat","background-position":"center center","background-size":"auto","background-attachment":"scroll","background-type":"","background-media":"","overlay-type":"","overlay-color":"","overlay-opacity":"","overlay-gradient":""}},"footnotes":""},"categories":[287],"tags":[],"class_list":["post-891","post","type-post","status-publish","format-standard","has-post-thumbnail","hentry","category-fauna-salvatge"],"post_mailing_queue_ids":[],"_links":{"self":[{"href":"https:\/\/serveiseducatius.xtec.cat\/cda-vallsdaneu\/wp-json\/wp\/v2\/posts\/891","targetHints":{"allow":["GET"]}}],"collection":[{"href":"https:\/\/serveiseducatius.xtec.cat\/cda-vallsdaneu\/wp-json\/wp\/v2\/posts"}],"about":[{"href":"https:\/\/serveiseducatius.xtec.cat\/cda-vallsdaneu\/wp-json\/wp\/v2\/types\/post"}],"author":[{"embeddable":true,"href":"https:\/\/serveiseducatius.xtec.cat\/cda-vallsdaneu\/wp-json\/wp\/v2\/users\/1"}],"replies":[{"embeddable":true,"href":"https:\/\/serveiseducatius.xtec.cat\/cda-vallsdaneu\/wp-json\/wp\/v2\/comments?post=891"}],"version-history":[{"count":6,"href":"https:\/\/serveiseducatius.xtec.cat\/cda-vallsdaneu\/wp-json\/wp\/v2\/posts\/891\/revisions"}],"predecessor-version":[{"id":12210,"href":"https:\/\/serveiseducatius.xtec.cat\/cda-vallsdaneu\/wp-json\/wp\/v2\/posts\/891\/revisions\/12210"}],"wp:featuredmedia":[{"embeddable":true,"href":"https:\/\/serveiseducatius.xtec.cat\/cda-vallsdaneu\/wp-json\/wp\/v2\/media\/12207"}],"wp:attachment":[{"href":"https:\/\/serveiseducatius.xtec.cat\/cda-vallsdaneu\/wp-json\/wp\/v2\/media?parent=891"}],"wp:term":[{"taxonomy":"category","embeddable":true,"href":"https:\/\/serveiseducatius.xtec.cat\/cda-vallsdaneu\/wp-json\/wp\/v2\/categories?post=891"},{"taxonomy":"post_tag","embeddable":true,"href":"https:\/\/serveiseducatius.xtec.cat\/cda-vallsdaneu\/wp-json\/wp\/v2\/tags?post=891"}],"curies":[{"name":"wp","href":"https:\/\/api.w.org\/{rel}","templated":true}]}}