{"id":1977,"date":"2016-06-10T00:23:13","date_gmt":"2016-06-09T22:23:13","guid":{"rendered":"http:\/\/blocs.xtec.cat\/cdavallsdaneu\/?p=1977"},"modified":"2017-06-01T14:32:26","modified_gmt":"2017-06-01T12:32:26","slug":"goiat-el-nou-os-bru-eslove-alliberat-al-pallars-sobira","status":"publish","type":"post","link":"https:\/\/serveiseducatius.xtec.cat\/cda-vallsdaneu\/general\/goiat-el-nou-os-bru-eslove-alliberat-al-pallars-sobira\/","title":{"rendered":"Goiat, el nou \u00f3s bru eslov\u00e8 alliberat al Pallars Sobir\u00e0"},"content":{"rendered":"<p>El passat dilluns 6 de juny la Generalitat de Catalunya va alliberar a les Valls d&#8217;\u00c0neu, al Parc Natural de l&#8217;Alt Pirineu, un \u00f3s bru jove procedent de la reserva de ca\u00e7a\u00a0 eslovena de Jelen. El seu nom \u00e9s <strong>Goiat<\/strong>, <strong>t\u00e9 aproximadament uns 10 anys i pesa 205 quilos.<\/strong><\/p>\n<p><a href=\"http:\/\/serveiseducatius.xtec.cat\/cda-vallsdaneu\/wp-content\/uploads\/usu1375\/2016\/06\/Goait.jpg\"><img loading=\"lazy\" decoding=\"async\" class=\"alignright size-full wp-image-1978\" src=\"http:\/\/serveiseducatius.xtec.cat\/cda-vallsdaneu\/wp-content\/uploads\/usu1375\/2016\/06\/Goait.jpg\" alt=\"Goait\" width=\"1000\" height=\"562\" srcset=\"https:\/\/serveiseducatius.xtec.cat\/cda-vallsdaneu\/wp-content\/uploads\/usu1375\/2016\/06\/Goait.jpg 1000w, https:\/\/serveiseducatius.xtec.cat\/cda-vallsdaneu\/wp-content\/uploads\/usu1375\/2016\/06\/Goait-300x169.jpg 300w, https:\/\/serveiseducatius.xtec.cat\/cda-vallsdaneu\/wp-content\/uploads\/usu1375\/2016\/06\/Goait-768x432.jpg 768w\" sizes=\"auto, (max-width: 1000px) 100vw, 1000px\" \/><\/a><\/p>\n<p>Aquest alliberament \u00e9s fruit d&#8217;una de les accions principals del projecte PirosLife, projecte impulsat per la Generalitat de Catalunya i que t\u00e9 per objectiu consolidar la poblaci\u00f3 d&#8217;\u00f3s bru al Pirineu Central. Aquest plant\u00edgrad eslov\u00e8 ha de substituir la funci\u00f3 que ha fet el seu <strong>predecessor Pyros, reintrodu\u00eft a l&#8217;any 1997 procedent tamb\u00e9 d&#8217;Eslov\u00e8nia<\/strong>, i que durant pr\u00e0cticament tots aquests anys ha estat l&#8217;\u00fanic mascle que ha deixat descend\u00e8ncia al Pirineu Central. <strong>Goiat<\/strong>, paraula pallaresa que significa &#8220;xicot&#8221;,<strong> contribuir\u00e0 a millorar la diversitat gen\u00e8tica de l&#8217;esp\u00e8cie<\/strong>, assegurant la poblaci\u00f3 d&#8217;\u00f3ssos al Pirineu.<\/p>\n<p>El nou \u00f3s bru, el primer introdu\u00eft pel govern catal\u00e0, porta un collar emissor que emet la seva posici\u00f3 via GPS cada 15 minuts. S&#8217;espera que durant les primeres jornades, Goiat busqui llocs de refer\u00e8ncia. M\u00e9s endavant, com \u00e9s propi de l&#8217;esp\u00e8cie, el seu territori abra\u00e7ar\u00e0 una extensi\u00f3 molt m\u00e9s gran. T\u00e8cnics del projecte aniran fent el seu seguiment conjuntament amb altres t\u00e8cnics de la Vall d&#8217;Aran o Fran\u00e7a.<\/p>\n<p>L&#8217;\u00f3s bru \u00e9s una <strong>&#8220;esp\u00e8cie paraigua&#8221;<\/strong>, ja que al necessitar un territori ben ampli de boscos ben conservats per viure, al vetllar per la seva conservaci\u00f3, vetllem tamb\u00e9 per la conservaci\u00f3 de tantes altres esp\u00e8cies que viuen al seu mateix territori.<\/p>\n<figure id=\"attachment_1979\" aria-describedby=\"caption-attachment-1979\" style=\"width: 283px\" class=\"wp-caption alignleft\"><a href=\"http:\/\/serveiseducatius.xtec.cat\/cda-vallsdaneu\/wp-content\/uploads\/usu1375\/2016\/06\/activitats-\u00f3s.jpg\"><img loading=\"lazy\" decoding=\"async\" class=\" wp-image-1979\" src=\"http:\/\/serveiseducatius.xtec.cat\/cda-vallsdaneu\/wp-content\/uploads\/usu1375\/2016\/06\/activitats-\u00f3s.jpg\" alt=\"activitats \u00f3s\" width=\"283\" height=\"214\" \/><\/a><figcaption id=\"caption-attachment-1979\" class=\"wp-caption-text\">Escola de Sal\u00e0s de Pallars<\/figcaption><\/figure>\n<p>En el mateix marc del projecte PirosLife, els nens i nenes d&#8217;educaci\u00f3 infantil i primer cicle de prim\u00e0ria de les escoles del Pallars Sobir\u00e0 i Pallars Juss\u00e0 han estat els primers en experimentar tot un paquet d&#8217;activitats pedag\u00f2giques relacionades amb l&#8217;habitat on habita el plant\u00edgrad. L&#8217;objectiu \u00e9s sensibilitzar els nens i nenes amb la natura i que aprenguin a desenvolupar un esperit cr\u00edtic vers la conservaci\u00f3 d&#8217;aquesta<\/p>\n<p>A continuaci\u00f3 podeu gaudir d&#8217;un v\u00eddeo curt del moment de l&#8217;alliberament de Goiat al Pallars Sobir\u00e0:<\/p>\n<p><iframe loading=\"lazy\" src=\"https:\/\/www.youtube.com\/embed\/7YayeoLl6HA\" width=\"560\" height=\"315\" frameborder=\"0\" allowfullscreen=\"allowfullscreen\"><\/iframe><\/p>\n<p>Si voleu saber m\u00e9s coses sobre l&#8217;alliberament de Goiat i l&#8217;estat de la poblaci\u00f3 d&#8217;\u00f3ssos bruns al Pirineu Central podeu consultar la nota de premsa del Departament de Territori i Sostenibilitat de la Generalitat de Catalunya: <a href=\"http:\/\/premsa.gencat.cat\/pres_fsvp\/AppJava\/notapremsavw\/293440\/ca\/goiat-os-bru-eslove-sha-alliberat-pirineus-centrals.do\" target=\"_blank\">nota de premsa (07\/06\/2016).<\/a><\/p>\n","protected":false},"excerpt":{"rendered":"<p>El passat dilluns 6 de juny la Generalitat de Catalunya va alliberar a les Valls d&#8217;\u00c0neu, al Parc Natural de [&hellip;]<\/p>\n","protected":false},"author":1,"featured_media":1978,"comment_status":"open","ping_status":"closed","sticky":false,"template":"","format":"standard","meta":{"_bbp_topic_count":0,"_bbp_reply_count":0,"_bbp_total_topic_count":0,"_bbp_total_reply_count":0,"_bbp_voice_count":0,"_bbp_anonymous_reply_count":0,"_bbp_topic_count_hidden":0,"_bbp_reply_count_hidden":0,"_bbp_forum_subforum_count":0,"site-sidebar-layout":"default","site-content-layout":"","ast-site-content-layout":"","site-content-style":"default","site-sidebar-style":"default","ast-global-header-display":"","ast-banner-title-visibility":"","ast-main-header-display":"","ast-hfb-above-header-display":"","ast-hfb-below-header-display":"","ast-hfb-mobile-header-display":"","site-post-title":"","ast-breadcrumbs-content":"","ast-featured-img":"","footer-sml-layout":"","theme-transparent-header-meta":"","adv-header-id-meta":"","stick-header-meta":"","header-above-stick-meta":"","header-main-stick-meta":"","header-below-stick-meta":"","astra-migrate-meta-layouts":"default","ast-page-background-enabled":"default","ast-page-background-meta":{"desktop":{"background-color":"var(--ast-global-color-4)","background-image":"","background-repeat":"repeat","background-position":"center center","background-size":"auto","background-attachment":"scroll","background-type":"","background-media":"","overlay-type":"","overlay-color":"","overlay-opacity":"","overlay-gradient":""},"tablet":{"background-color":"","background-image":"","background-repeat":"repeat","background-position":"center center","background-size":"auto","background-attachment":"scroll","background-type":"","background-media":"","overlay-type":"","overlay-color":"","overlay-opacity":"","overlay-gradient":""},"mobile":{"background-color":"","background-image":"","background-repeat":"repeat","background-position":"center center","background-size":"auto","background-attachment":"scroll","background-type":"","background-media":"","overlay-type":"","overlay-color":"","overlay-opacity":"","overlay-gradient":""}},"ast-content-background-meta":{"desktop":{"background-color":"var(--ast-global-color-5)","background-image":"","background-repeat":"repeat","background-position":"center center","background-size":"auto","background-attachment":"scroll","background-type":"","background-media":"","overlay-type":"","overlay-color":"","overlay-opacity":"","overlay-gradient":""},"tablet":{"background-color":"var(--ast-global-color-5)","background-image":"","background-repeat":"repeat","background-position":"center center","background-size":"auto","background-attachment":"scroll","background-type":"","background-media":"","overlay-type":"","overlay-color":"","overlay-opacity":"","overlay-gradient":""},"mobile":{"background-color":"var(--ast-global-color-5)","background-image":"","background-repeat":"repeat","background-position":"center center","background-size":"auto","background-attachment":"scroll","background-type":"","background-media":"","overlay-type":"","overlay-color":"","overlay-opacity":"","overlay-gradient":""}},"footnotes":""},"categories":[287,1,29,289],"tags":[327,285,283],"class_list":["post-1977","post","type-post","status-publish","format-standard","has-post-thumbnail","hentry","category-fauna-salvatge","category-general","category-portada","category-projectes","tag-actualitat","tag-fauna","tag-projectes"],"post_mailing_queue_ids":[],"_links":{"self":[{"href":"https:\/\/serveiseducatius.xtec.cat\/cda-vallsdaneu\/wp-json\/wp\/v2\/posts\/1977","targetHints":{"allow":["GET"]}}],"collection":[{"href":"https:\/\/serveiseducatius.xtec.cat\/cda-vallsdaneu\/wp-json\/wp\/v2\/posts"}],"about":[{"href":"https:\/\/serveiseducatius.xtec.cat\/cda-vallsdaneu\/wp-json\/wp\/v2\/types\/post"}],"author":[{"embeddable":true,"href":"https:\/\/serveiseducatius.xtec.cat\/cda-vallsdaneu\/wp-json\/wp\/v2\/users\/1"}],"replies":[{"embeddable":true,"href":"https:\/\/serveiseducatius.xtec.cat\/cda-vallsdaneu\/wp-json\/wp\/v2\/comments?post=1977"}],"version-history":[{"count":1,"href":"https:\/\/serveiseducatius.xtec.cat\/cda-vallsdaneu\/wp-json\/wp\/v2\/posts\/1977\/revisions"}],"predecessor-version":[{"id":8418,"href":"https:\/\/serveiseducatius.xtec.cat\/cda-vallsdaneu\/wp-json\/wp\/v2\/posts\/1977\/revisions\/8418"}],"wp:featuredmedia":[{"embeddable":true,"href":"https:\/\/serveiseducatius.xtec.cat\/cda-vallsdaneu\/wp-json\/wp\/v2\/media\/1978"}],"wp:attachment":[{"href":"https:\/\/serveiseducatius.xtec.cat\/cda-vallsdaneu\/wp-json\/wp\/v2\/media?parent=1977"}],"wp:term":[{"taxonomy":"category","embeddable":true,"href":"https:\/\/serveiseducatius.xtec.cat\/cda-vallsdaneu\/wp-json\/wp\/v2\/categories?post=1977"},{"taxonomy":"post_tag","embeddable":true,"href":"https:\/\/serveiseducatius.xtec.cat\/cda-vallsdaneu\/wp-json\/wp\/v2\/tags?post=1977"}],"curies":[{"name":"wp","href":"https:\/\/api.w.org\/{rel}","templated":true}]}}