{"id":12685,"date":"2026-04-27T10:05:23","date_gmt":"2026-04-27T08:05:23","guid":{"rendered":"https:\/\/serveiseducatius.xtec.cat\/cda-vallsdaneu\/?p=12685"},"modified":"2026-04-27T10:06:10","modified_gmt":"2026-04-27T08:06:10","slug":"estrenem-activitat-els-guardians-de-la-primavera","status":"publish","type":"post","link":"https:\/\/serveiseducatius.xtec.cat\/cda-vallsdaneu\/portada\/estrenem-activitat-els-guardians-de-la-primavera\/","title":{"rendered":"Estrenem activitat: Els Guardians de la Primavera"},"content":{"rendered":"\n<figure class=\"wp-block-image size-large\"><a href=\"https:\/\/serveiseducatius.xtec.cat\/cda-vallsdaneu\/wp-content\/uploads\/usu1375\/2026\/04\/WhatsApp-Image-2026-04-24-at-15.29.14-2.jpeg\"><img loading=\"lazy\" decoding=\"async\" width=\"1024\" height=\"768\" src=\"https:\/\/serveiseducatius.xtec.cat\/cda-vallsdaneu\/wp-content\/uploads\/usu1375\/2026\/04\/WhatsApp-Image-2026-04-24-at-15.29.14-2-1024x768.jpeg\" alt=\"\" class=\"wp-image-12686\" srcset=\"https:\/\/serveiseducatius.xtec.cat\/cda-vallsdaneu\/wp-content\/uploads\/usu1375\/2026\/04\/WhatsApp-Image-2026-04-24-at-15.29.14-2-1024x768.jpeg 1024w, https:\/\/serveiseducatius.xtec.cat\/cda-vallsdaneu\/wp-content\/uploads\/usu1375\/2026\/04\/WhatsApp-Image-2026-04-24-at-15.29.14-2-300x225.jpeg 300w, https:\/\/serveiseducatius.xtec.cat\/cda-vallsdaneu\/wp-content\/uploads\/usu1375\/2026\/04\/WhatsApp-Image-2026-04-24-at-15.29.14-2-768x576.jpeg 768w, https:\/\/serveiseducatius.xtec.cat\/cda-vallsdaneu\/wp-content\/uploads\/usu1375\/2026\/04\/WhatsApp-Image-2026-04-24-at-15.29.14-2-1536x1152.jpeg 1536w, https:\/\/serveiseducatius.xtec.cat\/cda-vallsdaneu\/wp-content\/uploads\/usu1375\/2026\/04\/WhatsApp-Image-2026-04-24-at-15.29.14-2.jpeg 2048w\" sizes=\"auto, (max-width: 1024px) 100vw, 1024px\" \/><\/a><\/figure>\n\n\n\n<p>Divendres vam viure una jornada molt especial al CdA Valls d\u2019\u00c0neu amb l\u2019alumnat d\u2019infantil de la ZER Alt Pallars Sobir\u00e0, perqu\u00e8 vam estrenar una nova proposta educativa pensada per descobrir la primavera des de l\u2019experi\u00e8ncia directa, el joc i la imaginaci\u00f3: <strong>Els Guardians de la Primavera<\/strong>.<\/p>\n\n\n\n<p>A trav\u00e9s d\u2019un itinerari interpretatiu per l\u2019entorn proper, els infants es van convertir en petits exploradors de la natura, superant reptes i descobrint els canvis que porta aquesta estaci\u00f3. L\u2019activitat combina observaci\u00f3, experimentaci\u00f3 i elements simb\u00f2lics per apropar el coneixement cient\u00edfic als m\u00e9s petits d\u2019una manera vivencial i significativa.<\/p>\n\n\n\n<p><strong>La benvinguda de la primavera<\/strong><\/p>\n\n\n\n<p>L\u2019aventura va comen\u00e7ar amb la presentaci\u00f3 i el conte de la marmota Carlota, que va introduir els infants en la hist\u00f2ria dels Guardians de la Primavera: uns \u00e9ssers m\u00e0gics que cada any desperten quan arriben les flors, els ocells i el bon temps.<\/p>\n\n\n\n<p>Amb aquest fil conductor, cada nen i nena va rebre el seu <strong>Carnet de la Primavera<\/strong> on anirien completant les diferents proves i descobertes de l\u2019itinerari.<\/p>\n\n\n\n<p>\ud83c\udf3c <strong>L\u2019Esperit dels P\u00e8tals<\/strong><\/p>\n\n\n\n<p>La primera parada ens va portar a observar les flors i els seus colors. Amb lupes i targetes de colors, els infants van buscar diferents esp\u00e8cies florals i van descobrir la relaci\u00f3 entre els colors i els insectes pol\u00b7linitzadors.<\/p>\n\n\n\n<p>A trav\u00e9s d\u2019aquesta observaci\u00f3 van entendre, de manera senzilla, com funciona la pol\u00b7linitzaci\u00f3 i per qu\u00e8 les flors atrauen abelles i altres petits visitants.<\/p>\n\n\n\n<p>\ud83c\udf33 <strong>El Gegant dels Arbres<\/strong><\/p>\n\n\n\n<p>Seguint unes petjades gegants, vam arribar al m\u00f3n dels arbres. Aqu\u00ed els infants van observar brots tendres, fulles noves i van experimentar el despertar de la primavera fent de \u201cpetits arbres\u201d despr\u00e9s del descans de l\u2019hivern.<\/p>\n\n\n\n<p>Tamb\u00e9 van aprendre a diferenciar entre arbres caducifolis i perennes, identificant-los directament sobre el terreny i relacionant-los amb els canvis estacionals.<\/p>\n\n\n\n<p>\ud83c\udfb6 <strong>L\u2019Elfa dels Sons<\/strong><\/p>\n\n\n\n<p>La tercera parada va ser una invitaci\u00f3 a escoltar. Amb els ulls tancats i en silenci, els infants van descobrir que la primavera tamb\u00e9 sona: ocells, vent i petits sorolls del bosc formen una aut\u00e8ntica banda sonora natural.<\/p>\n\n\n\n<p>Despr\u00e9s van crear el seu propi \u201cConcert de Primavera\u201d, convertint-se en ocells, vent i aigua sota la direcci\u00f3 d\u2019una directora d\u2019orquestra. Una manera l\u00fadica d\u2019entendre com els animals i el paisatge tamb\u00e9 ens parlen.<\/p>\n\n\n\n<p>\u2600\ufe0f <strong>El Follet del Sol<\/strong><\/p>\n\n\n\n<p>Finalment, el Follet del Sol els va ajudar a notar com l\u2019escalfor del sol transforma la natura. Estirats a terra, observant ombres i comparant espais de sol i ombra, van descobrir la import\u00e0ncia del sol en el creixement de les plantes i en el ritme de les estacions.<\/p>\n\n\n\n<p>Van poder entendre que la llum solar, juntament amb l\u2019aigua i els nutrients, \u00e9s essencial perqu\u00e8 la vida vegetal prosperi.<\/p>\n\n\n\n<p><\/p>\n\n\n\n<p>Aquesta nova activitat neix amb la voluntat d\u2019apropar els m\u00e9s petits al coneixement del medi natural a trav\u00e9s dels sentits, l\u2019exploraci\u00f3 i l\u2019emoci\u00f3.<\/p>\n\n\n\n<p>Estrenar activitats sempre genera una mica de respecte, per\u00f2 veure com els infants s\u2019hi impliquen, observen i gaudeixen fa que tot valgui la pena.<\/p>\n\n\n\n<p>Gr\u00e0cies per la visita, ZER Alt Pallars Sobir\u00e0! \ud83d\udc9a<\/p>\n","protected":false},"excerpt":{"rendered":"<p>Divendres vam viure una jornada molt especial al CdA Valls d\u2019\u00c0neu amb l\u2019alumnat d\u2019infantil de la ZER Alt Pallars Sobir\u00e0, [&hellip;]<\/p>\n","protected":false},"author":1,"featured_media":12686,"comment_status":"open","ping_status":"open","sticky":false,"template":"","format":"standard","meta":{"_bbp_topic_count":0,"_bbp_reply_count":0,"_bbp_total_topic_count":0,"_bbp_total_reply_count":0,"_bbp_voice_count":0,"_bbp_anonymous_reply_count":0,"_bbp_topic_count_hidden":0,"_bbp_reply_count_hidden":0,"_bbp_forum_subforum_count":0,"site-sidebar-layout":"default","site-content-layout":"","ast-site-content-layout":"default","site-content-style":"default","site-sidebar-style":"default","ast-global-header-display":"","ast-banner-title-visibility":"","ast-main-header-display":"","ast-hfb-above-header-display":"","ast-hfb-below-header-display":"","ast-hfb-mobile-header-display":"","site-post-title":"","ast-breadcrumbs-content":"","ast-featured-img":"","footer-sml-layout":"","theme-transparent-header-meta":"","adv-header-id-meta":"","stick-header-meta":"","header-above-stick-meta":"","header-main-stick-meta":"","header-below-stick-meta":"","astra-migrate-meta-layouts":"set","ast-page-background-enabled":"default","ast-page-background-meta":{"desktop":{"background-color":"var(--ast-global-color-4)","background-image":"","background-repeat":"repeat","background-position":"center center","background-size":"auto","background-attachment":"scroll","background-type":"","background-media":"","overlay-type":"","overlay-color":"","overlay-opacity":"","overlay-gradient":""},"tablet":{"background-color":"","background-image":"","background-repeat":"repeat","background-position":"center center","background-size":"auto","background-attachment":"scroll","background-type":"","background-media":"","overlay-type":"","overlay-color":"","overlay-opacity":"","overlay-gradient":""},"mobile":{"background-color":"","background-image":"","background-repeat":"repeat","background-position":"center center","background-size":"auto","background-attachment":"scroll","background-type":"","background-media":"","overlay-type":"","overlay-color":"","overlay-opacity":"","overlay-gradient":""}},"ast-content-background-meta":{"desktop":{"background-color":"var(--ast-global-color-5)","background-image":"","background-repeat":"repeat","background-position":"center center","background-size":"auto","background-attachment":"scroll","background-type":"","background-media":"","overlay-type":"","overlay-color":"","overlay-opacity":"","overlay-gradient":""},"tablet":{"background-color":"var(--ast-global-color-5)","background-image":"","background-repeat":"repeat","background-position":"center center","background-size":"auto","background-attachment":"scroll","background-type":"","background-media":"","overlay-type":"","overlay-color":"","overlay-opacity":"","overlay-gradient":""},"mobile":{"background-color":"var(--ast-global-color-5)","background-image":"","background-repeat":"repeat","background-position":"center center","background-size":"auto","background-attachment":"scroll","background-type":"","background-media":"","overlay-type":"","overlay-color":"","overlay-opacity":"","overlay-gradient":""}},"footnotes":""},"categories":[262,410,29],"tags":[393,385],"class_list":["post-12685","post","type-post","status-publish","format-standard","has-post-thumbnail","hentry","category-activitats","category-comarca","category-portada","tag-aprendreambelscampsientorns","tag-campsientornsdaprenentatge"],"post_mailing_queue_ids":[],"_links":{"self":[{"href":"https:\/\/serveiseducatius.xtec.cat\/cda-vallsdaneu\/wp-json\/wp\/v2\/posts\/12685","targetHints":{"allow":["GET"]}}],"collection":[{"href":"https:\/\/serveiseducatius.xtec.cat\/cda-vallsdaneu\/wp-json\/wp\/v2\/posts"}],"about":[{"href":"https:\/\/serveiseducatius.xtec.cat\/cda-vallsdaneu\/wp-json\/wp\/v2\/types\/post"}],"author":[{"embeddable":true,"href":"https:\/\/serveiseducatius.xtec.cat\/cda-vallsdaneu\/wp-json\/wp\/v2\/users\/1"}],"replies":[{"embeddable":true,"href":"https:\/\/serveiseducatius.xtec.cat\/cda-vallsdaneu\/wp-json\/wp\/v2\/comments?post=12685"}],"version-history":[{"count":2,"href":"https:\/\/serveiseducatius.xtec.cat\/cda-vallsdaneu\/wp-json\/wp\/v2\/posts\/12685\/revisions"}],"predecessor-version":[{"id":12688,"href":"https:\/\/serveiseducatius.xtec.cat\/cda-vallsdaneu\/wp-json\/wp\/v2\/posts\/12685\/revisions\/12688"}],"wp:featuredmedia":[{"embeddable":true,"href":"https:\/\/serveiseducatius.xtec.cat\/cda-vallsdaneu\/wp-json\/wp\/v2\/media\/12686"}],"wp:attachment":[{"href":"https:\/\/serveiseducatius.xtec.cat\/cda-vallsdaneu\/wp-json\/wp\/v2\/media?parent=12685"}],"wp:term":[{"taxonomy":"category","embeddable":true,"href":"https:\/\/serveiseducatius.xtec.cat\/cda-vallsdaneu\/wp-json\/wp\/v2\/categories?post=12685"},{"taxonomy":"post_tag","embeddable":true,"href":"https:\/\/serveiseducatius.xtec.cat\/cda-vallsdaneu\/wp-json\/wp\/v2\/tags?post=12685"}],"curies":[{"name":"wp","href":"https:\/\/api.w.org\/{rel}","templated":true}]}}