{"id":12640,"date":"2026-04-17T11:46:17","date_gmt":"2026-04-17T09:46:17","guid":{"rendered":"https:\/\/serveiseducatius.xtec.cat\/cda-vallsdaneu\/?p=12640"},"modified":"2026-04-17T11:47:55","modified_gmt":"2026-04-17T09:47:55","slug":"formacio-territori-i-escola-rural-una-setmana-especial-al-cdaparticipacio-en-les-xxix-jornades-descola-rural-i-visita-formativa-al-cda-valls-daneu","status":"publish","type":"post","link":"https:\/\/serveiseducatius.xtec.cat\/cda-vallsdaneu\/portada\/formacio-territori-i-escola-rural-una-setmana-especial-al-cdaparticipacio-en-les-xxix-jornades-descola-rural-i-visita-formativa-al-cda-valls-daneu\/","title":{"rendered":"Participaci\u00f3 en les XXIX Jornades d\u2019Escola Rural i visita formativa al CdA Valls d\u2019\u00c0neu"},"content":{"rendered":"\n<figure class=\"wp-block-image size-large\"><a href=\"https:\/\/serveiseducatius.xtec.cat\/cda-vallsdaneu\/wp-content\/uploads\/usu1375\/2026\/04\/Portada.png\"><img loading=\"lazy\" decoding=\"async\" width=\"1024\" height=\"608\" src=\"https:\/\/serveiseducatius.xtec.cat\/cda-vallsdaneu\/wp-content\/uploads\/usu1375\/2026\/04\/Portada-1024x608.png\" alt=\"\" class=\"wp-image-12641\" srcset=\"https:\/\/serveiseducatius.xtec.cat\/cda-vallsdaneu\/wp-content\/uploads\/usu1375\/2026\/04\/Portada-1024x608.png 1024w, https:\/\/serveiseducatius.xtec.cat\/cda-vallsdaneu\/wp-content\/uploads\/usu1375\/2026\/04\/Portada-300x178.png 300w, https:\/\/serveiseducatius.xtec.cat\/cda-vallsdaneu\/wp-content\/uploads\/usu1375\/2026\/04\/Portada-768x456.png 768w, https:\/\/serveiseducatius.xtec.cat\/cda-vallsdaneu\/wp-content\/uploads\/usu1375\/2026\/04\/Portada.png 1262w\" sizes=\"auto, (max-width: 1024px) 100vw, 1024px\" \/><\/a><\/figure>\n\n\n\n<p>Aquesta setmana, el CdA Valls d\u2019\u00c0neu ha participat en les <a href=\"https:\/\/webs.uab.cat\/gier\/2026\/02\/02\/ja-es-aqui-el-programa-de-les-xxix-jornades-descola-rural\/\" data-type=\"link\" data-id=\"https:\/\/webs.uab.cat\/gier\/2026\/02\/02\/ja-es-aqui-el-programa-de-les-xxix-jornades-descola-rural\/\" target=\"_blank\" rel=\"noreferrer noopener\">XXIX Jornades d\u2019Escola Rural en la Formaci\u00f3 Inicial de Mestres de Catalunya<\/a>, una iniciativa impulsada pel Grup Interuniversitari d\u2019Escola Rural (GIER) que t\u00e9 com a objectiu apropar la realitat de l\u2019escola rural als futurs docents.<\/p>\n\n\n\n<p>Les jornades, celebrades enguany a l\u2019Alt Pirineu, han reunit estudiants de diverses universitats catalanes en un espai de formaci\u00f3, intercanvi i reflexi\u00f3 al voltant del potencial educatiu, pedag\u00f2gic i comunitari de l\u2019escola rural. El programa ha combinat pon\u00e8ncies, presentacions d\u2019experi\u00e8ncies, tallers i visites a centres educatius del territori.<\/p>\n\n\n\n<p>En aquest context, el CdA Valls d\u2019\u00c0neu hi ha participat, en una primera fase, com a oient en les sessions desenvolupades a M\u00f3nNatura Pirineus, contribuint aix\u00ed a refor\u00e7ar els vincles entre el territori i la formaci\u00f3 inicial del professorat.<\/p>\n\n\n\n<p>\ud83c\udf32 <strong>El CdA com a espai educatiu de refer\u00e8ncia<\/strong><\/p>\n\n\n\n<p>En el marc de les activitats programades per a la segona jornada, el CdA Valls d\u2019\u00c0neu ha estat un dels espais seleccionats per a les visites formatives dels estudiants participants. Durant aquesta estada, els futurs docents han pogut con\u00e8ixer de primera m\u00e0 una de les propostes educatives del centre: la sortida a l\u2019avetosa del Gerdar de Sorpe.<\/p>\n\n\n\n<p>Aquesta activitat ha perm\u00e8s treballar continguts vinculats als ecosistemes de muntanya, les adaptacions dels \u00e9ssers vius i les relacions ecol\u00f2giques, tot posant en valor una metodologia basada en l\u2019aprenentatge vivencial, l\u2019observaci\u00f3 directa i la connexi\u00f3 amb l\u2019entorn.<\/p>\n\n\n\n<p>\ud83d\udca1 <strong>Territori i formaci\u00f3 docent<\/strong><\/p>\n\n\n\n<p>La participaci\u00f3 en aquestes jornades posa de manifest la import\u00e0ncia d\u2019establir espais de col\u00b7laboraci\u00f3 entre institucions educatives, universitats i agents del territori, amb la finalitat d\u2019enriquir la formaci\u00f3 inicial dels mestres i donar a con\u00e8ixer les oportunitats educatives de l\u2019escola rural.<\/p>\n\n\n\n<p>Des del CdA Valls d\u2019\u00c0neu valorem molt positivament aquesta experi\u00e8ncia i la possibilitat de contribuir a la formaci\u00f3 dels futurs professionals de l\u2019educaci\u00f3, compartint pr\u00e0ctiques i models pedag\u00f2gics arrelats al territori.<\/p>\n\n\n\n<p><\/p>\n","protected":false},"excerpt":{"rendered":"<p>Aquesta setmana, el CdA Valls d\u2019\u00c0neu ha participat en les XXIX Jornades d\u2019Escola Rural en la Formaci\u00f3 Inicial de Mestres [&hellip;]<\/p>\n","protected":false},"author":1,"featured_media":12641,"comment_status":"open","ping_status":"open","sticky":false,"template":"","format":"standard","meta":{"_bbp_topic_count":0,"_bbp_reply_count":0,"_bbp_total_topic_count":0,"_bbp_total_reply_count":0,"_bbp_voice_count":0,"_bbp_anonymous_reply_count":0,"_bbp_topic_count_hidden":0,"_bbp_reply_count_hidden":0,"_bbp_forum_subforum_count":0,"site-sidebar-layout":"default","site-content-layout":"","ast-site-content-layout":"default","site-content-style":"default","site-sidebar-style":"default","ast-global-header-display":"","ast-banner-title-visibility":"","ast-main-header-display":"","ast-hfb-above-header-display":"","ast-hfb-below-header-display":"","ast-hfb-mobile-header-display":"","site-post-title":"","ast-breadcrumbs-content":"","ast-featured-img":"","footer-sml-layout":"","theme-transparent-header-meta":"","adv-header-id-meta":"","stick-header-meta":"","header-above-stick-meta":"","header-main-stick-meta":"","header-below-stick-meta":"","astra-migrate-meta-layouts":"set","ast-page-background-enabled":"default","ast-page-background-meta":{"desktop":{"background-color":"var(--ast-global-color-4)","background-image":"","background-repeat":"repeat","background-position":"center center","background-size":"auto","background-attachment":"scroll","background-type":"","background-media":"","overlay-type":"","overlay-color":"","overlay-opacity":"","overlay-gradient":""},"tablet":{"background-color":"","background-image":"","background-repeat":"repeat","background-position":"center center","background-size":"auto","background-attachment":"scroll","background-type":"","background-media":"","overlay-type":"","overlay-color":"","overlay-opacity":"","overlay-gradient":""},"mobile":{"background-color":"","background-image":"","background-repeat":"repeat","background-position":"center center","background-size":"auto","background-attachment":"scroll","background-type":"","background-media":"","overlay-type":"","overlay-color":"","overlay-opacity":"","overlay-gradient":""}},"ast-content-background-meta":{"desktop":{"background-color":"var(--ast-global-color-5)","background-image":"","background-repeat":"repeat","background-position":"center center","background-size":"auto","background-attachment":"scroll","background-type":"","background-media":"","overlay-type":"","overlay-color":"","overlay-opacity":"","overlay-gradient":""},"tablet":{"background-color":"var(--ast-global-color-5)","background-image":"","background-repeat":"repeat","background-position":"center center","background-size":"auto","background-attachment":"scroll","background-type":"","background-media":"","overlay-type":"","overlay-color":"","overlay-opacity":"","overlay-gradient":""},"mobile":{"background-color":"var(--ast-global-color-5)","background-image":"","background-repeat":"repeat","background-position":"center center","background-size":"auto","background-attachment":"scroll","background-type":"","background-media":"","overlay-type":"","overlay-color":"","overlay-opacity":"","overlay-gradient":""}},"footnotes":""},"categories":[262,347,330,335,29],"tags":[393,385],"class_list":["post-12640","post","type-post","status-publish","format-standard","has-post-thumbnail","hentry","category-activitats","category-collaboracions","category-formacio","category-noticies","category-portada","tag-aprendreambelscampsientorns","tag-campsientornsdaprenentatge"],"post_mailing_queue_ids":[],"_links":{"self":[{"href":"https:\/\/serveiseducatius.xtec.cat\/cda-vallsdaneu\/wp-json\/wp\/v2\/posts\/12640","targetHints":{"allow":["GET"]}}],"collection":[{"href":"https:\/\/serveiseducatius.xtec.cat\/cda-vallsdaneu\/wp-json\/wp\/v2\/posts"}],"about":[{"href":"https:\/\/serveiseducatius.xtec.cat\/cda-vallsdaneu\/wp-json\/wp\/v2\/types\/post"}],"author":[{"embeddable":true,"href":"https:\/\/serveiseducatius.xtec.cat\/cda-vallsdaneu\/wp-json\/wp\/v2\/users\/1"}],"replies":[{"embeddable":true,"href":"https:\/\/serveiseducatius.xtec.cat\/cda-vallsdaneu\/wp-json\/wp\/v2\/comments?post=12640"}],"version-history":[{"count":3,"href":"https:\/\/serveiseducatius.xtec.cat\/cda-vallsdaneu\/wp-json\/wp\/v2\/posts\/12640\/revisions"}],"predecessor-version":[{"id":12644,"href":"https:\/\/serveiseducatius.xtec.cat\/cda-vallsdaneu\/wp-json\/wp\/v2\/posts\/12640\/revisions\/12644"}],"wp:featuredmedia":[{"embeddable":true,"href":"https:\/\/serveiseducatius.xtec.cat\/cda-vallsdaneu\/wp-json\/wp\/v2\/media\/12641"}],"wp:attachment":[{"href":"https:\/\/serveiseducatius.xtec.cat\/cda-vallsdaneu\/wp-json\/wp\/v2\/media?parent=12640"}],"wp:term":[{"taxonomy":"category","embeddable":true,"href":"https:\/\/serveiseducatius.xtec.cat\/cda-vallsdaneu\/wp-json\/wp\/v2\/categories?post=12640"},{"taxonomy":"post_tag","embeddable":true,"href":"https:\/\/serveiseducatius.xtec.cat\/cda-vallsdaneu\/wp-json\/wp\/v2\/tags?post=12640"}],"curies":[{"name":"wp","href":"https:\/\/api.w.org\/{rel}","templated":true}]}}