{"id":12596,"date":"2026-02-24T12:17:51","date_gmt":"2026-02-24T11:17:51","guid":{"rendered":"https:\/\/serveiseducatius.xtec.cat\/cda-vallsdaneu\/?p=12596"},"modified":"2026-02-24T12:17:52","modified_gmt":"2026-02-24T11:17:52","slug":"investigant-el-misteri-de-los-ciencia-i-territori-amb-lescola-joan-maragall","status":"publish","type":"post","link":"https:\/\/serveiseducatius.xtec.cat\/cda-vallsdaneu\/portada\/investigant-el-misteri-de-los-ciencia-i-territori-amb-lescola-joan-maragall\/","title":{"rendered":"Investigant el misteri de l\u2019\u00f3s: ci\u00e8ncia i territori amb l\u2019Escola Joan Maragall"},"content":{"rendered":"\n<figure class=\"wp-block-image size-large\"><a href=\"https:\/\/serveiseducatius.xtec.cat\/cda-vallsdaneu\/wp-content\/uploads\/usu1375\/2026\/02\/WhatsApp-Image-2026-02-20-at-16.15.51-3.jpeg\"><img loading=\"lazy\" decoding=\"async\" width=\"1024\" height=\"768\" src=\"https:\/\/serveiseducatius.xtec.cat\/cda-vallsdaneu\/wp-content\/uploads\/usu1375\/2026\/02\/WhatsApp-Image-2026-02-20-at-16.15.51-3-1024x768.jpeg\" alt=\"\" class=\"wp-image-12597\" srcset=\"https:\/\/serveiseducatius.xtec.cat\/cda-vallsdaneu\/wp-content\/uploads\/usu1375\/2026\/02\/WhatsApp-Image-2026-02-20-at-16.15.51-3-1024x768.jpeg 1024w, https:\/\/serveiseducatius.xtec.cat\/cda-vallsdaneu\/wp-content\/uploads\/usu1375\/2026\/02\/WhatsApp-Image-2026-02-20-at-16.15.51-3-300x225.jpeg 300w, https:\/\/serveiseducatius.xtec.cat\/cda-vallsdaneu\/wp-content\/uploads\/usu1375\/2026\/02\/WhatsApp-Image-2026-02-20-at-16.15.51-3-768x576.jpeg 768w, https:\/\/serveiseducatius.xtec.cat\/cda-vallsdaneu\/wp-content\/uploads\/usu1375\/2026\/02\/WhatsApp-Image-2026-02-20-at-16.15.51-3-1536x1152.jpeg 1536w, https:\/\/serveiseducatius.xtec.cat\/cda-vallsdaneu\/wp-content\/uploads\/usu1375\/2026\/02\/WhatsApp-Image-2026-02-20-at-16.15.51-3.jpeg 2000w\" sizes=\"auto, (max-width: 1024px) 100vw, 1024px\" \/><\/a><\/figure>\n\n\n\n<p>Quan arriba el rigor\u00f3s fred de l\u2019hivern i l\u2019aliment comen\u00e7a a escassejar, els ossos es preparen per passar aquest per\u00edode a l\u2019ossera. Per\u00f2 aquesta setmana, l\u2019alumnat de 4t de prim\u00e0ria de l\u2019Escola Joan Maragall de Vilanova del Cam\u00ed ha arribat a les Valls d\u2019\u00c0neu amb una not\u00edcia inesperada: un ve\u00ed afirmava haver vist un \u00f3s als prats d\u2019Esterri.<\/p>\n\n\n\n<p>Podia ser cert? O es tractava d\u2019una confusi\u00f3?<\/p>\n\n\n\n<p>Amb aquesta pregunta com a punt de partida, hem posat en marxa un complet <strong>\u201cprograma \u00f3s\u201d<\/strong>, seguint el m\u00e8tode cient\u00edfic: formular hip\u00f2tesis, recollir dades, analitzar-les i extreure conclusions.<\/p>\n\n\n\n<h3 class=\"wp-block-heading\">\ud83e\udded Ruta d\u2019orientaci\u00f3: cap al punt d\u2019avistament<\/h3>\n\n\n\n<p>La investigaci\u00f3 ha comen\u00e7at amb una activitat d\u2019orientaci\u00f3 fins al suposat lloc de l\u2019albirament. Amb mapes i br\u00faixoles, els alumnes han interpretat el paisatge i han avaluat si aquell entorn reunia les condicions adequades per a la pres\u00e8ncia d\u2019un \u00f3s.<\/p>\n\n\n\n<h3 class=\"wp-block-heading\">\ud83c\udfd4\ufe0f Planes de Son: un h\u00e0bitat possible?<\/h3>\n\n\n\n<p>Hem continuat l\u2019estudi a les Planes de Son, dins la zona perif\u00e8rica del <strong>Parc Nacional d\u2019Aig\u00fcestortes i Estany de Sant Maurici<\/strong>. En un espai natural ben conservat, l\u2019alumnat ha reflexionat sobre les necessitats ecol\u00f2giques de l\u2019\u00f3s bru: aliment, refugi, tranquil\u00b7litat i connectivitat amb altres zones boscoses.<\/p>\n\n\n\n<h3 class=\"wp-block-heading\">\ud83c\udf32 L\u2019avetosa del Gerdar: refugi ideal?<\/h3>\n\n\n\n<p>La investigaci\u00f3 ens ha portat tamb\u00e9 a l\u2019avetosa del Gerdar, un dels grans boscos d\u2019avet del Pirineu. Aqu\u00ed hem analitzat si aquest ecosistema podria oferir les condicions \u00f2ptimes perqu\u00e8 un plant\u00edgrad s\u2019hi mogui amb discreci\u00f3 i hi trobi aliment i refugi, especialment en \u00e8poques fredes.<\/p>\n\n\n\n<hr class=\"wp-block-separator has-alpha-channel-opacity\"\/>\n\n\n\n<p>Al llarg de l\u2019estada, els nois i noies han treballat conceptes de biologia, ecosistemes i comportament animal, tot aplicant-los a una situaci\u00f3 real i motivadora.<\/p>\n\n\n\n<p>Han arribat a una conclusi\u00f3?<br>Si voleu saber-ho, podeu preguntar-los directament\u2026 o b\u00e9 venir a les Valls d\u2019\u00c0neu i continuar investigant amb nosaltres. \ud83d\ude09\ud83d\udc9a<\/p>\n","protected":false},"excerpt":{"rendered":"<p>Quan arriba el rigor\u00f3s fred de l\u2019hivern i l\u2019aliment comen\u00e7a a escassejar, els ossos es preparen per passar aquest per\u00edode [&hellip;]<\/p>\n","protected":false},"author":1,"featured_media":12597,"comment_status":"open","ping_status":"open","sticky":false,"template":"","format":"standard","meta":{"_bbp_topic_count":0,"_bbp_reply_count":0,"_bbp_total_topic_count":0,"_bbp_total_reply_count":0,"_bbp_voice_count":0,"_bbp_anonymous_reply_count":0,"_bbp_topic_count_hidden":0,"_bbp_reply_count_hidden":0,"_bbp_forum_subforum_count":0,"site-sidebar-layout":"default","site-content-layout":"","ast-site-content-layout":"default","site-content-style":"default","site-sidebar-style":"default","ast-global-header-display":"","ast-banner-title-visibility":"","ast-main-header-display":"","ast-hfb-above-header-display":"","ast-hfb-below-header-display":"","ast-hfb-mobile-header-display":"","site-post-title":"","ast-breadcrumbs-content":"","ast-featured-img":"","footer-sml-layout":"","theme-transparent-header-meta":"","adv-header-id-meta":"","stick-header-meta":"","header-above-stick-meta":"","header-main-stick-meta":"","header-below-stick-meta":"","astra-migrate-meta-layouts":"set","ast-page-background-enabled":"default","ast-page-background-meta":{"desktop":{"background-color":"var(--ast-global-color-4)","background-image":"","background-repeat":"repeat","background-position":"center center","background-size":"auto","background-attachment":"scroll","background-type":"","background-media":"","overlay-type":"","overlay-color":"","overlay-opacity":"","overlay-gradient":""},"tablet":{"background-color":"","background-image":"","background-repeat":"repeat","background-position":"center center","background-size":"auto","background-attachment":"scroll","background-type":"","background-media":"","overlay-type":"","overlay-color":"","overlay-opacity":"","overlay-gradient":""},"mobile":{"background-color":"","background-image":"","background-repeat":"repeat","background-position":"center center","background-size":"auto","background-attachment":"scroll","background-type":"","background-media":"","overlay-type":"","overlay-color":"","overlay-opacity":"","overlay-gradient":""}},"ast-content-background-meta":{"desktop":{"background-color":"var(--ast-global-color-5)","background-image":"","background-repeat":"repeat","background-position":"center center","background-size":"auto","background-attachment":"scroll","background-type":"","background-media":"","overlay-type":"","overlay-color":"","overlay-opacity":"","overlay-gradient":""},"tablet":{"background-color":"var(--ast-global-color-5)","background-image":"","background-repeat":"repeat","background-position":"center center","background-size":"auto","background-attachment":"scroll","background-type":"","background-media":"","overlay-type":"","overlay-color":"","overlay-opacity":"","overlay-gradient":""},"mobile":{"background-color":"var(--ast-global-color-5)","background-image":"","background-repeat":"repeat","background-position":"center center","background-size":"auto","background-attachment":"scroll","background-type":"","background-media":"","overlay-type":"","overlay-color":"","overlay-opacity":"","overlay-gradient":""}},"footnotes":""},"categories":[262,417,29],"tags":[393,385],"class_list":["post-12596","post","type-post","status-publish","format-standard","has-post-thumbnail","hentry","category-activitats","category-estades-activitats","category-portada","tag-aprendreambelscampsientorns","tag-campsientornsdaprenentatge"],"post_mailing_queue_ids":[],"_links":{"self":[{"href":"https:\/\/serveiseducatius.xtec.cat\/cda-vallsdaneu\/wp-json\/wp\/v2\/posts\/12596","targetHints":{"allow":["GET"]}}],"collection":[{"href":"https:\/\/serveiseducatius.xtec.cat\/cda-vallsdaneu\/wp-json\/wp\/v2\/posts"}],"about":[{"href":"https:\/\/serveiseducatius.xtec.cat\/cda-vallsdaneu\/wp-json\/wp\/v2\/types\/post"}],"author":[{"embeddable":true,"href":"https:\/\/serveiseducatius.xtec.cat\/cda-vallsdaneu\/wp-json\/wp\/v2\/users\/1"}],"replies":[{"embeddable":true,"href":"https:\/\/serveiseducatius.xtec.cat\/cda-vallsdaneu\/wp-json\/wp\/v2\/comments?post=12596"}],"version-history":[{"count":1,"href":"https:\/\/serveiseducatius.xtec.cat\/cda-vallsdaneu\/wp-json\/wp\/v2\/posts\/12596\/revisions"}],"predecessor-version":[{"id":12598,"href":"https:\/\/serveiseducatius.xtec.cat\/cda-vallsdaneu\/wp-json\/wp\/v2\/posts\/12596\/revisions\/12598"}],"wp:featuredmedia":[{"embeddable":true,"href":"https:\/\/serveiseducatius.xtec.cat\/cda-vallsdaneu\/wp-json\/wp\/v2\/media\/12597"}],"wp:attachment":[{"href":"https:\/\/serveiseducatius.xtec.cat\/cda-vallsdaneu\/wp-json\/wp\/v2\/media?parent=12596"}],"wp:term":[{"taxonomy":"category","embeddable":true,"href":"https:\/\/serveiseducatius.xtec.cat\/cda-vallsdaneu\/wp-json\/wp\/v2\/categories?post=12596"},{"taxonomy":"post_tag","embeddable":true,"href":"https:\/\/serveiseducatius.xtec.cat\/cda-vallsdaneu\/wp-json\/wp\/v2\/tags?post=12596"}],"curies":[{"name":"wp","href":"https:\/\/api.w.org\/{rel}","templated":true}]}}