{"id":12492,"date":"2025-11-19T12:19:18","date_gmt":"2025-11-19T11:19:18","guid":{"rendered":"https:\/\/serveiseducatius.xtec.cat\/cda-vallsdaneu\/?p=12492"},"modified":"2025-11-20T15:09:26","modified_gmt":"2025-11-20T14:09:26","slug":"explorant-lavetosa-del-gerdar-amb-lalumnat-del-pfi-dauxiliar-dactivitats-forestals-%f0%9f%8c%b2%e2%9d%84%ef%b8%8f","status":"publish","type":"post","link":"https:\/\/serveiseducatius.xtec.cat\/cda-vallsdaneu\/portada\/explorant-lavetosa-del-gerdar-amb-lalumnat-del-pfi-dauxiliar-dactivitats-forestals-%f0%9f%8c%b2%e2%9d%84%ef%b8%8f\/","title":{"rendered":"Explorant l\u2019Avetosa del Gerdar amb l\u2019alumnat del PFI d\u2019Auxiliar d\u2019Activitats Forestals \ud83c\udf32\u2744\ufe0f"},"content":{"rendered":"\n<figure class=\"wp-block-image size-full\"><a href=\"https:\/\/serveiseducatius.xtec.cat\/cda-vallsdaneu\/wp-content\/uploads\/usu1375\/2025\/11\/WhatsApp-Image-2025-11-19-at-10.35.27-1.jpeg\"><img loading=\"lazy\" decoding=\"async\" width=\"1024\" height=\"768\" src=\"https:\/\/serveiseducatius.xtec.cat\/cda-vallsdaneu\/wp-content\/uploads\/usu1375\/2025\/11\/WhatsApp-Image-2025-11-19-at-10.35.27-1.jpeg\" alt=\"\" class=\"wp-image-12493\" srcset=\"https:\/\/serveiseducatius.xtec.cat\/cda-vallsdaneu\/wp-content\/uploads\/usu1375\/2025\/11\/WhatsApp-Image-2025-11-19-at-10.35.27-1.jpeg 1024w, https:\/\/serveiseducatius.xtec.cat\/cda-vallsdaneu\/wp-content\/uploads\/usu1375\/2025\/11\/WhatsApp-Image-2025-11-19-at-10.35.27-1-300x225.jpeg 300w, https:\/\/serveiseducatius.xtec.cat\/cda-vallsdaneu\/wp-content\/uploads\/usu1375\/2025\/11\/WhatsApp-Image-2025-11-19-at-10.35.27-1-768x576.jpeg 768w\" sizes=\"auto, (max-width: 1024px) 100vw, 1024px\" \/><\/a><\/figure>\n\n\n\n<p>Ahir vam gaudir d\u2019un mat\u00ed intens i ple d\u2019aprenentatges a l\u2019Avetosa del Gerdar amb l\u2019alumnat del PFI d\u2019Auxiliar d\u2019Activitats Forestals de l\u2019Institut de Pont de Suert. Entre branques, fulles i fred, vam poder sentir ben de prop que l\u2019hivern ja ha arribat a les Valls d\u2019\u00c0neu! \ud83e\udd76\ud83c\udf28\ufe0f<\/p>\n\n\n\n<p><strong>Un bosc per aprendre i descobrir<\/strong><br>Durant el recorregut, els futurs professionals del m\u00f3n forestal van aprofundir en diversos aspectes del bosc i dels seus habitants:<\/p>\n\n\n\n<p>\ud83d\udd0d <strong>Les caracter\u00edstiques de l\u2019avet:<\/strong> com recon\u00e8ixer-lo, com creix i quines adaptacions li permeten viure en un entorn fred i ombr\u00edvol.<br>\ud83c\udf31 <strong>El bosc com a ecosistema:<\/strong> relacions entre esp\u00e8cies, compet\u00e8ncia per la llum i import\u00e0ncia dels recursos naturals.<br>\ud83c\udf32 <strong>Hist\u00f2ries de vida dels arbres:<\/strong> el cicle vital de les plantes, des del seu naixement fins a la seva mort, i la manera com contribueixen a l\u2019equilibri del bosc.<\/p>\n\n\n\n<p><strong>Un ull a la fauna<\/strong><br>No hi podia faltar una mirada als habitants m\u00e9s emblem\u00e0tics del territori: vam visitar la trampa de p\u00e8l i parlar del projecte de reintroducci\u00f3 de l\u2019\u00f3s bru, del seu seguiment i de la pres\u00e8ncia d\u2019aquesta esp\u00e8cie als nostres boscos. Un recordatori del paper que juguen els professionals forestals en la conservaci\u00f3 de la biodiversitat. \ud83d\udc3b<\/p>\n\n\n\n<p><strong>Un mat\u00ed intens i motivador<\/strong><br>Entre fred, rialles i curiositat, vam caminar per l\u2019Avetosa del Gerdar aprenent, observant i compartint coneixements. Ha estat un plaer tornar a descobrir aquest indret \u00fanic amb un grup tan motivat i apassionat pel m\u00f3n forestal. \ud83d\udc9a\ud83c\udf32\u2744\ufe0f<\/p>\n","protected":false},"excerpt":{"rendered":"<p>Ahir vam gaudir d\u2019un mat\u00ed intens i ple d\u2019aprenentatges a l\u2019Avetosa del Gerdar amb l\u2019alumnat del PFI d\u2019Auxiliar d\u2019Activitats Forestals [&hellip;]<\/p>\n","protected":false},"author":1,"featured_media":12493,"comment_status":"open","ping_status":"open","sticky":false,"template":"","format":"standard","meta":{"_bbp_topic_count":0,"_bbp_reply_count":0,"_bbp_total_topic_count":0,"_bbp_total_reply_count":0,"_bbp_voice_count":0,"_bbp_anonymous_reply_count":0,"_bbp_topic_count_hidden":0,"_bbp_reply_count_hidden":0,"_bbp_forum_subforum_count":0,"site-sidebar-layout":"default","site-content-layout":"","ast-site-content-layout":"default","site-content-style":"default","site-sidebar-style":"default","ast-global-header-display":"","ast-banner-title-visibility":"","ast-main-header-display":"","ast-hfb-above-header-display":"","ast-hfb-below-header-display":"","ast-hfb-mobile-header-display":"","site-post-title":"","ast-breadcrumbs-content":"","ast-featured-img":"","footer-sml-layout":"","theme-transparent-header-meta":"","adv-header-id-meta":"","stick-header-meta":"","header-above-stick-meta":"","header-main-stick-meta":"","header-below-stick-meta":"","astra-migrate-meta-layouts":"set","ast-page-background-enabled":"default","ast-page-background-meta":{"desktop":{"background-color":"var(--ast-global-color-4)","background-image":"","background-repeat":"repeat","background-position":"center center","background-size":"auto","background-attachment":"scroll","background-type":"","background-media":"","overlay-type":"","overlay-color":"","overlay-opacity":"","overlay-gradient":""},"tablet":{"background-color":"","background-image":"","background-repeat":"repeat","background-position":"center center","background-size":"auto","background-attachment":"scroll","background-type":"","background-media":"","overlay-type":"","overlay-color":"","overlay-opacity":"","overlay-gradient":""},"mobile":{"background-color":"","background-image":"","background-repeat":"repeat","background-position":"center center","background-size":"auto","background-attachment":"scroll","background-type":"","background-media":"","overlay-type":"","overlay-color":"","overlay-opacity":"","overlay-gradient":""}},"ast-content-background-meta":{"desktop":{"background-color":"var(--ast-global-color-5)","background-image":"","background-repeat":"repeat","background-position":"center center","background-size":"auto","background-attachment":"scroll","background-type":"","background-media":"","overlay-type":"","overlay-color":"","overlay-opacity":"","overlay-gradient":""},"tablet":{"background-color":"var(--ast-global-color-5)","background-image":"","background-repeat":"repeat","background-position":"center center","background-size":"auto","background-attachment":"scroll","background-type":"","background-media":"","overlay-type":"","overlay-color":"","overlay-opacity":"","overlay-gradient":""},"mobile":{"background-color":"var(--ast-global-color-5)","background-image":"","background-repeat":"repeat","background-position":"center center","background-size":"auto","background-attachment":"scroll","background-type":"","background-media":"","overlay-type":"","overlay-color":"","overlay-opacity":"","overlay-gradient":""}},"footnotes":""},"categories":[262,410,29],"tags":[393,385],"class_list":["post-12492","post","type-post","status-publish","format-standard","has-post-thumbnail","hentry","category-activitats","category-comarca","category-portada","tag-aprendreambelscampsientorns","tag-campsientornsdaprenentatge"],"post_mailing_queue_ids":[],"_links":{"self":[{"href":"https:\/\/serveiseducatius.xtec.cat\/cda-vallsdaneu\/wp-json\/wp\/v2\/posts\/12492","targetHints":{"allow":["GET"]}}],"collection":[{"href":"https:\/\/serveiseducatius.xtec.cat\/cda-vallsdaneu\/wp-json\/wp\/v2\/posts"}],"about":[{"href":"https:\/\/serveiseducatius.xtec.cat\/cda-vallsdaneu\/wp-json\/wp\/v2\/types\/post"}],"author":[{"embeddable":true,"href":"https:\/\/serveiseducatius.xtec.cat\/cda-vallsdaneu\/wp-json\/wp\/v2\/users\/1"}],"replies":[{"embeddable":true,"href":"https:\/\/serveiseducatius.xtec.cat\/cda-vallsdaneu\/wp-json\/wp\/v2\/comments?post=12492"}],"version-history":[{"count":2,"href":"https:\/\/serveiseducatius.xtec.cat\/cda-vallsdaneu\/wp-json\/wp\/v2\/posts\/12492\/revisions"}],"predecessor-version":[{"id":12495,"href":"https:\/\/serveiseducatius.xtec.cat\/cda-vallsdaneu\/wp-json\/wp\/v2\/posts\/12492\/revisions\/12495"}],"wp:featuredmedia":[{"embeddable":true,"href":"https:\/\/serveiseducatius.xtec.cat\/cda-vallsdaneu\/wp-json\/wp\/v2\/media\/12493"}],"wp:attachment":[{"href":"https:\/\/serveiseducatius.xtec.cat\/cda-vallsdaneu\/wp-json\/wp\/v2\/media?parent=12492"}],"wp:term":[{"taxonomy":"category","embeddable":true,"href":"https:\/\/serveiseducatius.xtec.cat\/cda-vallsdaneu\/wp-json\/wp\/v2\/categories?post=12492"},{"taxonomy":"post_tag","embeddable":true,"href":"https:\/\/serveiseducatius.xtec.cat\/cda-vallsdaneu\/wp-json\/wp\/v2\/tags?post=12492"}],"curies":[{"name":"wp","href":"https:\/\/api.w.org\/{rel}","templated":true}]}}