{"id":12482,"date":"2025-11-17T09:30:18","date_gmt":"2025-11-17T08:30:18","guid":{"rendered":"https:\/\/serveiseducatius.xtec.cat\/cda-vallsdaneu\/?p=12482"},"modified":"2025-11-17T14:42:45","modified_gmt":"2025-11-17T13:42:45","slug":"passeja-o-no-passeja-lossa-per-esterri-daneu-una-estada-tematica-plena-dinvestigacio-i-natura-%f0%9f%90%bb%f0%9f%9f%a4","status":"publish","type":"post","link":"https:\/\/serveiseducatius.xtec.cat\/cda-vallsdaneu\/portada\/passeja-o-no-passeja-lossa-per-esterri-daneu-una-estada-tematica-plena-dinvestigacio-i-natura-%f0%9f%90%bb%f0%9f%9f%a4\/","title":{"rendered":"Passeja o no passeja l\u2019\u00f3ssa per Esterri d\u2019\u00c0neu? Una estada tem\u00e0tica plena d\u2019investigaci\u00f3 i natura \ud83d\udc3b\ud83d\udfe4"},"content":{"rendered":"\n<figure class=\"wp-block-image size-large\"><a href=\"https:\/\/serveiseducatius.xtec.cat\/cda-vallsdaneu\/wp-content\/uploads\/usu1375\/2025\/11\/WhatsApp-Image-2025-11-13-at-16.11.24-1.jpeg\"><img loading=\"lazy\" decoding=\"async\" width=\"768\" height=\"1024\" src=\"https:\/\/serveiseducatius.xtec.cat\/cda-vallsdaneu\/wp-content\/uploads\/usu1375\/2025\/11\/WhatsApp-Image-2025-11-13-at-16.11.24-1-768x1024.jpeg\" alt=\"\" class=\"wp-image-12483\" srcset=\"https:\/\/serveiseducatius.xtec.cat\/cda-vallsdaneu\/wp-content\/uploads\/usu1375\/2025\/11\/WhatsApp-Image-2025-11-13-at-16.11.24-1-768x1024.jpeg 768w, https:\/\/serveiseducatius.xtec.cat\/cda-vallsdaneu\/wp-content\/uploads\/usu1375\/2025\/11\/WhatsApp-Image-2025-11-13-at-16.11.24-1-225x300.jpeg 225w, https:\/\/serveiseducatius.xtec.cat\/cda-vallsdaneu\/wp-content\/uploads\/usu1375\/2025\/11\/WhatsApp-Image-2025-11-13-at-16.11.24-1-1152x1536.jpeg 1152w, https:\/\/serveiseducatius.xtec.cat\/cda-vallsdaneu\/wp-content\/uploads\/usu1375\/2025\/11\/WhatsApp-Image-2025-11-13-at-16.11.24-1.jpeg 1200w\" sizes=\"auto, (max-width: 768px) 100vw, 768px\" \/><\/a><\/figure>\n\n\n\n<p>La setmana passada vam viure una estada molt especial amb l\u2019alumnat de <strong>4t, 5\u00e8 i 6\u00e8 de l\u2019Escola C\u00e9rvola Blanca de Tous<\/strong>, guiada per una pregunta tan intrigant com engrescadora:<br><strong>Passeja o no passeja l\u2019\u00f3ssa pels voltants d\u2019Esterri d\u2019\u00c0neu?<\/strong><\/p>\n\n\n\n<p>Tot va comen\u00e7ar al mateix centre escolar, quan els infants van rebre una not\u00edcia sorprenent: un ve\u00ed d\u2019Esterri assegurava haver vist un \u00f3s bru als prats del poble. Era cert? Era una confusi\u00f3?<br>Nom\u00e9s hi havia una manera d\u2019esbrinar-ho: <strong>venir a investigar el territori<\/strong>. \ud83d\udd0d\ud83d\udc3e<\/p>\n\n\n\n<h3 class=\"wp-block-heading\">Orientaci\u00f3 entre Esterri i Val\u00e8ncia d\u2019\u00c0neu<\/h3>\n\n\n\n<p>La investigaci\u00f3 va arrencar amb una activitat d\u2019<strong>orientaci\u00f3<\/strong> pels camins que uneixen Esterri i Val\u00e8ncia d\u2019\u00c0neu.<br>Amb <strong>br\u00faixoles i mapes<\/strong> a les mans, els nois i noies van interpretar el paisatge, identificar punts de refer\u00e8ncia i resoldre reptes que els anaven aportant noves pistes sobre el possible pas de l\u2019\u00f3s.<\/p>\n\n\n\n<h3 class=\"wp-block-heading\">Itinerari al Parc Nacional: entre rastres i primera neu<\/h3>\n\n\n\n<p>La segona jornada ens va portar al <strong>Parc Nacional d\u2019Aig\u00fcestortes i Estany de Sant Maurici<\/strong>.<br>Des de Sant Maurici fins a l\u2019<strong>estany de Ratera<\/strong>, vam parlar de <strong>rastres de fauna<\/strong>, <strong>geologia<\/strong>, <strong>vegetaci\u00f3<\/strong> i tamb\u00e9 de les <strong>llegendes<\/strong> que envolten aquest espai tan emblem\u00e0tic del Pirineu.<\/p>\n\n\n\n<p>I enguany la muntanya ens va regalar un moment inesperat i m\u00e0gic: <strong>la primera neu de la temporada<\/strong>. \u2744\ufe0f<br>Els infants van poder jugar, lliscar i remenar la neu a l\u2019entorn de Ratera, convertint la sortida en una experi\u00e8ncia d\u2019aquelles que es recorden.<\/p>\n\n\n\n<h3 class=\"wp-block-heading\">La Casa de l\u2019\u00d3s Bru: biologia, conviv\u00e8ncia i realitat<\/h3>\n\n\n\n<p>Per acabar l\u2019estada, vam visitar la <strong>Casa de l\u2019\u00d3s Bru d\u2019Isil<\/strong>, on vam aprofundir en la biologia, el comportament i el seguiment d\u2019aquesta esp\u00e8cie emblem\u00e0tica del Pirineu.<br>A trav\u00e9s d\u2019exemples reals, v\u00eddeos i materials de camp, vam descobrir com es monitoritza la poblaci\u00f3 d\u2019\u00f3ssos, quins s\u00f3n els seus moviments i qu\u00e8 hi pot haver de cert darrere la famosa \u201cnot\u00edcia de l\u2019\u00f3s\u201d.<\/p>\n\n\n\n<p>Una visita imprescindible per entendre la <strong>conviv\u00e8ncia entre persones i fauna salvatge<\/strong> i per completar la investigaci\u00f3 iniciada a l\u2019escola.<\/p>\n\n\n\n<h3 class=\"wp-block-heading\">Una estada plena de pistes, natura i emoci\u00f3<\/h3>\n\n\n\n<p>Aquesta ha estat una estada tem\u00e0tica intensa i plena de descobertes: <strong>orientaci\u00f3, observaci\u00f3, rastres, neu, fauna i molta il\u00b7lusi\u00f3 per aprendre des del territori<\/strong>.<br>Un veritable proc\u00e9s d\u2019investigaci\u00f3 que ha perm\u00e8s als infants mirar el paisatge amb ulls cient\u00edfics, curiosos i atents.<\/p>\n\n\n\n<p>\ud83d\udc9a <strong>Gr\u00e0cies, Escola C\u00e9rvola Blanca de Tous, per aquests dies tan especials!<\/strong><\/p>\n","protected":false},"excerpt":{"rendered":"<p>La setmana passada vam viure una estada molt especial amb l\u2019alumnat de 4t, 5\u00e8 i 6\u00e8 de l\u2019Escola C\u00e9rvola Blanca [&hellip;]<\/p>\n","protected":false},"author":1,"featured_media":12483,"comment_status":"open","ping_status":"open","sticky":false,"template":"","format":"standard","meta":{"_bbp_topic_count":0,"_bbp_reply_count":0,"_bbp_total_topic_count":0,"_bbp_total_reply_count":0,"_bbp_voice_count":0,"_bbp_anonymous_reply_count":0,"_bbp_topic_count_hidden":0,"_bbp_reply_count_hidden":0,"_bbp_forum_subforum_count":0,"site-sidebar-layout":"default","site-content-layout":"","ast-site-content-layout":"default","site-content-style":"default","site-sidebar-style":"default","ast-global-header-display":"","ast-banner-title-visibility":"","ast-main-header-display":"","ast-hfb-above-header-display":"","ast-hfb-below-header-display":"","ast-hfb-mobile-header-display":"","site-post-title":"","ast-breadcrumbs-content":"","ast-featured-img":"","footer-sml-layout":"","theme-transparent-header-meta":"","adv-header-id-meta":"","stick-header-meta":"","header-above-stick-meta":"","header-main-stick-meta":"","header-below-stick-meta":"","astra-migrate-meta-layouts":"set","ast-page-background-enabled":"default","ast-page-background-meta":{"desktop":{"background-color":"var(--ast-global-color-4)","background-image":"","background-repeat":"repeat","background-position":"center center","background-size":"auto","background-attachment":"scroll","background-type":"","background-media":"","overlay-type":"","overlay-color":"","overlay-opacity":"","overlay-gradient":""},"tablet":{"background-color":"","background-image":"","background-repeat":"repeat","background-position":"center center","background-size":"auto","background-attachment":"scroll","background-type":"","background-media":"","overlay-type":"","overlay-color":"","overlay-opacity":"","overlay-gradient":""},"mobile":{"background-color":"","background-image":"","background-repeat":"repeat","background-position":"center center","background-size":"auto","background-attachment":"scroll","background-type":"","background-media":"","overlay-type":"","overlay-color":"","overlay-opacity":"","overlay-gradient":""}},"ast-content-background-meta":{"desktop":{"background-color":"var(--ast-global-color-5)","background-image":"","background-repeat":"repeat","background-position":"center center","background-size":"auto","background-attachment":"scroll","background-type":"","background-media":"","overlay-type":"","overlay-color":"","overlay-opacity":"","overlay-gradient":""},"tablet":{"background-color":"var(--ast-global-color-5)","background-image":"","background-repeat":"repeat","background-position":"center center","background-size":"auto","background-attachment":"scroll","background-type":"","background-media":"","overlay-type":"","overlay-color":"","overlay-opacity":"","overlay-gradient":""},"mobile":{"background-color":"var(--ast-global-color-5)","background-image":"","background-repeat":"repeat","background-position":"center center","background-size":"auto","background-attachment":"scroll","background-type":"","background-media":"","overlay-type":"","overlay-color":"","overlay-opacity":"","overlay-gradient":""}},"footnotes":""},"categories":[262,417,29],"tags":[393,385],"class_list":["post-12482","post","type-post","status-publish","format-standard","has-post-thumbnail","hentry","category-activitats","category-estades-activitats","category-portada","tag-aprendreambelscampsientorns","tag-campsientornsdaprenentatge"],"post_mailing_queue_ids":[],"_links":{"self":[{"href":"https:\/\/serveiseducatius.xtec.cat\/cda-vallsdaneu\/wp-json\/wp\/v2\/posts\/12482","targetHints":{"allow":["GET"]}}],"collection":[{"href":"https:\/\/serveiseducatius.xtec.cat\/cda-vallsdaneu\/wp-json\/wp\/v2\/posts"}],"about":[{"href":"https:\/\/serveiseducatius.xtec.cat\/cda-vallsdaneu\/wp-json\/wp\/v2\/types\/post"}],"author":[{"embeddable":true,"href":"https:\/\/serveiseducatius.xtec.cat\/cda-vallsdaneu\/wp-json\/wp\/v2\/users\/1"}],"replies":[{"embeddable":true,"href":"https:\/\/serveiseducatius.xtec.cat\/cda-vallsdaneu\/wp-json\/wp\/v2\/comments?post=12482"}],"version-history":[{"count":2,"href":"https:\/\/serveiseducatius.xtec.cat\/cda-vallsdaneu\/wp-json\/wp\/v2\/posts\/12482\/revisions"}],"predecessor-version":[{"id":12488,"href":"https:\/\/serveiseducatius.xtec.cat\/cda-vallsdaneu\/wp-json\/wp\/v2\/posts\/12482\/revisions\/12488"}],"wp:featuredmedia":[{"embeddable":true,"href":"https:\/\/serveiseducatius.xtec.cat\/cda-vallsdaneu\/wp-json\/wp\/v2\/media\/12483"}],"wp:attachment":[{"href":"https:\/\/serveiseducatius.xtec.cat\/cda-vallsdaneu\/wp-json\/wp\/v2\/media?parent=12482"}],"wp:term":[{"taxonomy":"category","embeddable":true,"href":"https:\/\/serveiseducatius.xtec.cat\/cda-vallsdaneu\/wp-json\/wp\/v2\/categories?post=12482"},{"taxonomy":"post_tag","embeddable":true,"href":"https:\/\/serveiseducatius.xtec.cat\/cda-vallsdaneu\/wp-json\/wp\/v2\/tags?post=12482"}],"curies":[{"name":"wp","href":"https:\/\/api.w.org\/{rel}","templated":true}]}}