{"id":12457,"date":"2025-10-29T09:38:26","date_gmt":"2025-10-29T08:38:26","guid":{"rendered":"https:\/\/serveiseducatius.xtec.cat\/cda-vallsdaneu\/?p=12457"},"modified":"2025-10-29T09:38:27","modified_gmt":"2025-10-29T08:38:27","slug":"tercera-sessio-del-curs-aproximacio-als-espais-naturals-protegits-del-pirineu-al-parc-natural-de-lalt-pirineu-%f0%9f%8c%b2","status":"publish","type":"post","link":"https:\/\/serveiseducatius.xtec.cat\/cda-vallsdaneu\/portada\/tercera-sessio-del-curs-aproximacio-als-espais-naturals-protegits-del-pirineu-al-parc-natural-de-lalt-pirineu-%f0%9f%8c%b2\/","title":{"rendered":"Tercera sessi\u00f3 del curs \u201cAproximaci\u00f3 als espais naturals protegits del Pirineu\u201d al Parc Natural de l\u2019Alt Pirineu \ud83c\udf32"},"content":{"rendered":"\n<figure class=\"wp-block-image size-large\"><a href=\"https:\/\/serveiseducatius.xtec.cat\/cda-vallsdaneu\/wp-content\/uploads\/usu1375\/2025\/10\/WhatsApp-Image-2025-10-25-at-17.22.31.jpeg\"><img loading=\"lazy\" decoding=\"async\" width=\"1024\" height=\"768\" src=\"https:\/\/serveiseducatius.xtec.cat\/cda-vallsdaneu\/wp-content\/uploads\/usu1375\/2025\/10\/WhatsApp-Image-2025-10-25-at-17.22.31-1024x768.jpeg\" alt=\"\" class=\"wp-image-12458\" srcset=\"https:\/\/serveiseducatius.xtec.cat\/cda-vallsdaneu\/wp-content\/uploads\/usu1375\/2025\/10\/WhatsApp-Image-2025-10-25-at-17.22.31-1024x768.jpeg 1024w, https:\/\/serveiseducatius.xtec.cat\/cda-vallsdaneu\/wp-content\/uploads\/usu1375\/2025\/10\/WhatsApp-Image-2025-10-25-at-17.22.31-300x225.jpeg 300w, https:\/\/serveiseducatius.xtec.cat\/cda-vallsdaneu\/wp-content\/uploads\/usu1375\/2025\/10\/WhatsApp-Image-2025-10-25-at-17.22.31-768x576.jpeg 768w, https:\/\/serveiseducatius.xtec.cat\/cda-vallsdaneu\/wp-content\/uploads\/usu1375\/2025\/10\/WhatsApp-Image-2025-10-25-at-17.22.31-1536x1152.jpeg 1536w, https:\/\/serveiseducatius.xtec.cat\/cda-vallsdaneu\/wp-content\/uploads\/usu1375\/2025\/10\/WhatsApp-Image-2025-10-25-at-17.22.31.jpeg 2040w\" sizes=\"auto, (max-width: 1024px) 100vw, 1024px\" \/><\/a><\/figure>\n\n\n\n<p>Aquest dissabte passat hem celebrat la <strong>tercera sessi\u00f3 del curs \u201cAproximaci\u00f3 als espais naturals protegits del Pirineu: educar des del territori\u201d<\/strong>, que aquesta vegada ens ha portat al <strong>Parc Natural de l\u2019Alt Pirineu<\/strong>, un espai de gran valor ecol\u00f2gic i cultural.<\/p>\n\n\n\n<h3 class=\"wp-block-heading\">Un mat\u00ed entre boscos madurs i biodiversitat<\/h3>\n\n\n\n<p>\ud83d\udeb6\u200d\u2640\ufe0f\ud83d\udeb6\u200d\u2642\ufe0f Durant el mat\u00ed, <strong>en Mois\u00e8s Villanueva<\/strong>, t\u00e8cnic d\u2019Educaci\u00f3 Ambiental del parc, ens va guiar per un <strong>itinerari circular des de Perosa per la vall de Bonab\u00e9<\/strong>, un bosc madur ple de vida i equilibri.<br>En aquest recorregut vam poder <strong>descobrir la flora, la fauna i la gesti\u00f3 sostenible del territori<\/strong>, tot reflexionant sobre la import\u00e0ncia de <strong>compatibilitzar l\u2019activitat humana amb la conservaci\u00f3 de la biodiversitat<\/strong>.<br>En aquests espais hi conviuen <strong>c\u00e9rvols, isards i, de tant en tant, tamb\u00e9 l\u2019\u00f3s bru<\/strong>, s\u00edmbol de la natura salvatge i de la conviv\u00e8ncia possible entre esp\u00e8cies i persones. \ud83c\udf3f<\/p>\n\n\n\n<h3 class=\"wp-block-heading\">Tarda a la Casa de l\u2019\u00d3s d\u2019Isil \ud83d\udc3b<\/h3>\n\n\n\n<p>A la tarda ens vam despla\u00e7ar fins a <strong>Isil<\/strong>, on l\u2019equip docent del <strong>CdA Valls d\u2019\u00c0neu<\/strong> vam conduir la <strong>visita a la Casa de l\u2019\u00d3s Bru<\/strong>.<br>Aquesta \u00e9s una de les activitats educatives que habitualment realitzem amb infants i joves, i aquest dissabte vam tenir l\u2019oportunitat de <strong>compartir-la amb els docents participants<\/strong> del curs.<br>L\u2019activitat va servir per <strong>mostrar com treballem la figura de l\u2019\u00f3s<\/strong> des de l\u2019educaci\u00f3 ambiental, fomentant la comprensi\u00f3 i el respecte envers aquest gran mam\u00edfer i el seu h\u00e0bitat, i <strong>reflexionant sobre la seva conviv\u00e8ncia amb les persones<\/strong>.<\/p>\n\n\n\n<h3 class=\"wp-block-heading\">Educar des del territori<\/h3>\n\n\n\n<p>\u2600\ufe0f Va ser una jornada completa, plena d\u2019<strong>aprenentatge, reflexi\u00f3 i natura<\/strong>, que ens recorda la import\u00e0ncia de <strong>continuar educant des del territori per entendre\u2019l, estimar-lo i cuidar-lo<\/strong>. \ud83d\udc9a<\/p>\n","protected":false},"excerpt":{"rendered":"<p>Aquest dissabte passat hem celebrat la tercera sessi\u00f3 del curs \u201cAproximaci\u00f3 als espais naturals protegits del Pirineu: educar des del [&hellip;]<\/p>\n","protected":false},"author":1,"featured_media":12458,"comment_status":"open","ping_status":"open","sticky":false,"template":"","format":"standard","meta":{"_bbp_topic_count":0,"_bbp_reply_count":0,"_bbp_total_topic_count":0,"_bbp_total_reply_count":0,"_bbp_voice_count":0,"_bbp_anonymous_reply_count":0,"_bbp_topic_count_hidden":0,"_bbp_reply_count_hidden":0,"_bbp_forum_subforum_count":0,"site-sidebar-layout":"default","site-content-layout":"","ast-site-content-layout":"default","site-content-style":"default","site-sidebar-style":"default","ast-global-header-display":"","ast-banner-title-visibility":"","ast-main-header-display":"","ast-hfb-above-header-display":"","ast-hfb-below-header-display":"","ast-hfb-mobile-header-display":"","site-post-title":"","ast-breadcrumbs-content":"","ast-featured-img":"","footer-sml-layout":"","theme-transparent-header-meta":"","adv-header-id-meta":"","stick-header-meta":"","header-above-stick-meta":"","header-main-stick-meta":"","header-below-stick-meta":"","astra-migrate-meta-layouts":"set","ast-page-background-enabled":"default","ast-page-background-meta":{"desktop":{"background-color":"var(--ast-global-color-4)","background-image":"","background-repeat":"repeat","background-position":"center center","background-size":"auto","background-attachment":"scroll","background-type":"","background-media":"","overlay-type":"","overlay-color":"","overlay-opacity":"","overlay-gradient":""},"tablet":{"background-color":"","background-image":"","background-repeat":"repeat","background-position":"center center","background-size":"auto","background-attachment":"scroll","background-type":"","background-media":"","overlay-type":"","overlay-color":"","overlay-opacity":"","overlay-gradient":""},"mobile":{"background-color":"","background-image":"","background-repeat":"repeat","background-position":"center center","background-size":"auto","background-attachment":"scroll","background-type":"","background-media":"","overlay-type":"","overlay-color":"","overlay-opacity":"","overlay-gradient":""}},"ast-content-background-meta":{"desktop":{"background-color":"var(--ast-global-color-5)","background-image":"","background-repeat":"repeat","background-position":"center center","background-size":"auto","background-attachment":"scroll","background-type":"","background-media":"","overlay-type":"","overlay-color":"","overlay-opacity":"","overlay-gradient":""},"tablet":{"background-color":"var(--ast-global-color-5)","background-image":"","background-repeat":"repeat","background-position":"center center","background-size":"auto","background-attachment":"scroll","background-type":"","background-media":"","overlay-type":"","overlay-color":"","overlay-opacity":"","overlay-gradient":""},"mobile":{"background-color":"var(--ast-global-color-5)","background-image":"","background-repeat":"repeat","background-position":"center center","background-size":"auto","background-attachment":"scroll","background-type":"","background-media":"","overlay-type":"","overlay-color":"","overlay-opacity":"","overlay-gradient":""}},"footnotes":""},"categories":[332,29],"tags":[393,385],"class_list":["post-12457","post","type-post","status-publish","format-standard","has-post-thumbnail","hentry","category-curs-daproximacio","category-portada","tag-aprendreambelscampsientorns","tag-campsientornsdaprenentatge"],"post_mailing_queue_ids":[],"_links":{"self":[{"href":"https:\/\/serveiseducatius.xtec.cat\/cda-vallsdaneu\/wp-json\/wp\/v2\/posts\/12457","targetHints":{"allow":["GET"]}}],"collection":[{"href":"https:\/\/serveiseducatius.xtec.cat\/cda-vallsdaneu\/wp-json\/wp\/v2\/posts"}],"about":[{"href":"https:\/\/serveiseducatius.xtec.cat\/cda-vallsdaneu\/wp-json\/wp\/v2\/types\/post"}],"author":[{"embeddable":true,"href":"https:\/\/serveiseducatius.xtec.cat\/cda-vallsdaneu\/wp-json\/wp\/v2\/users\/1"}],"replies":[{"embeddable":true,"href":"https:\/\/serveiseducatius.xtec.cat\/cda-vallsdaneu\/wp-json\/wp\/v2\/comments?post=12457"}],"version-history":[{"count":1,"href":"https:\/\/serveiseducatius.xtec.cat\/cda-vallsdaneu\/wp-json\/wp\/v2\/posts\/12457\/revisions"}],"predecessor-version":[{"id":12459,"href":"https:\/\/serveiseducatius.xtec.cat\/cda-vallsdaneu\/wp-json\/wp\/v2\/posts\/12457\/revisions\/12459"}],"wp:featuredmedia":[{"embeddable":true,"href":"https:\/\/serveiseducatius.xtec.cat\/cda-vallsdaneu\/wp-json\/wp\/v2\/media\/12458"}],"wp:attachment":[{"href":"https:\/\/serveiseducatius.xtec.cat\/cda-vallsdaneu\/wp-json\/wp\/v2\/media?parent=12457"}],"wp:term":[{"taxonomy":"category","embeddable":true,"href":"https:\/\/serveiseducatius.xtec.cat\/cda-vallsdaneu\/wp-json\/wp\/v2\/categories?post=12457"},{"taxonomy":"post_tag","embeddable":true,"href":"https:\/\/serveiseducatius.xtec.cat\/cda-vallsdaneu\/wp-json\/wp\/v2\/tags?post=12457"}],"curies":[{"name":"wp","href":"https:\/\/api.w.org\/{rel}","templated":true}]}}