{"id":12437,"date":"2025-10-13T14:23:31","date_gmt":"2025-10-13T12:23:31","guid":{"rendered":"https:\/\/serveiseducatius.xtec.cat\/cda-vallsdaneu\/?p=12437"},"modified":"2025-10-13T14:23:32","modified_gmt":"2025-10-13T12:23:32","slug":"el-curs-aproximacio-als-espais-naturals-protegits-del-pirineu-fa-parada-a-boumort","status":"publish","type":"post","link":"https:\/\/serveiseducatius.xtec.cat\/cda-vallsdaneu\/portada\/el-curs-aproximacio-als-espais-naturals-protegits-del-pirineu-fa-parada-a-boumort\/","title":{"rendered":"El curs \u201cAproximaci\u00f3 als espais naturals protegits del Pirineu\u201d fa parada a Boumort"},"content":{"rendered":"\n<figure class=\"wp-block-image size-large\"><a href=\"https:\/\/serveiseducatius.xtec.cat\/cda-vallsdaneu\/wp-content\/uploads\/usu1375\/2025\/10\/WhatsApp-Image-2025-10-11-at-17.33.29.jpeg\"><img loading=\"lazy\" decoding=\"async\" width=\"1024\" height=\"768\" src=\"https:\/\/serveiseducatius.xtec.cat\/cda-vallsdaneu\/wp-content\/uploads\/usu1375\/2025\/10\/WhatsApp-Image-2025-10-11-at-17.33.29-1024x768.jpeg\" alt=\"\" class=\"wp-image-12438\" srcset=\"https:\/\/serveiseducatius.xtec.cat\/cda-vallsdaneu\/wp-content\/uploads\/usu1375\/2025\/10\/WhatsApp-Image-2025-10-11-at-17.33.29-1024x768.jpeg 1024w, https:\/\/serveiseducatius.xtec.cat\/cda-vallsdaneu\/wp-content\/uploads\/usu1375\/2025\/10\/WhatsApp-Image-2025-10-11-at-17.33.29-300x225.jpeg 300w, https:\/\/serveiseducatius.xtec.cat\/cda-vallsdaneu\/wp-content\/uploads\/usu1375\/2025\/10\/WhatsApp-Image-2025-10-11-at-17.33.29-768x576.jpeg 768w, https:\/\/serveiseducatius.xtec.cat\/cda-vallsdaneu\/wp-content\/uploads\/usu1375\/2025\/10\/WhatsApp-Image-2025-10-11-at-17.33.29-1536x1152.jpeg 1536w, https:\/\/serveiseducatius.xtec.cat\/cda-vallsdaneu\/wp-content\/uploads\/usu1375\/2025\/10\/WhatsApp-Image-2025-10-11-at-17.33.29.jpeg 1600w\" sizes=\"auto, (max-width: 1024px) 100vw, 1024px\" \/><\/a><\/figure>\n\n\n\n<p>\ud83e\udd85\ud83c\udf33 Aquest dissabte hem celebrat la <strong>segona sessi\u00f3 del curs \u201cAproximaci\u00f3 als espais naturals protegits del Pirineu: educar des del territori\u201d<\/strong>, aquesta vegada a la <strong>Reserva Nacional de Ca\u00e7a de Boumort<\/strong>, un espai que combina natura, geologia i patrimoni cultural.<\/p>\n\n\n\n<h3 class=\"wp-block-heading\">Descobrint la Vall de Carreu<\/h3>\n\n\n\n<p>\ud83d\udeb6\u200d\u2640\ufe0f\ud83d\udeb6\u200d\u2642\ufe0f L\u2019itinerari va comen\u00e7ar al <strong>poble de Pessonada<\/strong> i ens va portar per la <strong>Vall de Carreu<\/strong>, un paisatge aspre i espectacular on la for\u00e7a de la roca i la riquesa biol\u00f2gica conviuen de manera harmoniosa.<br>Pel cam\u00ed vam <strong>identificar l\u2019alzinar mediterrani<\/strong>, vam <strong>observar rastres de fauna<\/strong> i vam con\u00e8ixer de prop alguns dels <strong>grans emblemes del Boumort<\/strong>: el <strong>voltor com\u00fa<\/strong>, el <strong>voltor negre<\/strong>, l\u2019<strong>aufrany<\/strong> i el <strong>trencal\u00f2s<\/strong>. \ud83e\uddb4\ud83e\udd85<\/p>\n\n\n\n<h3 class=\"wp-block-heading\">Entre natura, literatura i aprenentatge<\/h3>\n\n\n\n<p>\ud83d\udcd6 Aquesta vall, coneguda tamb\u00e9 per ser <strong>escenari de la novel\u00b7la \u201cDos ta\u00fcts negres i dos de blancs\u201d de Pep Coll<\/strong>, ens va acompanyar en una jornada plena de descobertes sobre <strong>flora, fauna i gesti\u00f3 dels espais naturals protegits<\/strong>.<br>Una experi\u00e8ncia que ens recorda com la literatura i el territori es poden trobar per inspirar i educar.<\/p>\n\n\n\n<h3 class=\"wp-block-heading\">Aprendre amb els professionals del territori<\/h3>\n\n\n\n<p>\ud83c\udf3f Vam iniciar el dia amb un <strong>t\u00e8cnic de Forestal Catalana<\/strong>, que ens va guiar durant bona part del recorregut aportant una visi\u00f3 experta sobre la gesti\u00f3 forestal i de fauna.<br>La jornada va culminar amb una <strong>sessi\u00f3 a c\u00e0rrec de les companyes del CdA de Tremp<\/strong>, que ens van ajudar a descobrir els <strong>valors naturals i educatius<\/strong> d\u2019aquest espai i a reflexionar sobre com traslladar-los a l\u2019aula.<\/p>\n\n\n\n<h3 class=\"wp-block-heading\">Educant des del territori<\/h3>\n\n\n\n<p>\u2600\ufe0f Va ser un <strong>dia intens, sota un sol radiant i envoltats d\u2019un paisatge \u00fanic<\/strong>, que ens va permetre continuar treballant el nostre objectiu principal: <strong>educar des del territori i trobar noves maneres d\u2019apropar la natura a l\u2019escola<\/strong>. \ud83d\udc9a<\/p>\n","protected":false},"excerpt":{"rendered":"<p>\ud83e\udd85\ud83c\udf33 Aquest dissabte hem celebrat la segona sessi\u00f3 del curs \u201cAproximaci\u00f3 als espais naturals protegits del Pirineu: educar des del [&hellip;]<\/p>\n","protected":false},"author":1,"featured_media":12438,"comment_status":"open","ping_status":"open","sticky":false,"template":"","format":"standard","meta":{"_bbp_topic_count":0,"_bbp_reply_count":0,"_bbp_total_topic_count":0,"_bbp_total_reply_count":0,"_bbp_voice_count":0,"_bbp_anonymous_reply_count":0,"_bbp_topic_count_hidden":0,"_bbp_reply_count_hidden":0,"_bbp_forum_subforum_count":0,"site-sidebar-layout":"default","site-content-layout":"","ast-site-content-layout":"default","site-content-style":"default","site-sidebar-style":"default","ast-global-header-display":"","ast-banner-title-visibility":"","ast-main-header-display":"","ast-hfb-above-header-display":"","ast-hfb-below-header-display":"","ast-hfb-mobile-header-display":"","site-post-title":"","ast-breadcrumbs-content":"","ast-featured-img":"","footer-sml-layout":"","theme-transparent-header-meta":"","adv-header-id-meta":"","stick-header-meta":"","header-above-stick-meta":"","header-main-stick-meta":"","header-below-stick-meta":"","astra-migrate-meta-layouts":"set","ast-page-background-enabled":"default","ast-page-background-meta":{"desktop":{"background-color":"var(--ast-global-color-4)","background-image":"","background-repeat":"repeat","background-position":"center center","background-size":"auto","background-attachment":"scroll","background-type":"","background-media":"","overlay-type":"","overlay-color":"","overlay-opacity":"","overlay-gradient":""},"tablet":{"background-color":"","background-image":"","background-repeat":"repeat","background-position":"center center","background-size":"auto","background-attachment":"scroll","background-type":"","background-media":"","overlay-type":"","overlay-color":"","overlay-opacity":"","overlay-gradient":""},"mobile":{"background-color":"","background-image":"","background-repeat":"repeat","background-position":"center center","background-size":"auto","background-attachment":"scroll","background-type":"","background-media":"","overlay-type":"","overlay-color":"","overlay-opacity":"","overlay-gradient":""}},"ast-content-background-meta":{"desktop":{"background-color":"var(--ast-global-color-5)","background-image":"","background-repeat":"repeat","background-position":"center center","background-size":"auto","background-attachment":"scroll","background-type":"","background-media":"","overlay-type":"","overlay-color":"","overlay-opacity":"","overlay-gradient":""},"tablet":{"background-color":"var(--ast-global-color-5)","background-image":"","background-repeat":"repeat","background-position":"center center","background-size":"auto","background-attachment":"scroll","background-type":"","background-media":"","overlay-type":"","overlay-color":"","overlay-opacity":"","overlay-gradient":""},"mobile":{"background-color":"var(--ast-global-color-5)","background-image":"","background-repeat":"repeat","background-position":"center center","background-size":"auto","background-attachment":"scroll","background-type":"","background-media":"","overlay-type":"","overlay-color":"","overlay-opacity":"","overlay-gradient":""}},"footnotes":""},"categories":[332,29],"tags":[393,385],"class_list":["post-12437","post","type-post","status-publish","format-standard","has-post-thumbnail","hentry","category-curs-daproximacio","category-portada","tag-aprendreambelscampsientorns","tag-campsientornsdaprenentatge"],"post_mailing_queue_ids":[],"_links":{"self":[{"href":"https:\/\/serveiseducatius.xtec.cat\/cda-vallsdaneu\/wp-json\/wp\/v2\/posts\/12437","targetHints":{"allow":["GET"]}}],"collection":[{"href":"https:\/\/serveiseducatius.xtec.cat\/cda-vallsdaneu\/wp-json\/wp\/v2\/posts"}],"about":[{"href":"https:\/\/serveiseducatius.xtec.cat\/cda-vallsdaneu\/wp-json\/wp\/v2\/types\/post"}],"author":[{"embeddable":true,"href":"https:\/\/serveiseducatius.xtec.cat\/cda-vallsdaneu\/wp-json\/wp\/v2\/users\/1"}],"replies":[{"embeddable":true,"href":"https:\/\/serveiseducatius.xtec.cat\/cda-vallsdaneu\/wp-json\/wp\/v2\/comments?post=12437"}],"version-history":[{"count":1,"href":"https:\/\/serveiseducatius.xtec.cat\/cda-vallsdaneu\/wp-json\/wp\/v2\/posts\/12437\/revisions"}],"predecessor-version":[{"id":12439,"href":"https:\/\/serveiseducatius.xtec.cat\/cda-vallsdaneu\/wp-json\/wp\/v2\/posts\/12437\/revisions\/12439"}],"wp:featuredmedia":[{"embeddable":true,"href":"https:\/\/serveiseducatius.xtec.cat\/cda-vallsdaneu\/wp-json\/wp\/v2\/media\/12438"}],"wp:attachment":[{"href":"https:\/\/serveiseducatius.xtec.cat\/cda-vallsdaneu\/wp-json\/wp\/v2\/media?parent=12437"}],"wp:term":[{"taxonomy":"category","embeddable":true,"href":"https:\/\/serveiseducatius.xtec.cat\/cda-vallsdaneu\/wp-json\/wp\/v2\/categories?post=12437"},{"taxonomy":"post_tag","embeddable":true,"href":"https:\/\/serveiseducatius.xtec.cat\/cda-vallsdaneu\/wp-json\/wp\/v2\/tags?post=12437"}],"curies":[{"name":"wp","href":"https:\/\/api.w.org\/{rel}","templated":true}]}}