{"id":12434,"date":"2025-10-09T14:49:33","date_gmt":"2025-10-09T12:49:33","guid":{"rendered":"https:\/\/serveiseducatius.xtec.cat\/cda-vallsdaneu\/?p=12434"},"modified":"2025-10-09T14:49:34","modified_gmt":"2025-10-09T12:49:34","slug":"descobrim-esterri-daneu-amb-lalumnat-de-lescola-la-closa","status":"publish","type":"post","link":"https:\/\/serveiseducatius.xtec.cat\/cda-vallsdaneu\/portada\/descobrim-esterri-daneu-amb-lalumnat-de-lescola-la-closa\/","title":{"rendered":"Descobrim Esterri d\u2019\u00c0neu amb l\u2019alumnat de l\u2019Escola La Closa"},"content":{"rendered":"\n<figure class=\"wp-block-image size-large\"><a href=\"https:\/\/serveiseducatius.xtec.cat\/cda-vallsdaneu\/wp-content\/uploads\/usu1375\/2025\/10\/WhatsApp-Image-2025-10-09-at-14.01.42.jpeg\"><img loading=\"lazy\" decoding=\"async\" width=\"1024\" height=\"768\" src=\"https:\/\/serveiseducatius.xtec.cat\/cda-vallsdaneu\/wp-content\/uploads\/usu1375\/2025\/10\/WhatsApp-Image-2025-10-09-at-14.01.42-1024x768.jpeg\" alt=\"\" class=\"wp-image-12435\" srcset=\"https:\/\/serveiseducatius.xtec.cat\/cda-vallsdaneu\/wp-content\/uploads\/usu1375\/2025\/10\/WhatsApp-Image-2025-10-09-at-14.01.42-1024x768.jpeg 1024w, https:\/\/serveiseducatius.xtec.cat\/cda-vallsdaneu\/wp-content\/uploads\/usu1375\/2025\/10\/WhatsApp-Image-2025-10-09-at-14.01.42-300x225.jpeg 300w, https:\/\/serveiseducatius.xtec.cat\/cda-vallsdaneu\/wp-content\/uploads\/usu1375\/2025\/10\/WhatsApp-Image-2025-10-09-at-14.01.42-768x576.jpeg 768w, https:\/\/serveiseducatius.xtec.cat\/cda-vallsdaneu\/wp-content\/uploads\/usu1375\/2025\/10\/WhatsApp-Image-2025-10-09-at-14.01.42-1536x1152.jpeg 1536w, https:\/\/serveiseducatius.xtec.cat\/cda-vallsdaneu\/wp-content\/uploads\/usu1375\/2025\/10\/WhatsApp-Image-2025-10-09-at-14.01.42.jpeg 1600w\" sizes=\"auto, (max-width: 1024px) 100vw, 1024px\" \/><\/a><\/figure>\n\n\n\n<p>\ud83d\udd0e\ud83c\udfd8\ufe0f Avui hem gaudit d\u2019una activitat molt especial amb l\u2019alumnat de <strong>Cicle Inicial de l\u2019Escola La Closa d\u2019Esterri d\u2019\u00c0neu<\/strong>: una <strong>sortida de descoberta del poble<\/strong> a trav\u00e9s del joc, els enigmes i la curiositat.<\/p>\n\n\n\n<h3 class=\"wp-block-heading\">Un recorregut ple de pistes i descobertes<\/h3>\n\n\n\n<p>Seguint les pistes d\u2019uns <strong>enigmes misteriosos<\/strong>, els nens i nenes han recorregut diferents racons emblem\u00e0tics d\u2019Esterri:<br>el <strong>pont rom\u00e0nic<\/strong>, la <strong>Creu<\/strong>, l\u2019<strong>Oficina de Turisme<\/strong>, la <strong>Resid\u00e8ncia d\u2019avis<\/strong>, les <strong>ambul\u00e0ncies<\/strong>, el <strong>parc d\u2019obres p\u00fabliques<\/strong>, l\u2019<strong>Ajuntament<\/strong> i <strong>Correus<\/strong>. \u2709\ufe0f\ud83d\ude91\ud83c\udfd7\ufe0f<br>A cada parada, una nova pista, una nova pregunta i una nova oportunitat per <strong>aprendre sobre el seu entorn m\u00e9s proper<\/strong>.<\/p>\n\n\n\n<h3 class=\"wp-block-heading\">Aprendre jugant i explorant<\/h3>\n\n\n\n<p>L\u2019activitat ha estat plena de <strong>curiositat, aprenentatge i rialles<\/strong>. Els infants han estat els <strong>aut\u00e8ntics protagonistes<\/strong>: resolien enigmes, guiaven el grup i compartien descobertes amb entusiasme.<br>A trav\u00e9s del joc, han apr\u00e8s a observar, a preguntar i a valorar tots aquells <strong>espais i serveis que formen part de la vida quotidiana del poble<\/strong>. \ud83c\udf1f<\/p>\n\n\n\n<h3 class=\"wp-block-heading\">Un agra\u00efment molt especial<\/h3>\n\n\n\n<p>\ud83d\udc9a Volem donar les gr\u00e0cies a totes les <strong>persones i serveis d\u2019Esterri d\u2019\u00c0neu<\/strong> que ens han obert les portes i han col\u00b7laborat en aquesta activitat. Gr\u00e0cies a vosaltres, hem pogut con\u00e8ixer millor el nostre entorn i entendre que <strong>aprendre tamb\u00e9 vol dir mirar amb ulls nous all\u00f2 que ens envolta cada dia<\/strong>.<\/p>\n\n\n\n<p><\/p>\n","protected":false},"excerpt":{"rendered":"<p>\ud83d\udd0e\ud83c\udfd8\ufe0f Avui hem gaudit d\u2019una activitat molt especial amb l\u2019alumnat de Cicle Inicial de l\u2019Escola La Closa d\u2019Esterri d\u2019\u00c0neu: una [&hellip;]<\/p>\n","protected":false},"author":1,"featured_media":12435,"comment_status":"open","ping_status":"open","sticky":false,"template":"","format":"standard","meta":{"_bbp_topic_count":0,"_bbp_reply_count":0,"_bbp_total_topic_count":0,"_bbp_total_reply_count":0,"_bbp_voice_count":0,"_bbp_anonymous_reply_count":0,"_bbp_topic_count_hidden":0,"_bbp_reply_count_hidden":0,"_bbp_forum_subforum_count":0,"site-sidebar-layout":"default","site-content-layout":"","ast-site-content-layout":"default","site-content-style":"default","site-sidebar-style":"default","ast-global-header-display":"","ast-banner-title-visibility":"","ast-main-header-display":"","ast-hfb-above-header-display":"","ast-hfb-below-header-display":"","ast-hfb-mobile-header-display":"","site-post-title":"","ast-breadcrumbs-content":"","ast-featured-img":"","footer-sml-layout":"","theme-transparent-header-meta":"","adv-header-id-meta":"","stick-header-meta":"","header-above-stick-meta":"","header-main-stick-meta":"","header-below-stick-meta":"","astra-migrate-meta-layouts":"set","ast-page-background-enabled":"default","ast-page-background-meta":{"desktop":{"background-color":"var(--ast-global-color-4)","background-image":"","background-repeat":"repeat","background-position":"center center","background-size":"auto","background-attachment":"scroll","background-type":"","background-media":"","overlay-type":"","overlay-color":"","overlay-opacity":"","overlay-gradient":""},"tablet":{"background-color":"","background-image":"","background-repeat":"repeat","background-position":"center center","background-size":"auto","background-attachment":"scroll","background-type":"","background-media":"","overlay-type":"","overlay-color":"","overlay-opacity":"","overlay-gradient":""},"mobile":{"background-color":"","background-image":"","background-repeat":"repeat","background-position":"center center","background-size":"auto","background-attachment":"scroll","background-type":"","background-media":"","overlay-type":"","overlay-color":"","overlay-opacity":"","overlay-gradient":""}},"ast-content-background-meta":{"desktop":{"background-color":"var(--ast-global-color-5)","background-image":"","background-repeat":"repeat","background-position":"center center","background-size":"auto","background-attachment":"scroll","background-type":"","background-media":"","overlay-type":"","overlay-color":"","overlay-opacity":"","overlay-gradient":""},"tablet":{"background-color":"var(--ast-global-color-5)","background-image":"","background-repeat":"repeat","background-position":"center center","background-size":"auto","background-attachment":"scroll","background-type":"","background-media":"","overlay-type":"","overlay-color":"","overlay-opacity":"","overlay-gradient":""},"mobile":{"background-color":"var(--ast-global-color-5)","background-image":"","background-repeat":"repeat","background-position":"center center","background-size":"auto","background-attachment":"scroll","background-type":"","background-media":"","overlay-type":"","overlay-color":"","overlay-opacity":"","overlay-gradient":""}},"footnotes":""},"categories":[262,410,29],"tags":[393,385],"class_list":["post-12434","post","type-post","status-publish","format-standard","has-post-thumbnail","hentry","category-activitats","category-comarca","category-portada","tag-aprendreambelscampsientorns","tag-campsientornsdaprenentatge"],"post_mailing_queue_ids":[],"_links":{"self":[{"href":"https:\/\/serveiseducatius.xtec.cat\/cda-vallsdaneu\/wp-json\/wp\/v2\/posts\/12434","targetHints":{"allow":["GET"]}}],"collection":[{"href":"https:\/\/serveiseducatius.xtec.cat\/cda-vallsdaneu\/wp-json\/wp\/v2\/posts"}],"about":[{"href":"https:\/\/serveiseducatius.xtec.cat\/cda-vallsdaneu\/wp-json\/wp\/v2\/types\/post"}],"author":[{"embeddable":true,"href":"https:\/\/serveiseducatius.xtec.cat\/cda-vallsdaneu\/wp-json\/wp\/v2\/users\/1"}],"replies":[{"embeddable":true,"href":"https:\/\/serveiseducatius.xtec.cat\/cda-vallsdaneu\/wp-json\/wp\/v2\/comments?post=12434"}],"version-history":[{"count":1,"href":"https:\/\/serveiseducatius.xtec.cat\/cda-vallsdaneu\/wp-json\/wp\/v2\/posts\/12434\/revisions"}],"predecessor-version":[{"id":12436,"href":"https:\/\/serveiseducatius.xtec.cat\/cda-vallsdaneu\/wp-json\/wp\/v2\/posts\/12434\/revisions\/12436"}],"wp:featuredmedia":[{"embeddable":true,"href":"https:\/\/serveiseducatius.xtec.cat\/cda-vallsdaneu\/wp-json\/wp\/v2\/media\/12435"}],"wp:attachment":[{"href":"https:\/\/serveiseducatius.xtec.cat\/cda-vallsdaneu\/wp-json\/wp\/v2\/media?parent=12434"}],"wp:term":[{"taxonomy":"category","embeddable":true,"href":"https:\/\/serveiseducatius.xtec.cat\/cda-vallsdaneu\/wp-json\/wp\/v2\/categories?post=12434"},{"taxonomy":"post_tag","embeddable":true,"href":"https:\/\/serveiseducatius.xtec.cat\/cda-vallsdaneu\/wp-json\/wp\/v2\/tags?post=12434"}],"curies":[{"name":"wp","href":"https:\/\/api.w.org\/{rel}","templated":true}]}}