{"id":12424,"date":"2025-10-06T10:31:31","date_gmt":"2025-10-06T08:31:31","guid":{"rendered":"https:\/\/serveiseducatius.xtec.cat\/cda-vallsdaneu\/?p=12424"},"modified":"2025-10-06T10:31:32","modified_gmt":"2025-10-06T08:31:32","slug":"iniciem-el-curs-aproximacio-als-espais-naturals-protegits-del-pirineu","status":"publish","type":"post","link":"https:\/\/serveiseducatius.xtec.cat\/cda-vallsdaneu\/portada\/iniciem-el-curs-aproximacio-als-espais-naturals-protegits-del-pirineu\/","title":{"rendered":"Iniciem el curs \u201cAproximaci\u00f3 als espais naturals protegits del Pirineu\u201d"},"content":{"rendered":"\n<figure class=\"wp-block-image size-large\"><a href=\"https:\/\/serveiseducatius.xtec.cat\/cda-vallsdaneu\/wp-content\/uploads\/usu1375\/2025\/10\/WhatsApp-Image-2025-10-06-at-09.58.57-2.jpeg\"><img loading=\"lazy\" decoding=\"async\" width=\"1024\" height=\"768\" src=\"https:\/\/serveiseducatius.xtec.cat\/cda-vallsdaneu\/wp-content\/uploads\/usu1375\/2025\/10\/WhatsApp-Image-2025-10-06-at-09.58.57-2-1024x768.jpeg\" alt=\"\" class=\"wp-image-12425\" srcset=\"https:\/\/serveiseducatius.xtec.cat\/cda-vallsdaneu\/wp-content\/uploads\/usu1375\/2025\/10\/WhatsApp-Image-2025-10-06-at-09.58.57-2-1024x768.jpeg 1024w, https:\/\/serveiseducatius.xtec.cat\/cda-vallsdaneu\/wp-content\/uploads\/usu1375\/2025\/10\/WhatsApp-Image-2025-10-06-at-09.58.57-2-300x225.jpeg 300w, https:\/\/serveiseducatius.xtec.cat\/cda-vallsdaneu\/wp-content\/uploads\/usu1375\/2025\/10\/WhatsApp-Image-2025-10-06-at-09.58.57-2-768x576.jpeg 768w, https:\/\/serveiseducatius.xtec.cat\/cda-vallsdaneu\/wp-content\/uploads\/usu1375\/2025\/10\/WhatsApp-Image-2025-10-06-at-09.58.57-2-1536x1152.jpeg 1536w, https:\/\/serveiseducatius.xtec.cat\/cda-vallsdaneu\/wp-content\/uploads\/usu1375\/2025\/10\/WhatsApp-Image-2025-10-06-at-09.58.57-2.jpeg 2040w\" sizes=\"auto, (max-width: 1024px) 100vw, 1024px\" \/><\/a><\/figure>\n\n\n\n<p>\ud83d\udcda\ud83c\udf3f Aquest dissabte vam donar el tret de sortida al curs <strong>\u201cAproximaci\u00f3 als espais naturals protegits del Pirineu: educar des del territori\u201d<\/strong>, adre\u00e7at a docents i pensat per aportar eines i coneixements per a una educaci\u00f3 m\u00e9s vinculada al medi natural.<\/p>\n\n\n\n<h3 class=\"wp-block-heading\">Una immersi\u00f3 al Parc Nacional<\/h3>\n\n\n\n<p>\ud83c\udfd4\ufe0f La primera jornada ens va portar al <strong>Parc Nacional d\u2019Aig\u00fcestortes i Estany de Sant Maurici<\/strong>, on vam con\u00e8ixer els seus valors naturals i culturals de la m\u00e0 d\u2019un t\u00e8cnic del parc i de les professores del <strong>CdA de la Vall de Bo\u00ed<\/strong>.<\/p>\n\n\n\n<p>\ud83d\udeb6\u200d\u2640\ufe0f\ud83d\udeb6\u200d\u2642\ufe0f Des del Planell d\u2019Aig\u00fcestortes fins a l\u2019Estany Llong, vam rec\u00f3rrer un <strong>paisatge glacial espectacular<\/strong>, travessant boscos d\u2019avet i bedoll, prats alpins i rius d\u2019aig\u00fces cristal\u00b7lines. Pel cam\u00ed, vam aprofundir en temes com:<\/p>\n\n\n\n<ul class=\"wp-block-list\">\n<li>la <strong>geomorfologia<\/strong> i l\u2019origen glacial del paisatge,<\/li>\n\n\n\n<li>la <strong>vegetaci\u00f3 i la fauna<\/strong> de l\u2019alta muntanya,<\/li>\n\n\n\n<li>la <strong>gesti\u00f3 dels espais naturals protegits<\/strong>,<\/li>\n\n\n\n<li>i com <strong>treballar pedag\u00f2gicament aquests valors a l\u2019aula<\/strong>.<\/li>\n<\/ul>\n\n\n\n<h3 class=\"wp-block-heading\">Sabies que\u2026?<\/h3>\n\n\n\n<p>\ud83c\udf32\u2744\ufe0f Aquest \u00e9s l\u2019<strong>\u00fanic Parc Nacional de Catalunya<\/strong> i conserva alguns dels <strong>boscos d\u2019avet m\u00e9s extensos i ben preservats dels Pirineus<\/strong>. Un aut\u00e8ntic tresor natural que cal con\u00e8ixer, estimar i protegir.<\/p>\n\n\n\n<h3 class=\"wp-block-heading\">Una jornada per connectar i reflexionar<\/h3>\n\n\n\n<p>Aquesta primera sessi\u00f3 ens ha perm\u00e8s <strong>connectar amb el territori<\/strong> i reflexionar sobre com transmetre als infants i joves la import\u00e0ncia de preservar-lo. Una experi\u00e8ncia intensa, enriquidora i plena d\u2019aprenentatges que marca l\u2019inici d\u2019un curs molt especial. \ud83d\udc9a<\/p>\n","protected":false},"excerpt":{"rendered":"<p>\ud83d\udcda\ud83c\udf3f Aquest dissabte vam donar el tret de sortida al curs \u201cAproximaci\u00f3 als espais naturals protegits del Pirineu: educar des [&hellip;]<\/p>\n","protected":false},"author":1,"featured_media":12425,"comment_status":"open","ping_status":"open","sticky":false,"template":"","format":"standard","meta":{"_bbp_topic_count":0,"_bbp_reply_count":0,"_bbp_total_topic_count":0,"_bbp_total_reply_count":0,"_bbp_voice_count":0,"_bbp_anonymous_reply_count":0,"_bbp_topic_count_hidden":0,"_bbp_reply_count_hidden":0,"_bbp_forum_subforum_count":0,"site-sidebar-layout":"default","site-content-layout":"","ast-site-content-layout":"default","site-content-style":"default","site-sidebar-style":"default","ast-global-header-display":"","ast-banner-title-visibility":"","ast-main-header-display":"","ast-hfb-above-header-display":"","ast-hfb-below-header-display":"","ast-hfb-mobile-header-display":"","site-post-title":"","ast-breadcrumbs-content":"","ast-featured-img":"","footer-sml-layout":"","theme-transparent-header-meta":"","adv-header-id-meta":"","stick-header-meta":"","header-above-stick-meta":"","header-main-stick-meta":"","header-below-stick-meta":"","astra-migrate-meta-layouts":"set","ast-page-background-enabled":"default","ast-page-background-meta":{"desktop":{"background-color":"var(--ast-global-color-4)","background-image":"","background-repeat":"repeat","background-position":"center center","background-size":"auto","background-attachment":"scroll","background-type":"","background-media":"","overlay-type":"","overlay-color":"","overlay-opacity":"","overlay-gradient":""},"tablet":{"background-color":"","background-image":"","background-repeat":"repeat","background-position":"center center","background-size":"auto","background-attachment":"scroll","background-type":"","background-media":"","overlay-type":"","overlay-color":"","overlay-opacity":"","overlay-gradient":""},"mobile":{"background-color":"","background-image":"","background-repeat":"repeat","background-position":"center center","background-size":"auto","background-attachment":"scroll","background-type":"","background-media":"","overlay-type":"","overlay-color":"","overlay-opacity":"","overlay-gradient":""}},"ast-content-background-meta":{"desktop":{"background-color":"var(--ast-global-color-5)","background-image":"","background-repeat":"repeat","background-position":"center center","background-size":"auto","background-attachment":"scroll","background-type":"","background-media":"","overlay-type":"","overlay-color":"","overlay-opacity":"","overlay-gradient":""},"tablet":{"background-color":"var(--ast-global-color-5)","background-image":"","background-repeat":"repeat","background-position":"center center","background-size":"auto","background-attachment":"scroll","background-type":"","background-media":"","overlay-type":"","overlay-color":"","overlay-opacity":"","overlay-gradient":""},"mobile":{"background-color":"var(--ast-global-color-5)","background-image":"","background-repeat":"repeat","background-position":"center center","background-size":"auto","background-attachment":"scroll","background-type":"","background-media":"","overlay-type":"","overlay-color":"","overlay-opacity":"","overlay-gradient":""}},"footnotes":""},"categories":[262,335,29],"tags":[393,385,453],"class_list":["post-12424","post","type-post","status-publish","format-standard","has-post-thumbnail","hentry","category-activitats","category-noticies","category-portada","tag-aprendreambelscampsientorns","tag-campsientornsdaprenentatge","tag-parcnacional"],"post_mailing_queue_ids":[],"_links":{"self":[{"href":"https:\/\/serveiseducatius.xtec.cat\/cda-vallsdaneu\/wp-json\/wp\/v2\/posts\/12424","targetHints":{"allow":["GET"]}}],"collection":[{"href":"https:\/\/serveiseducatius.xtec.cat\/cda-vallsdaneu\/wp-json\/wp\/v2\/posts"}],"about":[{"href":"https:\/\/serveiseducatius.xtec.cat\/cda-vallsdaneu\/wp-json\/wp\/v2\/types\/post"}],"author":[{"embeddable":true,"href":"https:\/\/serveiseducatius.xtec.cat\/cda-vallsdaneu\/wp-json\/wp\/v2\/users\/1"}],"replies":[{"embeddable":true,"href":"https:\/\/serveiseducatius.xtec.cat\/cda-vallsdaneu\/wp-json\/wp\/v2\/comments?post=12424"}],"version-history":[{"count":1,"href":"https:\/\/serveiseducatius.xtec.cat\/cda-vallsdaneu\/wp-json\/wp\/v2\/posts\/12424\/revisions"}],"predecessor-version":[{"id":12426,"href":"https:\/\/serveiseducatius.xtec.cat\/cda-vallsdaneu\/wp-json\/wp\/v2\/posts\/12424\/revisions\/12426"}],"wp:featuredmedia":[{"embeddable":true,"href":"https:\/\/serveiseducatius.xtec.cat\/cda-vallsdaneu\/wp-json\/wp\/v2\/media\/12425"}],"wp:attachment":[{"href":"https:\/\/serveiseducatius.xtec.cat\/cda-vallsdaneu\/wp-json\/wp\/v2\/media?parent=12424"}],"wp:term":[{"taxonomy":"category","embeddable":true,"href":"https:\/\/serveiseducatius.xtec.cat\/cda-vallsdaneu\/wp-json\/wp\/v2\/categories?post=12424"},{"taxonomy":"post_tag","embeddable":true,"href":"https:\/\/serveiseducatius.xtec.cat\/cda-vallsdaneu\/wp-json\/wp\/v2\/tags?post=12424"}],"curies":[{"name":"wp","href":"https:\/\/api.w.org\/{rel}","templated":true}]}}