{"id":12408,"date":"2025-09-26T16:56:23","date_gmt":"2025-09-26T14:56:23","guid":{"rendered":"https:\/\/serveiseducatius.xtec.cat\/cda-vallsdaneu\/?p=12408"},"modified":"2025-09-26T16:56:24","modified_gmt":"2025-09-26T14:56:24","slug":"descobrint-lofici-dels-pastors-amb-la-zer-alt-pallars-sobira","status":"publish","type":"post","link":"https:\/\/serveiseducatius.xtec.cat\/cda-vallsdaneu\/portada\/descobrint-lofici-dels-pastors-amb-la-zer-alt-pallars-sobira\/","title":{"rendered":"Descobrint l\u2019ofici dels pastors amb la ZER Alt Pallars Sobir\u00e0"},"content":{"rendered":"\n<figure class=\"wp-block-image size-large\"><a href=\"https:\/\/serveiseducatius.xtec.cat\/cda-vallsdaneu\/wp-content\/uploads\/usu1375\/2025\/09\/WhatsApp-Image-2025-09-26-at-16.55.32-1.jpeg\"><img loading=\"lazy\" decoding=\"async\" width=\"768\" height=\"1024\" src=\"https:\/\/serveiseducatius.xtec.cat\/cda-vallsdaneu\/wp-content\/uploads\/usu1375\/2025\/09\/WhatsApp-Image-2025-09-26-at-16.55.32-1-768x1024.jpeg\" alt=\"\" class=\"wp-image-12412\" srcset=\"https:\/\/serveiseducatius.xtec.cat\/cda-vallsdaneu\/wp-content\/uploads\/usu1375\/2025\/09\/WhatsApp-Image-2025-09-26-at-16.55.32-1-768x1024.jpeg 768w, https:\/\/serveiseducatius.xtec.cat\/cda-vallsdaneu\/wp-content\/uploads\/usu1375\/2025\/09\/WhatsApp-Image-2025-09-26-at-16.55.32-1-225x300.jpeg 225w, https:\/\/serveiseducatius.xtec.cat\/cda-vallsdaneu\/wp-content\/uploads\/usu1375\/2025\/09\/WhatsApp-Image-2025-09-26-at-16.55.32-1-1152x1536.jpeg 1152w, https:\/\/serveiseducatius.xtec.cat\/cda-vallsdaneu\/wp-content\/uploads\/usu1375\/2025\/09\/WhatsApp-Image-2025-09-26-at-16.55.32-1.jpeg 1200w\" sizes=\"auto, (max-width: 768px) 100vw, 768px\" \/><\/a><\/figure>\n\n\n\n<p>\ud83d\udc11\u2728 Aquesta setmana hem viscut una jornada ben especial amb l\u2019alumnat de Cicle Inicial de la <strong>ZER Alt Pallars<\/strong>.<br>La sortida ens ha portat fins a l\u2019<strong>Ecomuseu dels Pastors de la Vall d\u2019\u00c0ssua<\/strong>, un espai que preserva i explica el ric patrimoni vinculat a l\u2019ofici tradicional dels pastors.<\/p>\n\n\n\n<h3 class=\"wp-block-heading\">Una immersi\u00f3 al m\u00f3n de les ovelles i la llana<\/h3>\n\n\n\n<p>Els infants han pogut con\u00e8ixer de prop <strong>com \u00e9s la vida dels pastors i quina relaci\u00f3 tenen amb el territori i el bestiar<\/strong>. Han descobert curiositats sobre el m\u00f3n de les ovelles i, especialment, el proc\u00e9s de <strong>transformaci\u00f3 de la llana<\/strong>, un recurs natural que ha estat clau durant segles.<\/p>\n\n\n\n<h3 class=\"wp-block-heading\">Taller de feltre: aprendre fent<\/h3>\n\n\n\n<p>A m\u00e9s de la visita, hem participat en un <strong>taller pr\u00e0ctic de feltre<\/strong>, on els nens i nenes han experimentat com aquest material tan vers\u00e0til es pot transformar en petites creacions artesanals. Una activitat que combina tradici\u00f3, creativitat i contacte amb la mat\u00e8ria primera.<\/p>\n\n\n\n<h3 class=\"wp-block-heading\">Gr\u00e0cies per acompanyar-nos!<\/h3>\n\n\n\n<p>\ud83d\ude4c Volem agrair especialment a la <strong>Maria, t\u00e8cnica del Parc Nacional d\u2019Aig\u00fcestortes i Estany de Sant Maurici<\/strong>, per acompanyar-nos i guiar-nos durant la visita a l\u2019ecomuseu, aportant coneixements i experi\u00e8ncies que han enriquit encara m\u00e9s la sortida.<\/p>\n\n\n\n<h3 class=\"wp-block-heading\">Una experi\u00e8ncia que connecta educaci\u00f3 i territori<\/h3>\n\n\n\n<p>Aquesta activitat ha estat una oportunitat per <strong>acostar-nos a les tradicions locals, al patrimoni viu i a l\u2019ofici dels pastors<\/strong>, i per transmetre a l\u2019alumnat la import\u00e0ncia de cuidar i valorar el nostre entorn natural i cultural.<\/p>\n\n\n\n<p>\ud83c\udf3f\u26f0\ufe0f Una jornada que ens recorda que aprendre fent \u00e9s la millor manera de connectar amb el territori.<\/p>\n","protected":false},"excerpt":{"rendered":"<p>\ud83d\udc11\u2728 Aquesta setmana hem viscut una jornada ben especial amb l\u2019alumnat de Cicle Inicial de la ZER Alt Pallars.La sortida [&hellip;]<\/p>\n","protected":false},"author":1,"featured_media":12411,"comment_status":"open","ping_status":"open","sticky":false,"template":"","format":"standard","meta":{"_bbp_topic_count":0,"_bbp_reply_count":0,"_bbp_total_topic_count":0,"_bbp_total_reply_count":0,"_bbp_voice_count":0,"_bbp_anonymous_reply_count":0,"_bbp_topic_count_hidden":0,"_bbp_reply_count_hidden":0,"_bbp_forum_subforum_count":0,"site-sidebar-layout":"default","site-content-layout":"","ast-site-content-layout":"default","site-content-style":"default","site-sidebar-style":"default","ast-global-header-display":"","ast-banner-title-visibility":"","ast-main-header-display":"","ast-hfb-above-header-display":"","ast-hfb-below-header-display":"","ast-hfb-mobile-header-display":"","site-post-title":"","ast-breadcrumbs-content":"","ast-featured-img":"","footer-sml-layout":"","theme-transparent-header-meta":"","adv-header-id-meta":"","stick-header-meta":"","header-above-stick-meta":"","header-main-stick-meta":"","header-below-stick-meta":"","astra-migrate-meta-layouts":"set","ast-page-background-enabled":"default","ast-page-background-meta":{"desktop":{"background-color":"var(--ast-global-color-4)","background-image":"","background-repeat":"repeat","background-position":"center center","background-size":"auto","background-attachment":"scroll","background-type":"","background-media":"","overlay-type":"","overlay-color":"","overlay-opacity":"","overlay-gradient":""},"tablet":{"background-color":"","background-image":"","background-repeat":"repeat","background-position":"center center","background-size":"auto","background-attachment":"scroll","background-type":"","background-media":"","overlay-type":"","overlay-color":"","overlay-opacity":"","overlay-gradient":""},"mobile":{"background-color":"","background-image":"","background-repeat":"repeat","background-position":"center center","background-size":"auto","background-attachment":"scroll","background-type":"","background-media":"","overlay-type":"","overlay-color":"","overlay-opacity":"","overlay-gradient":""}},"ast-content-background-meta":{"desktop":{"background-color":"var(--ast-global-color-5)","background-image":"","background-repeat":"repeat","background-position":"center center","background-size":"auto","background-attachment":"scroll","background-type":"","background-media":"","overlay-type":"","overlay-color":"","overlay-opacity":"","overlay-gradient":""},"tablet":{"background-color":"var(--ast-global-color-5)","background-image":"","background-repeat":"repeat","background-position":"center center","background-size":"auto","background-attachment":"scroll","background-type":"","background-media":"","overlay-type":"","overlay-color":"","overlay-opacity":"","overlay-gradient":""},"mobile":{"background-color":"var(--ast-global-color-5)","background-image":"","background-repeat":"repeat","background-position":"center center","background-size":"auto","background-attachment":"scroll","background-type":"","background-media":"","overlay-type":"","overlay-color":"","overlay-opacity":"","overlay-gradient":""}},"footnotes":""},"categories":[262,410,29],"tags":[393,385],"class_list":["post-12408","post","type-post","status-publish","format-standard","has-post-thumbnail","hentry","category-activitats","category-comarca","category-portada","tag-aprendreambelscampsientorns","tag-campsientornsdaprenentatge"],"post_mailing_queue_ids":[],"_links":{"self":[{"href":"https:\/\/serveiseducatius.xtec.cat\/cda-vallsdaneu\/wp-json\/wp\/v2\/posts\/12408","targetHints":{"allow":["GET"]}}],"collection":[{"href":"https:\/\/serveiseducatius.xtec.cat\/cda-vallsdaneu\/wp-json\/wp\/v2\/posts"}],"about":[{"href":"https:\/\/serveiseducatius.xtec.cat\/cda-vallsdaneu\/wp-json\/wp\/v2\/types\/post"}],"author":[{"embeddable":true,"href":"https:\/\/serveiseducatius.xtec.cat\/cda-vallsdaneu\/wp-json\/wp\/v2\/users\/1"}],"replies":[{"embeddable":true,"href":"https:\/\/serveiseducatius.xtec.cat\/cda-vallsdaneu\/wp-json\/wp\/v2\/comments?post=12408"}],"version-history":[{"count":1,"href":"https:\/\/serveiseducatius.xtec.cat\/cda-vallsdaneu\/wp-json\/wp\/v2\/posts\/12408\/revisions"}],"predecessor-version":[{"id":12413,"href":"https:\/\/serveiseducatius.xtec.cat\/cda-vallsdaneu\/wp-json\/wp\/v2\/posts\/12408\/revisions\/12413"}],"wp:featuredmedia":[{"embeddable":true,"href":"https:\/\/serveiseducatius.xtec.cat\/cda-vallsdaneu\/wp-json\/wp\/v2\/media\/12411"}],"wp:attachment":[{"href":"https:\/\/serveiseducatius.xtec.cat\/cda-vallsdaneu\/wp-json\/wp\/v2\/media?parent=12408"}],"wp:term":[{"taxonomy":"category","embeddable":true,"href":"https:\/\/serveiseducatius.xtec.cat\/cda-vallsdaneu\/wp-json\/wp\/v2\/categories?post=12408"},{"taxonomy":"post_tag","embeddable":true,"href":"https:\/\/serveiseducatius.xtec.cat\/cda-vallsdaneu\/wp-json\/wp\/v2\/tags?post=12408"}],"curies":[{"name":"wp","href":"https:\/\/api.w.org\/{rel}","templated":true}]}}