{"id":12177,"date":"2025-05-21T11:59:39","date_gmt":"2025-05-21T09:59:39","guid":{"rendered":"https:\/\/serveiseducatius.xtec.cat\/cda-vallsdaneu\/?p=12177"},"modified":"2025-05-21T11:59:40","modified_gmt":"2025-05-21T09:59:40","slug":"la-mollera-amb-infantil-de-la-zer-de-lalt-pallars-sobira-i-5-martinets-blancs","status":"publish","type":"post","link":"https:\/\/serveiseducatius.xtec.cat\/cda-vallsdaneu\/portada\/la-mollera-amb-infantil-de-la-zer-de-lalt-pallars-sobira-i-5-martinets-blancs\/","title":{"rendered":"La mollera amb infantil de la ZER de l&#8217;Alt Pallars Sobir\u00e0 i 5 martinets blancs!"},"content":{"rendered":"\n<figure class=\"wp-block-image size-large\"><a href=\"https:\/\/serveiseducatius.xtec.cat\/cda-vallsdaneu\/wp-content\/uploads\/usu1375\/2025\/05\/WhatsApp-Image-2025-05-20-at-15.26.03.jpeg\"><img loading=\"lazy\" decoding=\"async\" width=\"1024\" height=\"997\" src=\"https:\/\/serveiseducatius.xtec.cat\/cda-vallsdaneu\/wp-content\/uploads\/usu1375\/2025\/05\/WhatsApp-Image-2025-05-20-at-15.26.03-1024x997.jpeg\" alt=\"\" class=\"wp-image-12178\" srcset=\"https:\/\/serveiseducatius.xtec.cat\/cda-vallsdaneu\/wp-content\/uploads\/usu1375\/2025\/05\/WhatsApp-Image-2025-05-20-at-15.26.03-1024x997.jpeg 1024w, https:\/\/serveiseducatius.xtec.cat\/cda-vallsdaneu\/wp-content\/uploads\/usu1375\/2025\/05\/WhatsApp-Image-2025-05-20-at-15.26.03-300x292.jpeg 300w, https:\/\/serveiseducatius.xtec.cat\/cda-vallsdaneu\/wp-content\/uploads\/usu1375\/2025\/05\/WhatsApp-Image-2025-05-20-at-15.26.03-768x748.jpeg 768w, https:\/\/serveiseducatius.xtec.cat\/cda-vallsdaneu\/wp-content\/uploads\/usu1375\/2025\/05\/WhatsApp-Image-2025-05-20-at-15.26.03-1536x1495.jpeg 1536w, https:\/\/serveiseducatius.xtec.cat\/cda-vallsdaneu\/wp-content\/uploads\/usu1375\/2025\/05\/WhatsApp-Image-2025-05-20-at-15.26.03.jpeg 1804w\" sizes=\"auto, (max-width: 1024px) 100vw, 1024px\" \/><\/a><\/figure>\n\n\n\n<p>Ahir vam tornar a visitar, amb els petits de la\u00a0ZER de l&#8217;Alt Pallars Sobir\u00e0, la Mollera d&#8217;Escalarre, una zona humida dins els l\u00edmits del Parc Natural de l&#8217;Alt Pirineu\u00a0<a href=\"https:\/\/www.instagram.com\/pnaltpirineu\/\">@pnaltpirineu<\/a>\u00a0.<\/p>\n\n\n\n<p>Infants de I3, I4 i I5 de les escoles d&#8217;Alins, Ribera de Card\u00f3s, T\u00edrvia, Rialp i Llavors\u00ed van passar tots junts un dia de conviv\u00e8ncia i molts d&#8217;aprenentatges.<\/p>\n\n\n\n<p>\ud83d\udcdd Al llarg del recorregut vam veure els freq\u00fcents \u00e0necs collverds i bernats pescaires. Per\u00f2 tamb\u00e9 vam poder observar un aufrany, cueretes, un picot garser, voltors, una polla d&#8217;aigua, corbs i pinsans. Vam escoltar granotes verdes i vam veure desenes de llimacs&#8230; ah, i un grup de 5 martinets blancs! <\/p>\n\n\n\n<p>\ud83d\udd1d\ud83d\udd1d Durant l&#8217;activitat vam poder veure un alliberament de truites per repoblar. I ens les van deixar observar de ben a prop!! Moltes gr\u00e0cies!<\/p>\n\n\n\n<p>Per acabar la jornada vam fer un joc de becs i potes per repassar conceptes i vam escoltar el relat del conte &#8220;El rei dels ocells&#8221;.<\/p>\n\n\n\n<p>Un dia ben complet!<\/p>\n\n\n\n<p>\ud83d\udc46 Agra\u00efm a l&#8217;Ajuntament de\u00a0<a href=\"https:\/\/www.instagram.com\/ajuntament_laguingueta\/\">@ajuntament_laguingueta<\/a>\u00a0que ens fes el suport log\u00edstic.<\/p>\n\n\n\n<p><a href=\"https:\/\/www.instagram.com\/pnaltpirineu\/\">@pnaltpirineu<\/a><a href=\"https:\/\/www.instagram.com\/ICOcells\/\"> <\/a><a href=\"https:\/\/www.instagram.com\/ICOcells\/\">@ICOcells<\/a><a href=\"https:\/\/www.instagram.com\/GLSEOBarcelona\/\"> <\/a><a href=\"https:\/\/www.instagram.com\/GLSEOBarcelona\/\">@GLSEOBarcelona<\/a><a href=\"https:\/\/www.instagram.com\/FloraSort\/\"> <\/a><a href=\"https:\/\/www.instagram.com\/FloraSort\/\">@FloraSort<\/a><a href=\"https:\/\/www.instagram.com\/escolapesca\/\"> <\/a><a href=\"https:\/\/www.instagram.com\/escolapesca\/\">@escolapesca<\/a><a href=\"https:\/\/www.instagram.com\/pallarssobira.tourism\/\"> <\/a><a href=\"https:\/\/www.instagram.com\/pallarssobira.tourism\/\">@pallarssobira.tourism<\/a><\/p>\n\n\n\n<p><\/p>\n","protected":false},"excerpt":{"rendered":"<p>Ahir vam tornar a visitar, amb els petits de la\u00a0ZER de l&#8217;Alt Pallars Sobir\u00e0, la Mollera d&#8217;Escalarre, una zona humida [&hellip;]<\/p>\n","protected":false},"author":1,"featured_media":12178,"comment_status":"open","ping_status":"open","sticky":false,"template":"","format":"standard","meta":{"_bbp_topic_count":0,"_bbp_reply_count":0,"_bbp_total_topic_count":0,"_bbp_total_reply_count":0,"_bbp_voice_count":0,"_bbp_anonymous_reply_count":0,"_bbp_topic_count_hidden":0,"_bbp_reply_count_hidden":0,"_bbp_forum_subforum_count":0,"site-sidebar-layout":"default","site-content-layout":"","ast-site-content-layout":"default","site-content-style":"default","site-sidebar-style":"default","ast-global-header-display":"","ast-banner-title-visibility":"","ast-main-header-display":"","ast-hfb-above-header-display":"","ast-hfb-below-header-display":"","ast-hfb-mobile-header-display":"","site-post-title":"","ast-breadcrumbs-content":"","ast-featured-img":"","footer-sml-layout":"","theme-transparent-header-meta":"","adv-header-id-meta":"","stick-header-meta":"","header-above-stick-meta":"","header-main-stick-meta":"","header-below-stick-meta":"","astra-migrate-meta-layouts":"set","ast-page-background-enabled":"default","ast-page-background-meta":{"desktop":{"background-color":"var(--ast-global-color-4)","background-image":"","background-repeat":"repeat","background-position":"center center","background-size":"auto","background-attachment":"scroll","background-type":"","background-media":"","overlay-type":"","overlay-color":"","overlay-opacity":"","overlay-gradient":""},"tablet":{"background-color":"","background-image":"","background-repeat":"repeat","background-position":"center center","background-size":"auto","background-attachment":"scroll","background-type":"","background-media":"","overlay-type":"","overlay-color":"","overlay-opacity":"","overlay-gradient":""},"mobile":{"background-color":"","background-image":"","background-repeat":"repeat","background-position":"center center","background-size":"auto","background-attachment":"scroll","background-type":"","background-media":"","overlay-type":"","overlay-color":"","overlay-opacity":"","overlay-gradient":""}},"ast-content-background-meta":{"desktop":{"background-color":"var(--ast-global-color-5)","background-image":"","background-repeat":"repeat","background-position":"center center","background-size":"auto","background-attachment":"scroll","background-type":"","background-media":"","overlay-type":"","overlay-color":"","overlay-opacity":"","overlay-gradient":""},"tablet":{"background-color":"var(--ast-global-color-5)","background-image":"","background-repeat":"repeat","background-position":"center center","background-size":"auto","background-attachment":"scroll","background-type":"","background-media":"","overlay-type":"","overlay-color":"","overlay-opacity":"","overlay-gradient":""},"mobile":{"background-color":"var(--ast-global-color-5)","background-image":"","background-repeat":"repeat","background-position":"center center","background-size":"auto","background-attachment":"scroll","background-type":"","background-media":"","overlay-type":"","overlay-color":"","overlay-opacity":"","overlay-gradient":""}},"footnotes":""},"categories":[357,358,262,379,410,355,29,373,380],"tags":[325,393,385],"class_list":["post-12177","post","type-post","status-publish","format-standard","has-post-thumbnail","hentry","category-aprenemambelscdaieda","category-campsientornsdaprenentatge","category-activitats","category-campsientornsdaprenentatge-2","category-comarca","category-observacions-naturalistes","category-portada","category-sortides","category-vegetacio","tag-activitats","tag-aprendreambelscampsientorns","tag-campsientornsdaprenentatge"],"post_mailing_queue_ids":[],"_links":{"self":[{"href":"https:\/\/serveiseducatius.xtec.cat\/cda-vallsdaneu\/wp-json\/wp\/v2\/posts\/12177","targetHints":{"allow":["GET"]}}],"collection":[{"href":"https:\/\/serveiseducatius.xtec.cat\/cda-vallsdaneu\/wp-json\/wp\/v2\/posts"}],"about":[{"href":"https:\/\/serveiseducatius.xtec.cat\/cda-vallsdaneu\/wp-json\/wp\/v2\/types\/post"}],"author":[{"embeddable":true,"href":"https:\/\/serveiseducatius.xtec.cat\/cda-vallsdaneu\/wp-json\/wp\/v2\/users\/1"}],"replies":[{"embeddable":true,"href":"https:\/\/serveiseducatius.xtec.cat\/cda-vallsdaneu\/wp-json\/wp\/v2\/comments?post=12177"}],"version-history":[{"count":1,"href":"https:\/\/serveiseducatius.xtec.cat\/cda-vallsdaneu\/wp-json\/wp\/v2\/posts\/12177\/revisions"}],"predecessor-version":[{"id":12179,"href":"https:\/\/serveiseducatius.xtec.cat\/cda-vallsdaneu\/wp-json\/wp\/v2\/posts\/12177\/revisions\/12179"}],"wp:featuredmedia":[{"embeddable":true,"href":"https:\/\/serveiseducatius.xtec.cat\/cda-vallsdaneu\/wp-json\/wp\/v2\/media\/12178"}],"wp:attachment":[{"href":"https:\/\/serveiseducatius.xtec.cat\/cda-vallsdaneu\/wp-json\/wp\/v2\/media?parent=12177"}],"wp:term":[{"taxonomy":"category","embeddable":true,"href":"https:\/\/serveiseducatius.xtec.cat\/cda-vallsdaneu\/wp-json\/wp\/v2\/categories?post=12177"},{"taxonomy":"post_tag","embeddable":true,"href":"https:\/\/serveiseducatius.xtec.cat\/cda-vallsdaneu\/wp-json\/wp\/v2\/tags?post=12177"}],"curies":[{"name":"wp","href":"https:\/\/api.w.org\/{rel}","templated":true}]}}