{"id":12168,"date":"2025-05-12T13:56:53","date_gmt":"2025-05-12T11:56:53","guid":{"rendered":"https:\/\/serveiseducatius.xtec.cat\/cda-vallsdaneu\/?p=12168"},"modified":"2025-05-12T13:56:54","modified_gmt":"2025-05-12T11:56:54","slug":"la-vegetacio-de-mollera-amb-3r-de-lescola-angel-serafi-i-casanovas","status":"publish","type":"post","link":"https:\/\/serveiseducatius.xtec.cat\/cda-vallsdaneu\/portada\/la-vegetacio-de-mollera-amb-3r-de-lescola-angel-serafi-i-casanovas\/","title":{"rendered":"La vegetaci\u00f3 de mollera amb 3r de l&#8217;Escola \u00c0ngel Seraf\u00ed i Casanovas"},"content":{"rendered":"\n<figure class=\"wp-block-image size-large\"><a href=\"https:\/\/serveiseducatius.xtec.cat\/cda-vallsdaneu\/wp-content\/uploads\/usu1375\/2025\/05\/WhatsApp-Image-2025-05-12-at-13.40.00-2.jpeg\"><img loading=\"lazy\" decoding=\"async\" width=\"768\" height=\"1024\" src=\"https:\/\/serveiseducatius.xtec.cat\/cda-vallsdaneu\/wp-content\/uploads\/usu1375\/2025\/05\/WhatsApp-Image-2025-05-12-at-13.40.00-2-768x1024.jpeg\" alt=\"\" class=\"wp-image-12169\" srcset=\"https:\/\/serveiseducatius.xtec.cat\/cda-vallsdaneu\/wp-content\/uploads\/usu1375\/2025\/05\/WhatsApp-Image-2025-05-12-at-13.40.00-2-768x1024.jpeg 768w, https:\/\/serveiseducatius.xtec.cat\/cda-vallsdaneu\/wp-content\/uploads\/usu1375\/2025\/05\/WhatsApp-Image-2025-05-12-at-13.40.00-2-225x300.jpeg 225w, https:\/\/serveiseducatius.xtec.cat\/cda-vallsdaneu\/wp-content\/uploads\/usu1375\/2025\/05\/WhatsApp-Image-2025-05-12-at-13.40.00-2-1152x1536.jpeg 1152w, https:\/\/serveiseducatius.xtec.cat\/cda-vallsdaneu\/wp-content\/uploads\/usu1375\/2025\/05\/WhatsApp-Image-2025-05-12-at-13.40.00-2.jpeg 1536w\" sizes=\"auto, (max-width: 768px) 100vw, 768px\" \/><\/a><\/figure>\n\n\n\n<p>Dijous passat els infants de 3r de prim\u00e0ria de l&#8217;Escola \u00c0ngel Seraf\u00ed i Casanovas&nbsp;<a href=\"https:\/\/www.instagram.com\/escolangelsort\/\">@escolangelsort<\/a>&nbsp;van visitar la Mollera d&#8217;Escalarre&nbsp;<a href=\"https:\/\/www.instagram.com\/pnaltpirineu\/\">@pnaltpirineu<\/a><\/p>\n\n\n\n<p>All\u00e0 vam parlar de l&#8217;ecosistema de mollera, vam classificar arbres i arbustos que podem trobar dins aquest tipus d&#8217;habitat i vam fer una petita observaci\u00f3 ornitol\u00f2gica utilitzant prism\u00e0tics i telescopis.<\/p>\n\n\n\n<p>Gr\u00e0cies per la visita.<\/p>\n","protected":false},"excerpt":{"rendered":"<p>Dijous passat els infants de 3r de prim\u00e0ria de l&#8217;Escola \u00c0ngel Seraf\u00ed i Casanovas&nbsp;@escolangelsort&nbsp;van visitar la Mollera d&#8217;Escalarre&nbsp;@pnaltpirineu All\u00e0 vam [&hellip;]<\/p>\n","protected":false},"author":1,"featured_media":12169,"comment_status":"open","ping_status":"open","sticky":false,"template":"","format":"standard","meta":{"_bbp_topic_count":0,"_bbp_reply_count":0,"_bbp_total_topic_count":0,"_bbp_total_reply_count":0,"_bbp_voice_count":0,"_bbp_anonymous_reply_count":0,"_bbp_topic_count_hidden":0,"_bbp_reply_count_hidden":0,"_bbp_forum_subforum_count":0,"site-sidebar-layout":"default","site-content-layout":"","ast-site-content-layout":"default","site-content-style":"default","site-sidebar-style":"default","ast-global-header-display":"","ast-banner-title-visibility":"","ast-main-header-display":"","ast-hfb-above-header-display":"","ast-hfb-below-header-display":"","ast-hfb-mobile-header-display":"","site-post-title":"","ast-breadcrumbs-content":"","ast-featured-img":"","footer-sml-layout":"","theme-transparent-header-meta":"","adv-header-id-meta":"","stick-header-meta":"","header-above-stick-meta":"","header-main-stick-meta":"","header-below-stick-meta":"","astra-migrate-meta-layouts":"set","ast-page-background-enabled":"default","ast-page-background-meta":{"desktop":{"background-color":"var(--ast-global-color-4)","background-image":"","background-repeat":"repeat","background-position":"center center","background-size":"auto","background-attachment":"scroll","background-type":"","background-media":"","overlay-type":"","overlay-color":"","overlay-opacity":"","overlay-gradient":""},"tablet":{"background-color":"","background-image":"","background-repeat":"repeat","background-position":"center center","background-size":"auto","background-attachment":"scroll","background-type":"","background-media":"","overlay-type":"","overlay-color":"","overlay-opacity":"","overlay-gradient":""},"mobile":{"background-color":"","background-image":"","background-repeat":"repeat","background-position":"center center","background-size":"auto","background-attachment":"scroll","background-type":"","background-media":"","overlay-type":"","overlay-color":"","overlay-opacity":"","overlay-gradient":""}},"ast-content-background-meta":{"desktop":{"background-color":"var(--ast-global-color-5)","background-image":"","background-repeat":"repeat","background-position":"center center","background-size":"auto","background-attachment":"scroll","background-type":"","background-media":"","overlay-type":"","overlay-color":"","overlay-opacity":"","overlay-gradient":""},"tablet":{"background-color":"var(--ast-global-color-5)","background-image":"","background-repeat":"repeat","background-position":"center center","background-size":"auto","background-attachment":"scroll","background-type":"","background-media":"","overlay-type":"","overlay-color":"","overlay-opacity":"","overlay-gradient":""},"mobile":{"background-color":"var(--ast-global-color-5)","background-image":"","background-repeat":"repeat","background-position":"center center","background-size":"auto","background-attachment":"scroll","background-type":"","background-media":"","overlay-type":"","overlay-color":"","overlay-opacity":"","overlay-gradient":""}},"footnotes":""},"categories":[357,358,262,410,29,373,380],"tags":[393,385],"class_list":["post-12168","post","type-post","status-publish","format-standard","has-post-thumbnail","hentry","category-aprenemambelscdaieda","category-campsientornsdaprenentatge","category-activitats","category-comarca","category-portada","category-sortides","category-vegetacio","tag-aprendreambelscampsientorns","tag-campsientornsdaprenentatge"],"post_mailing_queue_ids":[],"_links":{"self":[{"href":"https:\/\/serveiseducatius.xtec.cat\/cda-vallsdaneu\/wp-json\/wp\/v2\/posts\/12168","targetHints":{"allow":["GET"]}}],"collection":[{"href":"https:\/\/serveiseducatius.xtec.cat\/cda-vallsdaneu\/wp-json\/wp\/v2\/posts"}],"about":[{"href":"https:\/\/serveiseducatius.xtec.cat\/cda-vallsdaneu\/wp-json\/wp\/v2\/types\/post"}],"author":[{"embeddable":true,"href":"https:\/\/serveiseducatius.xtec.cat\/cda-vallsdaneu\/wp-json\/wp\/v2\/users\/1"}],"replies":[{"embeddable":true,"href":"https:\/\/serveiseducatius.xtec.cat\/cda-vallsdaneu\/wp-json\/wp\/v2\/comments?post=12168"}],"version-history":[{"count":1,"href":"https:\/\/serveiseducatius.xtec.cat\/cda-vallsdaneu\/wp-json\/wp\/v2\/posts\/12168\/revisions"}],"predecessor-version":[{"id":12170,"href":"https:\/\/serveiseducatius.xtec.cat\/cda-vallsdaneu\/wp-json\/wp\/v2\/posts\/12168\/revisions\/12170"}],"wp:featuredmedia":[{"embeddable":true,"href":"https:\/\/serveiseducatius.xtec.cat\/cda-vallsdaneu\/wp-json\/wp\/v2\/media\/12169"}],"wp:attachment":[{"href":"https:\/\/serveiseducatius.xtec.cat\/cda-vallsdaneu\/wp-json\/wp\/v2\/media?parent=12168"}],"wp:term":[{"taxonomy":"category","embeddable":true,"href":"https:\/\/serveiseducatius.xtec.cat\/cda-vallsdaneu\/wp-json\/wp\/v2\/categories?post=12168"},{"taxonomy":"post_tag","embeddable":true,"href":"https:\/\/serveiseducatius.xtec.cat\/cda-vallsdaneu\/wp-json\/wp\/v2\/tags?post=12168"}],"curies":[{"name":"wp","href":"https:\/\/api.w.org\/{rel}","templated":true}]}}