{"id":10582,"date":"2020-06-18T14:46:42","date_gmt":"2020-06-18T12:46:42","guid":{"rendered":"http:\/\/serveiseducatius.xtec.cat\/cda-vallsdaneu\/?p=10582"},"modified":"2020-06-22T15:00:41","modified_gmt":"2020-06-22T13:00:41","slug":"guanyadors-i-guanyadores-del-concurs-dels-reptes-naturalistes-des-de-la-finestra","status":"publish","type":"post","link":"https:\/\/serveiseducatius.xtec.cat\/cda-vallsdaneu\/portada\/guanyadors-i-guanyadores-del-concurs-dels-reptes-naturalistes-des-de-la-finestra\/","title":{"rendered":"Guanyadors i guanyadores del concurs dels reptes naturalistes des de la finestra"},"content":{"rendered":"<p>Bon dia desconfiNATS!<\/p>\n<p style=\"text-align: justify;\">El concurs dels reptes naturalistes des de la finestra ha arribat a la seva fi! El curs s&#8217;acaba i us diem ad\u00e9u des del Camp d&#8217;Aprenentatge de les Valls d&#8217;\u00c0neu. Hem fet recompte de punts i, per tant, us podem explicar quants alumnes en total heu participat al concurs. Durant aquests 17 reptes d&#8217;aquest 3r trimestre <strong>heu participat 322 persones<\/strong>: 223 alumnes de Prim\u00e0ria, 88 alumnes d&#8217;ESO, 7 de Batxillerat i 4 de Cicles Formatius. El curs acad\u00e8mic que ha tingut una participaci\u00f3 m\u00e9s alta ha estat 1r d&#8217;ESO: heu participat 70 alumnes d&#8217;aquest curs! Cal dir per\u00f2 que la mitjana de participaci\u00f3 en cada repte ha estat de 125 persones. El repte amb m\u00e9s participaci\u00f3 va ser el del cucut (151 persones) i el de participaci\u00f3 m\u00e9s baixa ha estat l&#8217;\u00faltim, el del mussol pirinenc (amb 90 participants).<\/p>\n<p style=\"text-align: justify;\">Tots aquests participants sou de 56 centres educatius diferents! Hi heu participat 44 escoles de Prim\u00e0ria i 12 instituts. El centre de Prim\u00e0ria amb la participaci\u00f3 m\u00e9s alta ha estat l&#8217;<a href=\"https:\/\/agora.xtec.cat\/escsalvadorespriuvallfogona\/\"><span style=\"text-decoration: underline;\">Escola Salvador Espriu<\/span><\/a> de Vallfogona de Balaguer, amb 38 alumnes que s&#8217;han animat, i el centre de Secund\u00e0ria i\/o Batxillerat i Cicles Formatius amb m\u00e9s adeptes al concurs ha estat l&#8217;<a href=\"https:\/\/www.alzina.cat\/\"><span style=\"text-decoration: underline;\">Institut Alzina<\/span><\/a> de Barcelona, amb 25 participants.<\/p>\n<p style=\"text-align: justify;\">Pel que fa a la proced\u00e8ncia territorial de tots els participants, cal dir que enviem des d&#8217;aqu\u00ed una felicitaci\u00f3 a tots els alumnes pallaresos per la seva motivaci\u00f3, ja que del total de participants, el 32% sou pallaresos (103 alumnes)! Tanmateix, heu participat alumnes de 19 comarques diferents. Fins i tot una alumna de Fran\u00e7a que va al <a href=\"http:\/\/www.college-marguerite-navarre.org\/\"><span style=\"text-decoration: underline;\">College Magarite Navarre de Pau<\/span><\/a> s&#8217;ha animat a participar! Aqu\u00ed teniu la proced\u00e8ncia dels alumnes que heu participat:<\/p>\n<table style=\"height: 751px;\">\n<tbody>\n<tr style=\"height: 79px;\">\n<td style=\"text-align: center; height: 79px; width: 170.37px;\"><strong>Comarca<\/strong><\/td>\n<td style=\"text-align: center; height: 79px; width: 104.444px;\"><strong>N\u00fam. de participants<\/strong><\/td>\n<td style=\"text-align: center; height: 79px; width: 151.111px;\"><strong>Percentatge de participaci\u00f3 comarcal respecte el total<\/strong><\/td>\n<\/tr>\n<tr style=\"height: 32px;\">\n<td style=\"height: 32px; width: 170.37px;\">Alt Urgell<\/td>\n<td style=\"text-align: center; height: 32px; width: 104.444px;\">1<\/td>\n<td style=\"text-align: center; height: 32px; width: 151.111px;\">0,3<\/td>\n<\/tr>\n<tr style=\"height: 32px;\">\n<td style=\"height: 32px; width: 170.37px;\">Baix Ebre<\/td>\n<td style=\"text-align: center; height: 32px; width: 104.444px;\">1<\/td>\n<td style=\"text-align: center; height: 32px; width: 151.111px;\">0,3<\/td>\n<\/tr>\n<tr style=\"height: 32px;\">\n<td style=\"height: 32px; width: 170.37px;\">Pau (Fran\u00e7a)<\/td>\n<td style=\"text-align: center; height: 32px; width: 104.444px;\">1<\/td>\n<td style=\"text-align: center; height: 32px; width: 151.111px;\">0,3<\/td>\n<\/tr>\n<tr style=\"height: 32px;\">\n<td style=\"height: 32px; width: 170.37px;\">Alt Pened\u00e8s<\/td>\n<td style=\"text-align: center; height: 32px; width: 104.444px;\">2<\/td>\n<td style=\"text-align: center; height: 32px; width: 151.111px;\">0,6<\/td>\n<\/tr>\n<tr style=\"height: 32px;\">\n<td style=\"height: 32px; width: 170.37px;\">Baix Llobregat<\/td>\n<td style=\"text-align: center; height: 32px; width: 104.444px;\">2<\/td>\n<td style=\"text-align: center; height: 32px; width: 151.111px;\">0,6<\/td>\n<\/tr>\n<tr style=\"height: 32px;\">\n<td style=\"height: 32px; width: 170.37px; text-align: left;\">Garraf<\/td>\n<td style=\"text-align: center; height: 32px; width: 104.444px;\">2<\/td>\n<td style=\"text-align: center; height: 32px; width: 151.111px;\">0,6<\/td>\n<\/tr>\n<tr style=\"height: 32px;\">\n<td style=\"height: 32px; width: 170.37px; text-align: left;\">Vall\u00e8s Occidental<\/td>\n<td style=\"text-align: center; height: 32px; width: 104.444px;\">2<\/td>\n<td style=\"text-align: center; height: 32px; width: 151.111px;\">0,6<\/td>\n<\/tr>\n<tr style=\"height: 32px;\">\n<td style=\"height: 32px; width: 170.37px; text-align: left;\">Baix Camp<\/td>\n<td style=\"text-align: center; height: 32px; width: 104.444px;\">3<\/td>\n<td style=\"text-align: center; height: 32px; width: 151.111px;\">0,9<\/td>\n<\/tr>\n<tr style=\"height: 32px;\">\n<td style=\"height: 32px; width: 170.37px; text-align: left;\">Segri\u00e0<\/td>\n<td style=\"text-align: center; height: 32px; width: 104.444px;\">3<\/td>\n<td style=\"text-align: center; height: 32px; width: 151.111px;\">0,9<\/td>\n<\/tr>\n<tr style=\"height: 32px;\">\n<td style=\"height: 32px; width: 170.37px; text-align: left;\">Alta Ribagor\u00e7a<\/td>\n<td style=\"text-align: center; height: 32px; width: 104.444px;\">7<\/td>\n<td style=\"text-align: center; height: 32px; width: 151.111px;\">2,2<\/td>\n<\/tr>\n<tr style=\"height: 32px;\">\n<td style=\"height: 32px; width: 170.37px; text-align: left;\">Giron\u00e8s<\/td>\n<td style=\"text-align: center; height: 32px; width: 104.444px;\">9<\/td>\n<td style=\"text-align: center; height: 32px; width: 151.111px;\">2,8<\/td>\n<\/tr>\n<tr style=\"height: 32px;\">\n<td style=\"height: 32px; width: 170.37px; text-align: left;\">Baix Pened\u00e8s<\/td>\n<td style=\"text-align: center; height: 32px; width: 104.444px;\">12<\/td>\n<td style=\"text-align: center; height: 32px; width: 151.111px;\">3,7<\/td>\n<\/tr>\n<tr style=\"height: 32px;\">\n<td style=\"height: 32px; width: 170.37px; text-align: left;\">Osona<\/td>\n<td style=\"text-align: center; height: 32px; width: 104.444px;\">12<\/td>\n<td style=\"text-align: center; height: 32px; width: 151.111px;\">3,7<\/td>\n<\/tr>\n<tr style=\"height: 32px;\">\n<td style=\"height: 32px; width: 170.37px; text-align: left;\">Terra Alta<\/td>\n<td style=\"text-align: center; height: 32px; width: 104.444px;\">16<\/td>\n<td style=\"text-align: center; height: 32px; width: 151.111px;\">5,0<\/td>\n<\/tr>\n<tr style=\"height: 32px;\">\n<td style=\"height: 32px; width: 170.37px; text-align: left;\">Moian\u00e8s<\/td>\n<td style=\"text-align: center; height: 32px; width: 104.444px;\">18<\/td>\n<td style=\"text-align: center; height: 32px; width: 151.111px;\">5,6<\/td>\n<\/tr>\n<tr style=\"height: 32px;\">\n<td style=\"height: 32px; width: 170.37px; text-align: left;\">Anoia<\/td>\n<td style=\"text-align: center; height: 32px; width: 104.444px;\">33<\/td>\n<td style=\"text-align: center; height: 32px; width: 151.111px;\">10,2<\/td>\n<\/tr>\n<tr style=\"height: 32px;\">\n<td style=\"height: 32px; width: 170.37px; text-align: left;\">Pallars Juss\u00e0<\/td>\n<td style=\"text-align: center; height: 32px; width: 104.444px;\">43<\/td>\n<td style=\"text-align: center; height: 32px; width: 151.111px;\">13,4<\/td>\n<\/tr>\n<tr style=\"height: 32px;\">\n<td style=\"height: 32px; width: 170.37px; text-align: left;\">Barcelon\u00e8s<\/td>\n<td style=\"text-align: center; height: 32px; width: 104.444px;\">47<\/td>\n<td style=\"text-align: center; height: 32px; width: 151.111px;\">14,6<\/td>\n<\/tr>\n<tr style=\"height: 32px;\">\n<td style=\"height: 32px; width: 170.37px; text-align: left;\">Noguera<\/td>\n<td style=\"text-align: center; height: 32px; width: 104.444px;\">48<\/td>\n<td style=\"text-align: center; height: 32px; width: 151.111px;\">14,9<\/td>\n<\/tr>\n<tr style=\"height: 32px;\">\n<td style=\"height: 32px; width: 170.37px; text-align: left;\">Pallars Sobir\u00e0<\/td>\n<td style=\"text-align: center; height: 32px; width: 104.444px;\">60<\/td>\n<td style=\"text-align: center; height: 32px; width: 151.111px;\">18,6<\/td>\n<\/tr>\n<tr style=\"height: 32px;\">\n<td style=\"text-align: center; height: 32px; width: 170.37px;\"><strong>TOTAL<\/strong><\/td>\n<td style=\"text-align: center; height: 32px; width: 104.444px;\"><strong>322<\/strong><\/td>\n<td style=\"text-align: center; height: 32px; width: 151.111px;\"><strong>100,0<\/strong><\/td>\n<\/tr>\n<\/tbody>\n<\/table>\n<p>&nbsp;<\/p>\n<h5><strong>Els guanyadors i les guanyadores<\/strong><\/h5>\n<p style=\"text-align: justify;\">Havent fet el recompte, ja podem dir que tenim el guanyador o la guanyadora de cadascuna de les categories. Curiosament hi ha hagut un empat t\u00e8cnic entre una alumna de Batxillerat i una de Cicles Formatius, de manera que hem decidit dividir la 3a categoria (de Batxillerat+Cicles Formatius) en dues. Aquests s\u00f3n els i les alumnes guanyadores:<\/p>\n<p style=\"text-align: justify;\"><strong>CATEGORIA DE PRIM\u00c0RIA:<\/strong> Guiu R. B., que fa 2n de Prim\u00e0ria a l&#8217;<a href=\"http:\/\/www.escolaedumar.org\/\"><span style=\"text-decoration: underline;\">Escola Edumar<\/span><\/a> de Castelldefels, amb 17 encerts.<\/p>\n<p style=\"text-align: justify;\"><strong>CATEGORIA DE SECUND\u00c0RIA:<\/strong> Al\u00e8xia E.R., que fa 3r d&#8217;ESO a l&#8217;<a href=\"https:\/\/agora.xtec.cat\/sesmorello\/moodle\/\"><span style=\"text-decoration: underline;\">Institut Morell\u00f3<\/span><\/a> d&#8217;Esterri d&#8217;\u00c0neu, amb 17 encerts.<\/p>\n<p style=\"text-align: justify;\"><strong>CATEGORIA DE BATXILLERAT:<\/strong> Laia C. R., que fa 1r de Batxillerat a l&#8217;<a href=\"https:\/\/agora.xtec.cat\/ieshugroger\/eso-batxillerat-i-cicles-formatius\/\"><span style=\"text-decoration: underline;\">Institut Hug Roger III<\/span><\/a> de Sort, amb 13 encerts.<\/p>\n<p style=\"text-align: justify;\"><strong>CATEGORIA DE CICLES FORMATIUS:<\/strong> Nadia S. H, que estudia un Cicle Formatiu de Grau Superior en Guia, informaci\u00f3 i assist\u00e8ncies tur\u00edstiques en l&#8217;\u00e0mbit mediambiental a l&#8217;<a href=\"https:\/\/agora.xtec.cat\/ieshugroger\/eso-batxillerat-i-cicles-formatius\/\"><span style=\"text-decoration: underline;\">Institut Hug Roger III<\/span><\/a> de Sort, amb 13 encerts.<\/p>\n<p style=\"text-align: justify;\"><strong>MOLT\u00cdSSIMES FELICITATS<\/strong> als guanyadors i guanyadores! Homenatjats i homenatjades, ens posarem en contacte amb vosaltres per a demanar-vos la vostra adre\u00e7a postal i aix\u00ed poder-vos remetre l&#8217;obsequi: un lot de 5 guies de natura plegables per anar a camp, espec\u00edfiques del Pirineu. Hi ha una guia de papallones, una d&#8217;arbres i arbustos, una de mam\u00edfers, una d&#8217;ocells pirinencs (picots, mallerengues i altres) i una de rapinyaires i c\u00f2rvids.<\/p>\n<p>&nbsp;<\/p>\n<p><img loading=\"lazy\" decoding=\"async\" class=\"size-full wp-image-9325 aligncenter\" src=\"https:\/\/serveiseducatius.xtec.cat\/cda-vallsdaneu\/wp-content\/uploads\/usu1375\/2020\/04\/foto-premi-comprimida-1.jpg\" alt=\"\" width=\"500\" height=\"666\" srcset=\"https:\/\/serveiseducatius.xtec.cat\/cda-vallsdaneu\/wp-content\/uploads\/usu1375\/2020\/04\/foto-premi-comprimida-1.jpg 500w, https:\/\/serveiseducatius.xtec.cat\/cda-vallsdaneu\/wp-content\/uploads\/usu1375\/2020\/04\/foto-premi-comprimida-1-225x300.jpg 225w\" sizes=\"auto, (max-width: 500px) 100vw, 500px\" \/><\/p>\n<p style=\"text-align: justify;\">B\u00e9 alumnes de totes les edats i de tot arreu, ens ho hem passat molt b\u00e9 dinamitzant aquest concurs i hem apr\u00e8s molt al costat vostre, investigant per a fer els reptes una mica dif\u00edcils, per a redactar els articles, etc. I us volem dir que ens hem sorpr\u00e8s molt\u00edssim del vostre nivell de motivaci\u00f3, implicaci\u00f3 i participaci\u00f3. Moltes gr\u00e0cies per l&#8217;entusiasme demostrat!\u00a0 Independentment del premi, tots i totes juntes hem treballat el que sens dubte \u00e9s el m\u00e9s important: cultivar un esperit observador cap a la natura que ens envolta.<\/p>\n<p style=\"text-align: right;\"><em>&#8220;Qui dibuixa, observa; qui observa, coneix; qui coneix, estima i qui estima respecta i protegeix.&#8221; <\/em><\/p>\n<p class=\"entry-title\" style=\"text-align: right;\">Jordi Sabat\u00e9 Pi (primat\u00f2leg i naturalista)<\/p>\n<p>&nbsp;<\/p>\n<p><strong>MOLT BON ESTIU A TOTS I A TOTES I A GAUDIR DE LA NATURA!<\/strong><\/p>\n","protected":false},"excerpt":{"rendered":"<p>Bon dia desconfiNATS! El concurs dels reptes naturalistes des de la finestra ha arribat a la seva fi! El curs [&hellip;]<\/p>\n","protected":false},"author":1,"featured_media":9325,"comment_status":"open","ping_status":"closed","sticky":false,"template":"","format":"standard","meta":{"_bbp_topic_count":0,"_bbp_reply_count":0,"_bbp_total_topic_count":0,"_bbp_total_reply_count":0,"_bbp_voice_count":0,"_bbp_anonymous_reply_count":0,"_bbp_topic_count_hidden":0,"_bbp_reply_count_hidden":0,"_bbp_forum_subforum_count":0,"site-sidebar-layout":"default","site-content-layout":"","ast-site-content-layout":"","site-content-style":"default","site-sidebar-style":"default","ast-global-header-display":"","ast-banner-title-visibility":"","ast-main-header-display":"","ast-hfb-above-header-display":"","ast-hfb-below-header-display":"","ast-hfb-mobile-header-display":"","site-post-title":"","ast-breadcrumbs-content":"","ast-featured-img":"","footer-sml-layout":"","theme-transparent-header-meta":"","adv-header-id-meta":"","stick-header-meta":"","header-above-stick-meta":"","header-main-stick-meta":"","header-below-stick-meta":"","astra-migrate-meta-layouts":"default","ast-page-background-enabled":"default","ast-page-background-meta":{"desktop":{"background-color":"var(--ast-global-color-4)","background-image":"","background-repeat":"repeat","background-position":"center center","background-size":"auto","background-attachment":"scroll","background-type":"","background-media":"","overlay-type":"","overlay-color":"","overlay-opacity":"","overlay-gradient":""},"tablet":{"background-color":"","background-image":"","background-repeat":"repeat","background-position":"center center","background-size":"auto","background-attachment":"scroll","background-type":"","background-media":"","overlay-type":"","overlay-color":"","overlay-opacity":"","overlay-gradient":""},"mobile":{"background-color":"","background-image":"","background-repeat":"repeat","background-position":"center center","background-size":"auto","background-attachment":"scroll","background-type":"","background-media":"","overlay-type":"","overlay-color":"","overlay-opacity":"","overlay-gradient":""}},"ast-content-background-meta":{"desktop":{"background-color":"var(--ast-global-color-5)","background-image":"","background-repeat":"repeat","background-position":"center center","background-size":"auto","background-attachment":"scroll","background-type":"","background-media":"","overlay-type":"","overlay-color":"","overlay-opacity":"","overlay-gradient":""},"tablet":{"background-color":"var(--ast-global-color-5)","background-image":"","background-repeat":"repeat","background-position":"center center","background-size":"auto","background-attachment":"scroll","background-type":"","background-media":"","overlay-type":"","overlay-color":"","overlay-opacity":"","overlay-gradient":""},"mobile":{"background-color":"var(--ast-global-color-5)","background-image":"","background-repeat":"repeat","background-position":"center center","background-size":"auto","background-attachment":"scroll","background-type":"","background-media":"","overlay-type":"","overlay-color":"","overlay-opacity":"","overlay-gradient":""}},"footnotes":""},"categories":[354,357,358,356,287,355,29],"tags":[],"class_list":["post-10582","post","type-post","status-publish","format-standard","has-post-thumbnail","hentry","category-ambprismaticsalterrat","category-aprenemambelscdaieda","category-campsientornsdaprenentatge","category-joemquedoacasa","category-fauna-salvatge","category-observacions-naturalistes","category-portada"],"post_mailing_queue_ids":[],"_links":{"self":[{"href":"https:\/\/serveiseducatius.xtec.cat\/cda-vallsdaneu\/wp-json\/wp\/v2\/posts\/10582","targetHints":{"allow":["GET"]}}],"collection":[{"href":"https:\/\/serveiseducatius.xtec.cat\/cda-vallsdaneu\/wp-json\/wp\/v2\/posts"}],"about":[{"href":"https:\/\/serveiseducatius.xtec.cat\/cda-vallsdaneu\/wp-json\/wp\/v2\/types\/post"}],"author":[{"embeddable":true,"href":"https:\/\/serveiseducatius.xtec.cat\/cda-vallsdaneu\/wp-json\/wp\/v2\/users\/1"}],"replies":[{"embeddable":true,"href":"https:\/\/serveiseducatius.xtec.cat\/cda-vallsdaneu\/wp-json\/wp\/v2\/comments?post=10582"}],"version-history":[{"count":3,"href":"https:\/\/serveiseducatius.xtec.cat\/cda-vallsdaneu\/wp-json\/wp\/v2\/posts\/10582\/revisions"}],"predecessor-version":[{"id":10601,"href":"https:\/\/serveiseducatius.xtec.cat\/cda-vallsdaneu\/wp-json\/wp\/v2\/posts\/10582\/revisions\/10601"}],"wp:featuredmedia":[{"embeddable":true,"href":"https:\/\/serveiseducatius.xtec.cat\/cda-vallsdaneu\/wp-json\/wp\/v2\/media\/9325"}],"wp:attachment":[{"href":"https:\/\/serveiseducatius.xtec.cat\/cda-vallsdaneu\/wp-json\/wp\/v2\/media?parent=10582"}],"wp:term":[{"taxonomy":"category","embeddable":true,"href":"https:\/\/serveiseducatius.xtec.cat\/cda-vallsdaneu\/wp-json\/wp\/v2\/categories?post=10582"},{"taxonomy":"post_tag","embeddable":true,"href":"https:\/\/serveiseducatius.xtec.cat\/cda-vallsdaneu\/wp-json\/wp\/v2\/tags?post=10582"}],"curies":[{"name":"wp","href":"https:\/\/api.w.org\/{rel}","templated":true}]}}