{"id":10311,"date":"2020-06-05T10:58:59","date_gmt":"2020-06-05T08:58:59","guid":{"rendered":"http:\/\/serveiseducatius.xtec.cat\/cda-vallsdaneu\/?p=10311"},"modified":"2020-06-05T15:32:48","modified_gmt":"2020-06-05T13:32:48","slug":"celebrem-el-dia-mundial-del-medi-ambient-amb-les-vostres-fotografies-naturalistes-05-06-2020","status":"publish","type":"post","link":"https:\/\/serveiseducatius.xtec.cat\/cda-vallsdaneu\/portada\/celebrem-el-dia-mundial-del-medi-ambient-amb-les-vostres-fotografies-naturalistes-05-06-2020\/","title":{"rendered":"Celebrem el dia mundial del Medi Ambient amb les vostres fotografies naturalistes (05\/06\/2020)"},"content":{"rendered":"<p style=\"text-align: justify;\"><img loading=\"lazy\" decoding=\"async\" class=\"wp-image-10323 size-medium alignright\" src=\"https:\/\/serveiseducatius.xtec.cat\/cda-vallsdaneu\/wp-content\/uploads\/usu1375\/2020\/06\/world-earth-globe-keep-300x210.jpg\" alt=\"\" width=\"300\" height=\"210\" srcset=\"https:\/\/serveiseducatius.xtec.cat\/cda-vallsdaneu\/wp-content\/uploads\/usu1375\/2020\/06\/world-earth-globe-keep-300x210.jpg 300w, https:\/\/serveiseducatius.xtec.cat\/cda-vallsdaneu\/wp-content\/uploads\/usu1375\/2020\/06\/world-earth-globe-keep-768x538.jpg 768w, https:\/\/serveiseducatius.xtec.cat\/cda-vallsdaneu\/wp-content\/uploads\/usu1375\/2020\/06\/world-earth-globe-keep.jpg 910w\" sizes=\"auto, (max-width: 300px) 100vw, 300px\" \/>Hola alumnes confiNATS i desconfiNATS de Catalunya! Avui s\u2019acaba la primera setmana de juny, de manera que publiquem les fotos naturalistes que ens heu enviat. Aquest divendres tornem a coincidir amb una efem\u00e8ride ambiental, i \u00e9s que justament avui 5 de juny \u00e9s el <strong><span style=\"text-decoration: underline;\"><a href=\"https:\/\/www.un.org\/es\/observances\/environment-day\">Dia Mundial del Medi Ambient<\/a><\/span>.<\/strong> En aquesta efem\u00e8ride, promoguda per les Nacions Unides, cada any hi ha una tem\u00e0tica espec\u00edfica i un pa\u00eds que fa d&#8217;amfitri\u00f3. Enguany la tem\u00e0tica \u00e9s la biodiversitat i el pa\u00eds amfitri\u00f3 d&#8217;aquesta gran festa \u00e9s Col\u00f2mbia. Us deixem <a href=\"https:\/\/www.worldenvironmentday.global\/es\/sabias-que\/prueba-tus-conocimientos\"><span style=\"text-decoration: underline;\">l&#8217;enlla\u00e7 al Quiz de les Nacions Unides per a que pugueu posar a prova els vostres coneixements\u00a0 sobre la biodiversitat<\/span><\/a>.<\/p>\n<p style=\"text-align: justify;\">Gr\u00e0cies a tots els nens, nenes, nois i noies que ens heu fet arribar les vostres fotografies! S\u00f3n una molt bona representaci\u00f3 de la biodiversitat del nostre entorn!<\/p>\n<h5><strong>Agra\u00efm la seva ajuda a&#8230;<\/strong><\/h5>\n<p style=\"text-align: justify;\"><span style=\"color: #000000;\">Com sempre agra\u00efm la col\u00b7laboraci\u00f3 de les persones que ens ajuden a classificar les fotografies que ens feu arribar. En especial aquesta setmana agra\u00efm al <a style=\"color: #000000;\" href=\"http:\/\/www.xtec.cat\/~fturmo\/\"><span style=\"text-decoration: underline;\">Ferran Turmo<\/span><\/a> -mestre jubilat, gran naturalista i fot\u00f2graf- per la seva ajuda en la classificaci\u00f3 d&#8217;invertebrats; a <a href=\"https:\/\/www.inaturalist.org\/people\/clo_09\"><span style=\"text-decoration: underline;\">Claudine Clo_09<\/span><\/a> de <span style=\"text-decoration: underline;\"><a href=\"https:\/\/www.flickr.com\/people\/96379821@N04\/\">NatureZoom Photographie<\/a><\/span> -herpet\u00f2leg franc\u00e8s i naturalista- i a <a href=\"https:\/\/www.sargantanesidragons.com\/p\/qui-soc-josep-francesc-bisbal-chinesta.html\"><span style=\"text-decoration: underline;\">Josep F. Bisbal-Chinesta<\/span><\/a> -paleont\u00f2leg especialitat en r\u00e8ptils i amfibis del Quaternari-, ambd\u00f3s <\/span><span style=\"color: #ff0000;\"><span style=\"color: #000000;\">col\u00b7laboradors de l&#8217;aplicaci\u00f3 iNaturalist, per la seva col\u00b7laboraci\u00f3 en la classificaci\u00f3 de la sargantana roquera; a <span style=\"text-decoration: underline;\"><a href=\"https:\/\/twitter.com\/Ruth_Escobes\">Ruth Escob\u00e9s Jim\u00e9nez<\/a><\/span> -entom\u00f2loga i Secret\u00e0ria de <a href=\"https:\/\/www.asociacion-zerynthia.org\/asociacion\"><span style=\"text-decoration: underline;\">Zerynthia: A<span class=\"css-901oao css-16my406 r-1qd0xha r-ad9z0x r-bcqeeo r-qvutc0\">sociaci\u00f3n Espa\u00f1ola para la protecci\u00f3n de las <\/span><span class=\"r-18u37iz\">Mariposas<\/span><span class=\"css-901oao css-16my406 r-1qd0xha r-ad9z0x r-bcqeeo r-qvutc0\"> y su Medio<\/span><\/span><\/a> i col\u00b7laboradora de l&#8217;aplicaci\u00f3 iNaturalist per la seva col\u00b7laboraci\u00f3 en la classificaci\u00f3 de l&#8217;eruga de moixell errant o arna d&#8217;estoig; a <a href=\"https:\/\/www.inaturalist.org\/people\/prunhel\"><span style=\"text-decoration: underline;\">C\u00e9line Le Bras<\/span><\/a> -naturalista-, per la identificaci\u00f3 de l&#8217;esp\u00e8cie de la papallona ziganena\u00a0 i, finalment, a Juan Fern\u00e1ndez, bi\u00f2leg i t\u00e8cnic de la Reserva de Ca\u00e7a de l&#8217;Alt Pallars per confirmar-nos la identificaci\u00f3 de la t\u00f3rtora turca i la cabra salvatge.<\/span><\/span><\/p>\n<h5><strong>Les esp\u00e8cies d&#8217;aquesta setmana<\/strong><\/h5>\n<p style=\"text-align: justify;\">Aquesta setmana hem rebut les fotografies que us detallem a continuaci\u00f3. Al final de la llista tamb\u00e9 us enllacem l&#8217;\u00e0lbum on les podeu visualitzar i comentar.<\/p>\n<ol>\n<li style=\"text-align: justify;\"><b>Arna d&#8217;antenes llargues <\/b>(<em>Adela australis<\/em>). Yasmin Andrea T. 1r ESO. INS ESC Mare de D\u00e9u del Portal (Batea).<\/li>\n<li style=\"text-align: justify;\"><strong style=\"font-family: inherit; font-size: 1em;\">Pollet de colom <\/strong><span style=\"font-family: inherit; font-size: 1em;\">(<em>Columba livia).<\/em><\/span><span style=\"font-family: inherit; font-size: 1em;\">Ona C.B. 2n. ESC <\/span><span style=\"font-family: inherit; font-size: 1em;\">Pau Casals de Gr\u00e0cia (Barcelona).<\/span><\/li>\n<li style=\"text-align: justify;\"><span style=\"font-family: inherit; font-size: 1em;\"><b>Aranya <\/b>(Ar\u00e0cnid de la fam\u00edlia dels Filodr\u00f2mids, esp\u00e8cie pendent de determinar). M\u00edriam O. 3r. ESC La Closa (Esterri d&#8217;\u00c0neu).<\/span><\/li>\n<li><strong>Eruga de moixell errant o arna d&#8217;estoig <\/strong>(Lepid\u00f2pter de la fam\u00edlia <em>Psychidae<\/em>). \u00c0lex P. 5\u00e8. ESC T\u00edrvia (T\u00edrvia).<\/li>\n<li><b>Rossinyol <\/b>(<em>Luscinia megarhynchos<\/em>). Bru E.B. 6\u00e8. ESC La Closa (Esterri d&#8217;\u00c0neu).<\/li>\n<li><strong>Vidriol o serp de vidre <\/strong>(<em>Anguis fragilis<\/em>). \u00c8ric J.L. 6\u00e8. ESC Valldeflors (Tremp).<\/li>\n<li><strong>Llangardaix ocel\u00b7lat <\/strong>(<i>Timon lepidus<\/i>). Ona F.O. 3r. ESC \u00c0ngel Seraf\u00ed Casanovas (Sort).<\/li>\n<li><strong>Sargantana roquera <\/strong>(<em>Podarcis muralis<\/em>). Jan M.M. 4t. ESC Montsent de Pallars (Rialp).<\/li>\n<li><b>Mosca abellot o mosca abella <\/b>(<em>Bombylius major<\/em>). Biel i Nil O.G. 2n i P5. ESC Els Raiers (La Pobla de Segur).<\/li>\n<li><strong>Cabra salvatge mascle <\/strong>(<em>Capra pyrenaica<\/em>). Aran F.M. 4t. ESC La Closa (Esterri d&#8217;\u00c0neu).<\/li>\n<li><strong>Papallona reina <\/strong>(<em>Papilio machaon<\/em>). Biel i Aina V.E. 5\u00e8 i 1r ESO. ESC Solc (Barcelona).<\/li>\n<li><strong>Zygaena o gitana sobre estepa blanca<\/strong> (<em>Zygaena lavandulae<\/em>). Pol i Marc H.M. 4t i 2n. ESC Sant Ramon (Vilafranca del Pened\u00e8s).<\/li>\n<li><strong>T\u00f3rtora turca <\/strong>\u00a0(<em>Streptopelia decaocto<\/em>). Roc R.B. 2n. <span style=\"font-family: inherit; font-size: 1em;\">ESC Edumar (Castelldefels).\u00a0<\/span><\/li>\n<li><strong>Cuetes de taques taronges <\/strong>(<em>Cupido argiades<\/em>). Gaia E.B. 6\u00e8. ESC La Closa (Esterri d&#8217;\u00c0neu).<\/li>\n<\/ol>\n<p>Si cliqueu sobre aquesta composici\u00f3 que hem fet, se us obrir\u00e0 l&#8217;\u00e0lbum amb totes les fotografies:<\/p>\n<p><a href=\"https:\/\/photos.app.goo.gl\/XVCKfNAfNoGXAtNb9\" target=\"_blank\" rel=\"noopener noreferrer\"><img loading=\"lazy\" decoding=\"async\" class=\"alignleft wp-image-10319 size-large\" src=\"https:\/\/serveiseducatius.xtec.cat\/cda-vallsdaneu\/wp-content\/uploads\/usu1375\/2020\/06\/Composici\u00f3_FotNAT7-1024x1024.jpg\" alt=\"\" width=\"1024\" height=\"1024\" srcset=\"https:\/\/serveiseducatius.xtec.cat\/cda-vallsdaneu\/wp-content\/uploads\/usu1375\/2020\/06\/Composici\u00f3_FotNAT7-1024x1024.jpg 1024w, https:\/\/serveiseducatius.xtec.cat\/cda-vallsdaneu\/wp-content\/uploads\/usu1375\/2020\/06\/Composici\u00f3_FotNAT7-150x150.jpg 150w, https:\/\/serveiseducatius.xtec.cat\/cda-vallsdaneu\/wp-content\/uploads\/usu1375\/2020\/06\/Composici\u00f3_FotNAT7-300x300.jpg 300w, https:\/\/serveiseducatius.xtec.cat\/cda-vallsdaneu\/wp-content\/uploads\/usu1375\/2020\/06\/Composici\u00f3_FotNAT7-768x768.jpg 768w, https:\/\/serveiseducatius.xtec.cat\/cda-vallsdaneu\/wp-content\/uploads\/usu1375\/2020\/06\/Composici\u00f3_FotNAT7.jpg 1758w\" sizes=\"auto, (max-width: 1024px) 100vw, 1024px\" \/><\/a><\/p>\n<p>&nbsp;<\/p>\n<p>Si no podeu visualitzar correctament les fotografies cliqueu <a href=\"https:\/\/photos.app.goo.gl\/XVCKfNAfNoGXAtNb9\"><span style=\"text-decoration: underline;\"><strong>l&#8217;enlla\u00e7<\/strong><\/span><\/a> per accedir a l&#8217;\u00e0lbum.<\/p>\n<h5><strong>Doneu-nos detalls sobre les vostres fotografies<\/strong><\/h5>\n<p style=\"text-align: justify;\">Molts d&#8217;aquests animals reben noms diferents en funci\u00f3 de la zona de Catalunya on visqueu. Si us plau, digueu-nos com els hi dieu a l&#8217;apartat de comentaris. A m\u00e9s, si els fot\u00f2grafs ens voleu donar m\u00e9s detalls de com i on vau fer les fotos, expliqueu-nos-ho tamb\u00e9 als comentaris d&#8217;aquest article. Ser\u00e0 interessant saber com vau descobrir els animals i com us ho vau fer per a fotografiar-los.<\/p>\n<h5><strong>Divendres 12\/06\/2020, \u00faltima publicaci\u00f3 de fotografies naturalistes!\u00a0<\/strong><\/h5>\n<p style=\"text-align: justify;\">Recordeu: Divendres vinent SER\u00c0 L&#8217;\u00daLTIM DIA que publicarem les vostres fotografies. El curs s&#8217;acaba aix\u00ed que aprofiteu per enviar-nos aquelles fotografies que fareu la setmana vinent o aquelles que teniu guardades al tinter esperant a enviar-nos-les. El nostre correu \u00e9s <a href=\"mailto:cda-vallsdaneu@xtec.cat\">cda-vallsdaneu@xtec.cat<\/a>, recordeu les fotos han d&#8217;haver-se fet dins del per\u00edode de confinament, des del 13 de mar\u00e7 del 2020 i han de ser de fauna salvatge.<\/p>\n<p style=\"text-align: justify;\"><span style=\"text-decoration: underline;\">El divendres 19 de juny<\/span> sortejarem el buff del mes de juny entre tots els fot\u00f2grafs que hagueu participat durant aquest mes.<\/p>\n<p style=\"text-align: justify;\"><strong><em>Termini per enviar-les:<\/em> <\/strong>Dijous de 11 de juny.<\/p>\n","protected":false},"excerpt":{"rendered":"<p>Hola alumnes confiNATS i desconfiNATS de Catalunya! Avui s\u2019acaba la primera setmana de juny, de manera que publiquem les fotos [&hellip;]<\/p>\n","protected":false},"author":1,"featured_media":10319,"comment_status":"open","ping_status":"closed","sticky":false,"template":"","format":"standard","meta":{"_bbp_topic_count":0,"_bbp_reply_count":0,"_bbp_total_topic_count":0,"_bbp_total_reply_count":0,"_bbp_voice_count":0,"_bbp_anonymous_reply_count":0,"_bbp_topic_count_hidden":0,"_bbp_reply_count_hidden":0,"_bbp_forum_subforum_count":0,"site-sidebar-layout":"default","site-content-layout":"","ast-site-content-layout":"","site-content-style":"default","site-sidebar-style":"default","ast-global-header-display":"","ast-banner-title-visibility":"","ast-main-header-display":"","ast-hfb-above-header-display":"","ast-hfb-below-header-display":"","ast-hfb-mobile-header-display":"","site-post-title":"","ast-breadcrumbs-content":"","ast-featured-img":"","footer-sml-layout":"","theme-transparent-header-meta":"","adv-header-id-meta":"","stick-header-meta":"","header-above-stick-meta":"","header-main-stick-meta":"","header-below-stick-meta":"","astra-migrate-meta-layouts":"default","ast-page-background-enabled":"default","ast-page-background-meta":{"desktop":{"background-color":"var(--ast-global-color-4)","background-image":"","background-repeat":"repeat","background-position":"center center","background-size":"auto","background-attachment":"scroll","background-type":"","background-media":"","overlay-type":"","overlay-color":"","overlay-opacity":"","overlay-gradient":""},"tablet":{"background-color":"","background-image":"","background-repeat":"repeat","background-position":"center center","background-size":"auto","background-attachment":"scroll","background-type":"","background-media":"","overlay-type":"","overlay-color":"","overlay-opacity":"","overlay-gradient":""},"mobile":{"background-color":"","background-image":"","background-repeat":"repeat","background-position":"center center","background-size":"auto","background-attachment":"scroll","background-type":"","background-media":"","overlay-type":"","overlay-color":"","overlay-opacity":"","overlay-gradient":""}},"ast-content-background-meta":{"desktop":{"background-color":"var(--ast-global-color-5)","background-image":"","background-repeat":"repeat","background-position":"center center","background-size":"auto","background-attachment":"scroll","background-type":"","background-media":"","overlay-type":"","overlay-color":"","overlay-opacity":"","overlay-gradient":""},"tablet":{"background-color":"var(--ast-global-color-5)","background-image":"","background-repeat":"repeat","background-position":"center center","background-size":"auto","background-attachment":"scroll","background-type":"","background-media":"","overlay-type":"","overlay-color":"","overlay-opacity":"","overlay-gradient":""},"mobile":{"background-color":"var(--ast-global-color-5)","background-image":"","background-repeat":"repeat","background-position":"center center","background-size":"auto","background-attachment":"scroll","background-type":"","background-media":"","overlay-type":"","overlay-color":"","overlay-opacity":"","overlay-gradient":""}},"footnotes":""},"categories":[354,357,358,356,287,355,29],"tags":[],"class_list":["post-10311","post","type-post","status-publish","format-standard","has-post-thumbnail","hentry","category-ambprismaticsalterrat","category-aprenemambelscdaieda","category-campsientornsdaprenentatge","category-joemquedoacasa","category-fauna-salvatge","category-observacions-naturalistes","category-portada"],"post_mailing_queue_ids":[],"_links":{"self":[{"href":"https:\/\/serveiseducatius.xtec.cat\/cda-vallsdaneu\/wp-json\/wp\/v2\/posts\/10311","targetHints":{"allow":["GET"]}}],"collection":[{"href":"https:\/\/serveiseducatius.xtec.cat\/cda-vallsdaneu\/wp-json\/wp\/v2\/posts"}],"about":[{"href":"https:\/\/serveiseducatius.xtec.cat\/cda-vallsdaneu\/wp-json\/wp\/v2\/types\/post"}],"author":[{"embeddable":true,"href":"https:\/\/serveiseducatius.xtec.cat\/cda-vallsdaneu\/wp-json\/wp\/v2\/users\/1"}],"replies":[{"embeddable":true,"href":"https:\/\/serveiseducatius.xtec.cat\/cda-vallsdaneu\/wp-json\/wp\/v2\/comments?post=10311"}],"version-history":[{"count":4,"href":"https:\/\/serveiseducatius.xtec.cat\/cda-vallsdaneu\/wp-json\/wp\/v2\/posts\/10311\/revisions"}],"predecessor-version":[{"id":10341,"href":"https:\/\/serveiseducatius.xtec.cat\/cda-vallsdaneu\/wp-json\/wp\/v2\/posts\/10311\/revisions\/10341"}],"wp:featuredmedia":[{"embeddable":true,"href":"https:\/\/serveiseducatius.xtec.cat\/cda-vallsdaneu\/wp-json\/wp\/v2\/media\/10319"}],"wp:attachment":[{"href":"https:\/\/serveiseducatius.xtec.cat\/cda-vallsdaneu\/wp-json\/wp\/v2\/media?parent=10311"}],"wp:term":[{"taxonomy":"category","embeddable":true,"href":"https:\/\/serveiseducatius.xtec.cat\/cda-vallsdaneu\/wp-json\/wp\/v2\/categories?post=10311"},{"taxonomy":"post_tag","embeddable":true,"href":"https:\/\/serveiseducatius.xtec.cat\/cda-vallsdaneu\/wp-json\/wp\/v2\/tags?post=10311"}],"curies":[{"name":"wp","href":"https:\/\/api.w.org\/{rel}","templated":true}]}}