{"id":10188,"date":"2020-05-29T13:42:24","date_gmt":"2020-05-29T11:42:24","guid":{"rendered":"http:\/\/serveiseducatius.xtec.cat\/cda-vallsdaneu\/?p=10188"},"modified":"2020-06-05T07:35:26","modified_gmt":"2020-06-05T05:35:26","slug":"fotografies-naturalistes-29-05-20","status":"publish","type":"post","link":"https:\/\/serveiseducatius.xtec.cat\/cda-vallsdaneu\/portada\/fotografies-naturalistes-29-05-20\/","title":{"rendered":"Fotografies naturalistes 29\/05\/20"},"content":{"rendered":"<p style=\"text-align: justify;\">Hola alumnes desconfiNATS de Catalunya! Avui s\u2019acaba la \u00faltima setmana de maig, de manera que publiquem les fotos naturalistes que ens heu enviat. Com sempre, s\u00f3n molt boniques i de gran inter\u00e8s per con\u00e8ixer la fauna que ens envolta. Gr\u00e0cies a tots els nens, nenes, nois i noies que ens les heu fet arribar!<\/p>\n<h5><strong>Agra\u00efm la seva ajuda a&#8230;<\/strong><\/h5>\n<p style=\"text-align: justify;\"><span style=\"color: #ff0000;\"><span style=\"color: #000000;\">Com sempre agra\u00efm la col\u00b7laboraci\u00f3 de les persones que ens ajuden a classificar les fotografies que ens feu arribar. En especial aquesta setmana agra\u00efm al <a style=\"color: #000000;\" href=\"http:\/\/www.xtec.cat\/~fturmo\/\"><span style=\"text-decoration: underline;\">Ferran Turmo<\/span><\/a> -mestre jubilat, gran naturalista i fot\u00f2graf- per la seva ajuda en la classificaci\u00f3 d&#8217;invertebrats; i<\/span>\u00a0<span style=\"color: #000000;\">al <a href=\"https:\/\/www.researchgate.net\/profile\/Julien_Touroult\"><span style=\"text-decoration: underline;\">Julien Touroult<\/span><\/a> &#8211; entom\u00f2leg de la <span style=\"text-decoration: underline;\"><a href=\"http:\/\/www.patrinat.fr\/fr\/actualites\/ums-patrinat-une-nouvelle-direction-ofb-mnhn-6508\">Unitat de Servei Natural del Patrimoni Natural (PatriNat) de Fran\u00e7a<\/a><\/span>\u00a0i <\/span><\/span><span style=\"color: #000000;\">col\u00b7laborador de l&#8217;aplicaci\u00f3 iNaturalist per la seva col\u00b7laboraci\u00f3 en la classificaci\u00f3 de l&#8217;escarabat banyarriquer petit de l&#8217;alzina.\u00a0\u00a0<\/span><\/p>\n<h5><strong>Les esp\u00e8cies d&#8217;aquesta setmana<\/strong><\/h5>\n<p style=\"text-align: justify;\">Aquesta setmana hem rebut les fotografies que us detallem a continuaci\u00f3. Al final de la llista tamb\u00e9 us enllacem l&#8217;\u00e0lbum on les podeu visualitzar i comentar.<\/p>\n<ol>\n<li style=\"text-align: justify;\"><b>Vespa paperera i vesper <\/b>(<em>Polistes dominula<\/em>). Yasmin Andrea T. 1r ESO. INS ESC Mare de D\u00e9u del Portal (Batea).<\/li>\n<li style=\"text-align: justify;\"><strong style=\"font-family: inherit; font-size: 1em;\">Pollet d&#8217;estornell com\u00fa <\/strong><span style=\"font-family: inherit; font-size: 1em;\">(<em>Sturnus vulgaris).<\/em><\/span><span style=\"font-family: inherit; font-size: 1em;\">Ona C.B. 2n. ESC <\/span><span style=\"font-family: inherit; font-size: 1em;\">Pau Casals de Gr\u00e0cia (Barcelona).<\/span><\/li>\n<li style=\"text-align: justify;\"><span style=\"font-family: inherit; font-size: 1em;\"><strong>S\u00edrfid<\/strong> (<em>Syrphus ribesii<\/em>). M\u00edriam O. 3r. ESC La Closa (Esterri d&#8217;\u00c0neu).<\/span><\/li>\n<li><b>Escarabat banyarriquer petit de l&#8217;alzina<\/b> (<em>Cerambyx scopolii<\/em>). Matilda R.V. 6\u00e8. ESC Montsent de Pallars (Rialp).<\/li>\n<li><strong>Gran pa\u00f3 de nit<\/strong> (<em>Saturnia pyri<\/em>). Biel i Nil O.G. 2n i P5. ESC Els Raiers (La Pobla de Segur).<\/li>\n<li><strong>Bitxac com\u00fa <\/strong>(<em>Saxicola torquatus<\/em>). Bru E.B. 4t. ESC La Closa (Esterri d&#8217;\u00c0neu).<\/li>\n<li><strong>Empusa<\/strong> (<em>Empusa pennata<\/em>). Aina S.A. 1r. ESC Llavors\u00ed (Llavors\u00ed).<\/li>\n<li><strong>Sargantana cuallarga<\/strong> (<em>Psammodromus algirus<\/em>). Cesc RV. 2n. ESC Montsent de Pallars (Rialp).<\/li>\n<li><strong>Cigonya blanca <\/strong>(<em>Ciconia ciconia<\/em>). Jan M.M. 4t. ESC Montsent de Pallars (Rialp).<\/li>\n<li><strong>Nimfa de saltamart\u00ed, saltiretxo (en pallar\u00e8s) <\/strong>(Insecte de l&#8217;ordre dels Ort\u00f2pters, de la subfam\u00edlia de Tettigoniinae, possiblement Tettigonia viridissima o Tettigona cantans) Gaia E.B. 6\u00e8. ESC La Closa (Esterri d&#8217;\u00c0neu).<\/li>\n<li><strong>Pollet dins de l&#8217;ou<\/strong> (Au, esp\u00e8cie desconeguda). Cala R.B. 3r. <span style=\"font-family: inherit; font-size: 1em;\">ESC La Closa (Esterri d&#8217;\u00c0neu).\u00a0<\/span><\/li>\n<li><strong>Gamar\u00fas, baladrau <\/strong>(<em>Strix aluco<\/em>) Lluc R.V. 5\u00e8. ESC Montsent de Pallars (Rialp). El Lluc i la seva fam\u00edlia el varen trobar al carrer de Rialp i el van portar cap a un centre de fauna per a que el poguessin fer cr\u00e9ixer.<\/li>\n<\/ol>\n<p>Si cliqueu sobre aquesta composici\u00f3 que hem fet, se us obrir\u00e0 l&#8217;\u00e0lbum amb totes les fotografies:<\/p>\n<p><a href=\"https:\/\/photos.app.goo.gl\/fS1eor581FS4tVME7\"><img loading=\"lazy\" decoding=\"async\" class=\"alignleft size-large wp-image-10190\" src=\"https:\/\/serveiseducatius.xtec.cat\/cda-vallsdaneu\/wp-content\/uploads\/usu1375\/2020\/05\/composici\u00f3_fotnat6-1024x1024.jpg\" alt=\"\" width=\"1024\" height=\"1024\" srcset=\"https:\/\/serveiseducatius.xtec.cat\/cda-vallsdaneu\/wp-content\/uploads\/usu1375\/2020\/05\/composici\u00f3_fotnat6-1024x1024.jpg 1024w, https:\/\/serveiseducatius.xtec.cat\/cda-vallsdaneu\/wp-content\/uploads\/usu1375\/2020\/05\/composici\u00f3_fotnat6-150x150.jpg 150w, https:\/\/serveiseducatius.xtec.cat\/cda-vallsdaneu\/wp-content\/uploads\/usu1375\/2020\/05\/composici\u00f3_fotnat6-300x300.jpg 300w, https:\/\/serveiseducatius.xtec.cat\/cda-vallsdaneu\/wp-content\/uploads\/usu1375\/2020\/05\/composici\u00f3_fotnat6-768x768.jpg 768w, https:\/\/serveiseducatius.xtec.cat\/cda-vallsdaneu\/wp-content\/uploads\/usu1375\/2020\/05\/composici\u00f3_fotnat6.jpg 1672w\" sizes=\"auto, (max-width: 1024px) 100vw, 1024px\" \/><\/a><\/p>\n<p>Si no podeu visualitzar correctament les fotografies cliqueu <a href=\"https:\/\/photos.app.goo.gl\/fS1eor581FS4tVME7\"><span style=\"text-decoration: underline;\"><strong>l&#8217;enlla\u00e7<\/strong><\/span><\/a> per accedir a l&#8217;\u00e0lbum.<\/p>\n<h5><strong>Doneu-nos detalls sobre les vostres fotografies<\/strong><\/h5>\n<p style=\"text-align: justify;\">Molts d&#8217;aquests animals reben noms diferents en funci\u00f3 de la zona de Catalunya on visqueu. Si us plau, digueu-nos com els hi dieu a l&#8217;apartat de comentaris. A m\u00e9s, si els fot\u00f2grafs ens voleu donar m\u00e9s detalls de com i on vau fer les fotos, expliqueu-nos-ho tamb\u00e9 als comentaris d&#8217;aquest article. Ser\u00e0 interessant saber com vau descobrir els animals i com us ho vau fer per a fotografiar-los.<\/p>\n<h5>I el guanyador o guanyadora del buff del mes de maig \u00e9s\u2026<\/h5>\n<p><span style=\"color: #000000;\">La Cala R.B de 3r de l&#8217;escola la Closa d&#8217;Esterri d&#8217;\u00c0neu. Felicitats! En breu et farem arribar el buff del CdA Valls d&#8217;\u00c0neu a casa teva. <\/span><span style=\"color: #000000;\">Us deixem el v\u00eddeo que hem gravat mentre f\u00e8iem el sorteig al web de <a href=\"https:\/\/www.sortea2.com\/\">Sortea2.<\/a><\/span><\/p>\n<p><iframe loading=\"lazy\" src=\"https:\/\/www.youtube.com\/embed\/uoEBRF_G51o\" width=\"560\" height=\"315\" frameborder=\"0\"><\/iframe><\/p>\n<h5><strong>Seguiu participant!<\/strong><\/h5>\n<p style=\"text-align: justify;\">Recordeu: seguiu enviant-nos fotos dels animals que veieu des de la finestra des de qualsevol poble de Catalunya o des del carrer, ara que ja estem una mica desconfiNATS, a <a href=\"mailto:cda-vallsdaneu@xtec.cat\">cda-vallsdaneu@xtec.cat<\/a> (salvatges, els dom\u00e8stics no els publicarem). Les fotos han d&#8217;haver-se fet dins del per\u00edode de confinament, des del 13 de mar\u00e7 del 2020. <span style=\"text-decoration: underline;\">El concurs de fotografies finalitzar\u00e0 el\u00a0 proper 12 de juny<\/span> de manera que el 19 de juny sortejarem el buff del mes de juny entre tots els que heu participat durant el mes de juny.<\/p>\n<p style=\"text-align: justify;\"><strong><em>Termini per enviar-les:<\/em> <\/strong>Fins dijous de cada setmana. Les fotos enviades el mateix divendres es publicaran el divendres seg\u00fcent, ja que necessitem una mica de temps per a classificar-les i editar-les.<\/p>\n","protected":false},"excerpt":{"rendered":"<p>Hola alumnes desconfiNATS de Catalunya! Avui s\u2019acaba la \u00faltima setmana de maig, de manera que publiquem les fotos naturalistes que [&hellip;]<\/p>\n","protected":false},"author":1,"featured_media":10190,"comment_status":"open","ping_status":"closed","sticky":false,"template":"","format":"standard","meta":{"_bbp_topic_count":0,"_bbp_reply_count":0,"_bbp_total_topic_count":0,"_bbp_total_reply_count":0,"_bbp_voice_count":0,"_bbp_anonymous_reply_count":0,"_bbp_topic_count_hidden":0,"_bbp_reply_count_hidden":0,"_bbp_forum_subforum_count":0,"site-sidebar-layout":"default","site-content-layout":"","ast-site-content-layout":"","site-content-style":"default","site-sidebar-style":"default","ast-global-header-display":"","ast-banner-title-visibility":"","ast-main-header-display":"","ast-hfb-above-header-display":"","ast-hfb-below-header-display":"","ast-hfb-mobile-header-display":"","site-post-title":"","ast-breadcrumbs-content":"","ast-featured-img":"","footer-sml-layout":"","theme-transparent-header-meta":"","adv-header-id-meta":"","stick-header-meta":"","header-above-stick-meta":"","header-main-stick-meta":"","header-below-stick-meta":"","astra-migrate-meta-layouts":"default","ast-page-background-enabled":"default","ast-page-background-meta":{"desktop":{"background-color":"var(--ast-global-color-4)","background-image":"","background-repeat":"repeat","background-position":"center center","background-size":"auto","background-attachment":"scroll","background-type":"","background-media":"","overlay-type":"","overlay-color":"","overlay-opacity":"","overlay-gradient":""},"tablet":{"background-color":"","background-image":"","background-repeat":"repeat","background-position":"center center","background-size":"auto","background-attachment":"scroll","background-type":"","background-media":"","overlay-type":"","overlay-color":"","overlay-opacity":"","overlay-gradient":""},"mobile":{"background-color":"","background-image":"","background-repeat":"repeat","background-position":"center center","background-size":"auto","background-attachment":"scroll","background-type":"","background-media":"","overlay-type":"","overlay-color":"","overlay-opacity":"","overlay-gradient":""}},"ast-content-background-meta":{"desktop":{"background-color":"var(--ast-global-color-5)","background-image":"","background-repeat":"repeat","background-position":"center center","background-size":"auto","background-attachment":"scroll","background-type":"","background-media":"","overlay-type":"","overlay-color":"","overlay-opacity":"","overlay-gradient":""},"tablet":{"background-color":"var(--ast-global-color-5)","background-image":"","background-repeat":"repeat","background-position":"center center","background-size":"auto","background-attachment":"scroll","background-type":"","background-media":"","overlay-type":"","overlay-color":"","overlay-opacity":"","overlay-gradient":""},"mobile":{"background-color":"var(--ast-global-color-5)","background-image":"","background-repeat":"repeat","background-position":"center center","background-size":"auto","background-attachment":"scroll","background-type":"","background-media":"","overlay-type":"","overlay-color":"","overlay-opacity":"","overlay-gradient":""}},"footnotes":""},"categories":[354,357,358,356,287,355,29],"tags":[],"class_list":["post-10188","post","type-post","status-publish","format-standard","has-post-thumbnail","hentry","category-ambprismaticsalterrat","category-aprenemambelscdaieda","category-campsientornsdaprenentatge","category-joemquedoacasa","category-fauna-salvatge","category-observacions-naturalistes","category-portada"],"post_mailing_queue_ids":[],"_links":{"self":[{"href":"https:\/\/serveiseducatius.xtec.cat\/cda-vallsdaneu\/wp-json\/wp\/v2\/posts\/10188","targetHints":{"allow":["GET"]}}],"collection":[{"href":"https:\/\/serveiseducatius.xtec.cat\/cda-vallsdaneu\/wp-json\/wp\/v2\/posts"}],"about":[{"href":"https:\/\/serveiseducatius.xtec.cat\/cda-vallsdaneu\/wp-json\/wp\/v2\/types\/post"}],"author":[{"embeddable":true,"href":"https:\/\/serveiseducatius.xtec.cat\/cda-vallsdaneu\/wp-json\/wp\/v2\/users\/1"}],"replies":[{"embeddable":true,"href":"https:\/\/serveiseducatius.xtec.cat\/cda-vallsdaneu\/wp-json\/wp\/v2\/comments?post=10188"}],"version-history":[{"count":3,"href":"https:\/\/serveiseducatius.xtec.cat\/cda-vallsdaneu\/wp-json\/wp\/v2\/posts\/10188\/revisions"}],"predecessor-version":[{"id":10310,"href":"https:\/\/serveiseducatius.xtec.cat\/cda-vallsdaneu\/wp-json\/wp\/v2\/posts\/10188\/revisions\/10310"}],"wp:featuredmedia":[{"embeddable":true,"href":"https:\/\/serveiseducatius.xtec.cat\/cda-vallsdaneu\/wp-json\/wp\/v2\/media\/10190"}],"wp:attachment":[{"href":"https:\/\/serveiseducatius.xtec.cat\/cda-vallsdaneu\/wp-json\/wp\/v2\/media?parent=10188"}],"wp:term":[{"taxonomy":"category","embeddable":true,"href":"https:\/\/serveiseducatius.xtec.cat\/cda-vallsdaneu\/wp-json\/wp\/v2\/categories?post=10188"},{"taxonomy":"post_tag","embeddable":true,"href":"https:\/\/serveiseducatius.xtec.cat\/cda-vallsdaneu\/wp-json\/wp\/v2\/tags?post=10188"}],"curies":[{"name":"wp","href":"https:\/\/api.w.org\/{rel}","templated":true}]}}