{"id":10017,"date":"2020-05-22T15:38:20","date_gmt":"2020-05-22T13:38:20","guid":{"rendered":"http:\/\/serveiseducatius.xtec.cat\/cda-vallsdaneu\/?p=10017"},"modified":"2020-05-22T18:55:52","modified_gmt":"2020-05-22T16:55:52","slug":"celebrem-el-dia-mundial-de-la-biodiversitat-amb-les-vostres-fotografies-naturalistes-22-05-2020","status":"publish","type":"post","link":"https:\/\/serveiseducatius.xtec.cat\/cda-vallsdaneu\/general\/celebrem-el-dia-mundial-de-la-biodiversitat-amb-les-vostres-fotografies-naturalistes-22-05-2020\/","title":{"rendered":"Celebrem el Dia Mundial de la Biodiversitat amb les vostres fotografies naturalistes (22\/05\/2020)"},"content":{"rendered":"<p style=\"text-align: justify;\"><span style=\"color: #000000;\"><img loading=\"lazy\" decoding=\"async\" class=\"wp-image-10042 alignright\" src=\"https:\/\/serveiseducatius.xtec.cat\/cda-vallsdaneu\/wp-content\/uploads\/usu1375\/2020\/05\/Dia-biodiversitat.png\" alt=\"\" width=\"366\" height=\"184\" srcset=\"https:\/\/serveiseducatius.xtec.cat\/cda-vallsdaneu\/wp-content\/uploads\/usu1375\/2020\/05\/Dia-biodiversitat.png 450w, https:\/\/serveiseducatius.xtec.cat\/cda-vallsdaneu\/wp-content\/uploads\/usu1375\/2020\/05\/Dia-biodiversitat-300x151.png 300w\" sizes=\"auto, (max-width: 366px) 100vw, 366px\" \/><\/span>Hola alumnes confiNATS i desconfiNATS de Catalunya! Avui s\u2019acaba la tercera setmana de maig, de manera que publiquem les fotos naturalistes que ens heu enviat. Curiosament, el calendari d&#8217;efem\u00e8rides ambientals ens regala una bonica coincid\u00e8ncia. Justament avui, el 22 de maig, \u00e9s el <a href=\"https:\/\/www.un.org\/es\/observances\/biological-diversity-day\"><span style=\"text-decoration: underline;\">Dia Mundial de la Biodiversitat<\/span><\/a>, promogut pel Conveni de la Biodiversitat Biol\u00f2gica de les Nacions Unides. Aix\u00ed doncs, des del Camp d&#8217;Aprenentatge de les valls d&#8217;\u00c0neu celebrem aquest dia publicant totes les fotos que ens heu enviat que, com sempre, s\u00f3n molt boniques i representen a la perfecci\u00f3 la gran biodiversitat de fauna que hi ha a Catalunya. Gr\u00e0cies a tots els nens, nenes, nois i noies que les heu fet arribar!<\/p>\n<h5><strong>Agra\u00efm la seva ajuda a&#8230;<\/strong><\/h5>\n<p style=\"text-align: justify;\"><span style=\"color: #000000;\">Com sempre agra\u00efm la col\u00b7laboraci\u00f3 de les persones que ens ajuden a classificar les fotografies que ens feu arribar. En especial aquesta setmana agra\u00efm al <a href=\"http:\/\/www.xtec.cat\/~fturmo\/\"><span style=\"text-decoration: underline;\">Ferran Turmo<\/span><\/a> -mestre jubilat, gran naturalista i fot\u00f2graf- per la seva ajuda en la classificaci\u00f3 d&#8217;invertebrats; tamb\u00e9 al Francesc Rodr\u00edguez -naturalista i divulgador de la natura amb <a href=\"https:\/\/www.obagaactivitats.cat\/ca\/qui-som\"><span style=\"text-decoration: underline;\">Obaga Activitats<\/span><\/a>&#8211; i a la <a href=\"https:\/\/www.instagram.com\/airi8\/\"><span style=\"text-decoration: underline;\">Marta Avizanda<\/span><\/a> -bi\u00f2loga i professora de l&#8217;Institut de Pobla de Segur i ex-professora del Camp d&#8217;Aprenentatge de les Valls d&#8217;\u00c0neu- per ajudar-nos a identificar les papallones i les erugues d&#8217;aquesta setmana; a en <a href=\"https:\/\/www.ibe.upf-csic.es\/entry\/-\/-\/130780\/adscripcion\/joan-carles-hinojosa\"><span style=\"text-decoration: underline;\">Joan Carles Hinojosa<\/span><\/a> -doctorand de l&#8217;Institut de Biologia Evolutiva de la Universitat Pompeu Fabra i el Consell Superior d&#8217;Investigacions Cient\u00edfiques- per ajudar-nos amb la classificaci\u00f3 de la larva de papallona dels Satir\u00ednids; i finalment a en Mack Beacon -entom\u00f2leg col\u00b7laborador de la <a href=\"https:\/\/www.ent.iastate.edu\/\"><span style=\"text-decoration: underline;\">Universitat Estatal d&#8217;Iowa<\/span><\/a>&#8211; per la identificaci\u00f3 de l&#8217;efemer\u00f2pter.\u00a0<\/span><\/p>\n<h5><strong>iNaturalist (App i Web)<\/strong><\/h5>\n<h5><strong><a href=\"https:\/\/www.inaturalist.org\/\"><img loading=\"lazy\" decoding=\"async\" class=\"wp-image-10036 alignleft\" src=\"https:\/\/serveiseducatius.xtec.cat\/cda-vallsdaneu\/wp-content\/uploads\/usu1375\/2020\/05\/iNaturalista-150x150.jpg\" alt=\"\" width=\"92\" height=\"92\" \/><\/a><\/strong><\/h5>\n<p style=\"text-align: justify;\">Avui volem explicar-vos molt breument que \u00e9s l&#8217;iNaturalist (<a href=\"https:\/\/www.inaturalist.org\/\"><span style=\"text-decoration: underline;\">web<\/span><\/a> i <span style=\"text-decoration: underline;\"><a href=\"https:\/\/play.google.com\/store\/apps\/details?id=org.inaturalist.android&amp;gl=ES\">app<\/a><\/span>) i com fer servir aquesta eina tant potent per con\u00e8ixer la natura i generar coneixement dins la comunitat cient\u00edfica. Nosaltres la fem servir molt per identificar les fotografies que ens feu arribar, especialment per als animals invertebrats.<\/p>\n<p style=\"text-align: justify;\">L&#8217;iNaturalist \u00e9s una de les apps per a m\u00f2bils m\u00e9s coneguda i utilitzada mundialment per identificar plantes, animals, fongs i altres \u00e9ssers vius. L&#8217;aplicaci\u00f3 \u00e9s un espai de comunicaci\u00f3 que connecta m\u00e9s de 40.000 persones de tot el <img loading=\"lazy\" decoding=\"async\" class=\"wp-image-10058 alignright\" src=\"https:\/\/serveiseducatius.xtec.cat\/cda-vallsdaneu\/wp-content\/uploads\/usu1375\/2020\/05\/Tutorial-inaturalist-1.png\" alt=\"\" width=\"176\" height=\"477\" srcset=\"https:\/\/serveiseducatius.xtec.cat\/cda-vallsdaneu\/wp-content\/uploads\/usu1375\/2020\/05\/Tutorial-inaturalist-1.png 528w, https:\/\/serveiseducatius.xtec.cat\/cda-vallsdaneu\/wp-content\/uploads\/usu1375\/2020\/05\/Tutorial-inaturalist-1-111x300.png 111w, https:\/\/serveiseducatius.xtec.cat\/cda-vallsdaneu\/wp-content\/uploads\/usu1375\/2020\/05\/Tutorial-inaturalist-1-378x1024.png 378w\" sizes=\"auto, (max-width: 176px) 100vw, 176px\" \/>m\u00f3n, tant cient\u00edfics experts com naturalistes aficionats. Tots ells donen suport a la recerca i ci\u00e8ncia ciutadana. \u00c9s molt f\u00e0cil i intu\u00eftiva de fer anar. Et cal, primer de tot, donar-te d&#8217;alta com a usuari (a la web o directament des de l&#8217;app al m\u00f2bil). Fet aix\u00f2, ja pots pujar les fotografies d&#8217;aquella planta o aquell animal que pretens identificar.<\/p>\n<p style=\"text-align: justify;\">Quan puges la imatge, l&#8217;has de georeferenciar, i tamb\u00e9 has de fer una proposta d&#8217;identificaci\u00f3 de l&#8217;esp\u00e8cie. Es tracta d&#8217;intentar etiquetar amb el m\u00e0xim nivell de concreci\u00f3 que s\u00e0pigues segur: si pots arribar a detallar l&#8217;esp\u00e8cie, fant\u00e0stic! Per\u00f2 si nom\u00e9s en saps el g\u00e8nere, la fam\u00edlia, l&#8217;ordre o la classe, no passa res: indiques el que s\u00e0pigues. Per fer-ho, pots fer servir els teus coneixements (si en tens pr\u00e8viament), per\u00f2 tamb\u00e9 et pots ajudar de les propostes que la pr\u00f2pia web o App et donen. L&#8217;iNaturalist analitza la teva foto i et suggereix possibles identificacions en funci\u00f3 de la similitud de la fotografia amb altres fotografies de la mateixa esp\u00e8cie, fam\u00edlia o g\u00e8nere que hi ha dins del gran cat\u00e0leg de fotografies (les que ha penjat gent de tot el m\u00f3n). Al mateix temps, la app tamb\u00e9 es fixa en la situaci\u00f3 geogr\u00e0fica de l&#8217;\u00e9sser viu de la teva foto: t\u00e9 en compte la similitud de la teva fotografia amb d&#8217;altres ess\u00e9rs vius que s&#8217;hi assemblen i que s&#8217;han vist a prop (de les altres fotos que estan penjades i classificades per la comunitat). Com que tota la identificaci\u00f3 es basa en la comparaci\u00f3 de fotografies, <strong>\u00e9s important que pengis bones fotos<\/strong> i, a poder ser, diverses per observaci\u00f3: foto general de l&#8217;\u00e9sser viu, de detall, laterals, etc. Tamb\u00e9 cal que les fotos estiguin el m\u00e9s enfocades possible i, a m\u00e9s, l&#8217;enquadrament estigui centrat en l&#8217;esp\u00e8cie que voleu identificar. Cal retallar el fons de la fotografia i fer un enquadrament estret, per a facilitar que l&#8217;iNaturalist pugui recon\u00e8ixer l&#8217;esp\u00e8cie de apareix a la foto, reduint el fons.<\/p>\n<p style=\"text-align: justify;\">Un cop feta la teva proposta, la comunitat que forma part de l&#8217;iNaturalist (que som tots) poden interessar-se per la teva fotografia i validar l&#8217;esp\u00e8cie que has proposat; o b\u00e9 proposar una identificaci\u00f3 diferent de la que tu has fet constar (en cas que considerin que t&#8217;has equivocat). A vegades, com hem comentat, no \u00e9s possible arribar a identificar l&#8217;\u00e9sser viu de la teva <img loading=\"lazy\" decoding=\"async\" class=\"alignleft wp-image-10072 \" src=\"https:\/\/serveiseducatius.xtec.cat\/cda-vallsdaneu\/wp-content\/uploads\/usu1375\/2020\/05\/Tutorial-inaturalist-2.png\" alt=\"\" width=\"197\" height=\"401\" srcset=\"https:\/\/serveiseducatius.xtec.cat\/cda-vallsdaneu\/wp-content\/uploads\/usu1375\/2020\/05\/Tutorial-inaturalist-2.png 529w, https:\/\/serveiseducatius.xtec.cat\/cda-vallsdaneu\/wp-content\/uploads\/usu1375\/2020\/05\/Tutorial-inaturalist-2-147x300.png 147w, https:\/\/serveiseducatius.xtec.cat\/cda-vallsdaneu\/wp-content\/uploads\/usu1375\/2020\/05\/Tutorial-inaturalist-2-502x1024.png 502w\" sizes=\"auto, (max-width: 197px) 100vw, 197px\" \/><img loading=\"lazy\" decoding=\"async\" class=\"alignleft wp-image-10073 \" src=\"https:\/\/serveiseducatius.xtec.cat\/cda-vallsdaneu\/wp-content\/uploads\/usu1375\/2020\/05\/Tutorial-inaturalist-3.png\" alt=\"\" width=\"196\" height=\"401\" srcset=\"https:\/\/serveiseducatius.xtec.cat\/cda-vallsdaneu\/wp-content\/uploads\/usu1375\/2020\/05\/Tutorial-inaturalist-3.png 337w, https:\/\/serveiseducatius.xtec.cat\/cda-vallsdaneu\/wp-content\/uploads\/usu1375\/2020\/05\/Tutorial-inaturalist-3-147x300.png 147w\" sizes=\"auto, (max-width: 196px) 100vw, 196px\" \/>foto a nivell d&#8217;esp\u00e8cie, per\u00f2 potser si a un nivell de taxonomia superior: g\u00e8nere o fam\u00edlia. Mica en mica, i gr\u00e0cies a la col\u00b7laboraci\u00f3 de tota la comunitat, la teva foto s&#8217;anir\u00e0 aproximant cada cop m\u00e9s a la identificaci\u00f3 correcta. Quan tres usuaris han validat\/coincidit amb la teva proposta d&#8217;identificaci\u00f3, es considera que la teva observaci\u00f3 ha passat a <em>Grau de Recerca<\/em> i que, per tant, est\u00e0 validada com a correcta per la comunitat d&#8217;iNaturalist. Tot plegat sembla m\u00e0gia per\u00f2 no ho \u00e9s! Us sorprendreu de com de lluny poden arribar a venir les identificacions de totes les esp\u00e8cies que penjareu. Concretament, aquesta setmana l&#8217;efemer\u00f2pter que surt al recull de les vostres fotografies l&#8217;ha identificat un entom\u00f2leg que \u00e9s d&#8217;Iowa, ciutat que es troba a 7.330 km de dist\u00e0ncia de Baiasca, que \u00e9s on es va observar l&#8217;animal! Us adjuntem diverses impressions de la pantalla del m\u00f2bil per a que aquest tutorial sigui m\u00e9s entenedor i sapigueu on heu de pitjar. Si proposeu la indentificaci\u00f3 des del m\u00f2bil, fins i tot la app et permet comparar de cant\u00f3 la teva fotografia amb l&#8217;esp\u00e8cie d&#8217;identificaci\u00f3 que et suggereix, de manera que \u00e9s molt m\u00e9s f\u00e0cil valorar si el que t&#8217;est\u00e0 proposant l&#8217;iNaturalist per defecte \u00e9s correcte o no.<\/p>\n<p style=\"text-align: justify;\">Compartir les teves fotografies en aquesta aplicaci\u00f3 no \u00fanicament t&#8217;ajuda individualment a tu a identificar les teves esp\u00e8cies, sin\u00f3 que tamb\u00e9 est\u00e0s posant informaci\u00f3 a disposici\u00f3 dels cient\u00edfics, augmentant el seu coneixement i, per tant, augmentant el grau de protecci\u00f3 o cura de les esp\u00e8cies. iNaturalist \u00e9s una iniciativa de <a href=\"https:\/\/www.calacademy.org\/\">l&#8217;Acad\u00e8mia de Ci\u00e8ncies de Calif\u00f2rnia<\/a> i de la <a href=\"https:\/\/www.nationalgeographic.org\/\">Societat de National Geographic.\u00a0<\/a><\/p>\n<h5><strong>Les esp\u00e8cies d&#8217;aquesta setmana<\/strong><\/h5>\n<p style=\"text-align: justify;\">Aquesta setmana hem rebut les fotografies que us detallem a continuaci\u00f3. Al final de la llista tamb\u00e9 us enllacem l&#8217;\u00e0lbum on les podeu visualitzar i comentar.<\/p>\n<ol>\n<li style=\"text-align: justify;\"><b>Escarabat butllofer (cuca papera, cuca vinadera, cuca verinosa) <\/b>(<em>Berberomeloe majalis<\/em>). Yasmin Andrea T. 1r ESO. IE Mare de D\u00e9u del Portal (Batea).<\/li>\n<li style=\"text-align: justify;\"><strong style=\"font-family: inherit; font-size: 1em;\">Arna <\/strong><span style=\"font-family: inherit; font-size: 1em;\">(<em>Scopula ornata). <\/em>Matilda <\/span><span style=\"font-family: inherit; font-size: 1em;\">R.V. 6\u00e8. ESC Montsent de Pallars (Rialp).<\/span><\/li>\n<li style=\"text-align: justify;\"><span style=\"font-family: inherit; font-size: 1em;\"><b>Gripau com\u00fa <\/b>(<em>Bufo bufo<\/em>). Ona C.B. 2n. ESC <\/span><span style=\"font-family: inherit; font-size: 1em;\">Pau Casals de Gr\u00e0cia (Barcelona).<\/span><\/li>\n<li><strong>Escorxador mascle<\/strong> (<em>Lanius collurio<\/em>). Bru E.B. 4t. ESC La Closa (Esterri d&#8217;\u00c0neu).<\/li>\n<li><strong>Llimac negre<\/strong> (<em>Arion ater<\/em>). M\u00edriam O. 3r. ESC La Closa (Esterri d&#8217;\u00c0neu).<\/li>\n<li><strong>Aranya<\/strong> (<em>Pardosa sp.<\/em>, pendent de confirmaci\u00f3). Biel i Nil O.G. 2n i P5. ESC Els Raiers (La Pobla de Segur).<\/li>\n<li><strong>Eruga de papallona reina<\/strong> (<em>Papilio machaon<\/em>). Vinyet P.B. 6\u00e8. ESC Valldeflors (Tremp).<\/li>\n<li><strong>D\u00edpter<\/strong> (insecte de l&#8217;ordre dels D\u00edpters). Miquel Angel F. 6\u00e8. ESC Salvador Espriu (Vallfogona de Balaguer).<\/li>\n<li><strong>Gran pa\u00f3 de nit<\/strong> (<em>Saturnia pyri<\/em>). Arnau S. 6\u00e8. ESC Valldeflors (Tremp).<\/li>\n<li><strong>Eruga de papallona<\/strong> (Ordre Lepid\u00f2pters. Superfam\u00edlia Papilionoideus. Fam\u00edlia Nimf\u00e0lids. Subfam\u00edlia Satir\u00ednids.) Gaia E.B. 6\u00e8. ESC La Closa (Esterri d&#8217;\u00c0neu).<\/li>\n<li><strong>Papallona Bruna boscana<\/strong> (<em>Pararge aegeria<\/em>). Guiu R.B. 2n. ESC Edumar (Castelldefels).<\/li>\n<li><strong>Sabater d&#8217;aigua <\/strong>(<span style=\"font-family: inherit; font-size: 1em;\">Insecte del subordre dels Heter\u00f2pters, Fam\u00edlia G\u00e8rrids)<\/span>. Roc R.B. 2n. ESC Edumar (Castelldefels).<\/li>\n<li><strong>Mallerenga petita<\/strong>\u00a0(<em>Parus ater)<\/em>. \u00c0lex B. 5\u00e8.\u00a0 ESC T\u00edrvia (T\u00edrvia). La mallerenga est\u00e0 estirant una fibra d&#8217;un ninot de peluix per a fer-se el niu.<\/li>\n<li><strong>Efemer\u00f2pter adult<\/strong> (<em>Rhithrogena sp.<\/em>). Iris F.V. 2n. ESC Llavors\u00ed (Llavors\u00ed). Foto feta a Baiasca.<\/li>\n<li><strong>Cuereta cuablanca comuna<\/strong> (<em>Motacilla alba<\/em>). Al\u00e8xia E.R. 3r ESO. INS Morell\u00f3 (Esterri d&#8217;\u00c0neu). Foto feta a Alins.<\/li>\n<\/ol>\n<p>Si cliqueu sobre aquesta composici\u00f3 de les fotografies que hem fet, se us obrir\u00e0 l&#8217;\u00e0lbum amb totes les fotografies:<\/p>\n<p><a href=\"https:\/\/photos.app.goo.gl\/omj1GjmUjdPj7S1h6\"><img loading=\"lazy\" decoding=\"async\" class=\"alignright size-large wp-image-10026\" src=\"https:\/\/serveiseducatius.xtec.cat\/cda-vallsdaneu\/wp-content\/uploads\/usu1375\/2020\/05\/composici\u00f3-article-1024x1024.jpg\" alt=\"\" width=\"1024\" height=\"1024\" srcset=\"https:\/\/serveiseducatius.xtec.cat\/cda-vallsdaneu\/wp-content\/uploads\/usu1375\/2020\/05\/composici\u00f3-article-1024x1024.jpg 1024w, https:\/\/serveiseducatius.xtec.cat\/cda-vallsdaneu\/wp-content\/uploads\/usu1375\/2020\/05\/composici\u00f3-article-150x150.jpg 150w, https:\/\/serveiseducatius.xtec.cat\/cda-vallsdaneu\/wp-content\/uploads\/usu1375\/2020\/05\/composici\u00f3-article-300x300.jpg 300w, https:\/\/serveiseducatius.xtec.cat\/cda-vallsdaneu\/wp-content\/uploads\/usu1375\/2020\/05\/composici\u00f3-article-768x768.jpg 768w, https:\/\/serveiseducatius.xtec.cat\/cda-vallsdaneu\/wp-content\/uploads\/usu1375\/2020\/05\/composici\u00f3-article.jpg 1835w\" sizes=\"auto, (max-width: 1024px) 100vw, 1024px\" \/><\/a><\/p>\n<p>&nbsp;<\/p>\n<p>Si no podeu visualitzar correctament les fotografies cliqueu <a href=\"https:\/\/photos.app.goo.gl\/omj1GjmUjdPj7S1h6\"><span style=\"text-decoration: underline;\"><strong>l&#8217;enlla\u00e7<\/strong><\/span><\/a> per accedir a l&#8217;\u00e0lbum.<\/p>\n<h5><strong>Doneu-nos detalls sobre les vostres fotografies<\/strong><\/h5>\n<p style=\"text-align: justify;\">Molts d&#8217;aquests animals reben noms diferents en funci\u00f3 de la zona de Catalunya on visqueu. Si us plau, digueu-nos com els hi dieu a l&#8217;apartat de comentaris. A m\u00e9s, si els fot\u00f2grafs ens voleu donar m\u00e9s detalls de com i on vau fer les fotos, expliqueu-nos-ho tamb\u00e9 als comentaris d&#8217;aquest article. Ser\u00e0 interessant saber com vau descobrir els animals i com us ho vau fer per a fotografiar-los.<\/p>\n<h5><strong>Seguiu participant!<\/strong><\/h5>\n<p style=\"text-align: justify;\">Recordeu: seguiu enviant-nos fotos dels animals que veieu des de la finestra des de qualsevol poble de Catalunya a <a href=\"mailto:cda-vallsdaneu@xtec.cat\">cda-vallsdaneu@xtec.cat<\/a> (salvatges, els dom\u00e8stics no els publicarem). Les fotos han d&#8217;haver-se fet dins del per\u00edode de confinament, des del 13 de mar\u00e7 del 2020. A finals del mes de maig sortejarem un altre buff del Camp d\u2019Aprenentatge entre tots els que hagueu participat.<\/p>\n<p style=\"text-align: justify;\"><strong><em>Termini per enviar-les:<\/em> <\/strong>Fins dijous de cada setmana. Les fotos enviades el mateix divendres es publicaran el divendres seg\u00fcent, ja que necessitem una mica de temps per a classificar-les i editar-les.<\/p>\n","protected":false},"excerpt":{"rendered":"<p>Hola alumnes confiNATS i desconfiNATS de Catalunya! Avui s\u2019acaba la tercera setmana de maig, de manera que publiquem les fotos [&hellip;]<\/p>\n","protected":false},"author":1,"featured_media":10026,"comment_status":"open","ping_status":"closed","sticky":false,"template":"","format":"standard","meta":{"_bbp_topic_count":0,"_bbp_reply_count":0,"_bbp_total_topic_count":0,"_bbp_total_reply_count":0,"_bbp_voice_count":0,"_bbp_anonymous_reply_count":0,"_bbp_topic_count_hidden":0,"_bbp_reply_count_hidden":0,"_bbp_forum_subforum_count":0,"site-sidebar-layout":"default","site-content-layout":"","ast-site-content-layout":"","site-content-style":"default","site-sidebar-style":"default","ast-global-header-display":"","ast-banner-title-visibility":"","ast-main-header-display":"","ast-hfb-above-header-display":"","ast-hfb-below-header-display":"","ast-hfb-mobile-header-display":"","site-post-title":"","ast-breadcrumbs-content":"","ast-featured-img":"","footer-sml-layout":"","theme-transparent-header-meta":"","adv-header-id-meta":"","stick-header-meta":"","header-above-stick-meta":"","header-main-stick-meta":"","header-below-stick-meta":"","astra-migrate-meta-layouts":"default","ast-page-background-enabled":"default","ast-page-background-meta":{"desktop":{"background-color":"var(--ast-global-color-4)","background-image":"","background-repeat":"repeat","background-position":"center center","background-size":"auto","background-attachment":"scroll","background-type":"","background-media":"","overlay-type":"","overlay-color":"","overlay-opacity":"","overlay-gradient":""},"tablet":{"background-color":"","background-image":"","background-repeat":"repeat","background-position":"center center","background-size":"auto","background-attachment":"scroll","background-type":"","background-media":"","overlay-type":"","overlay-color":"","overlay-opacity":"","overlay-gradient":""},"mobile":{"background-color":"","background-image":"","background-repeat":"repeat","background-position":"center center","background-size":"auto","background-attachment":"scroll","background-type":"","background-media":"","overlay-type":"","overlay-color":"","overlay-opacity":"","overlay-gradient":""}},"ast-content-background-meta":{"desktop":{"background-color":"var(--ast-global-color-5)","background-image":"","background-repeat":"repeat","background-position":"center center","background-size":"auto","background-attachment":"scroll","background-type":"","background-media":"","overlay-type":"","overlay-color":"","overlay-opacity":"","overlay-gradient":""},"tablet":{"background-color":"var(--ast-global-color-5)","background-image":"","background-repeat":"repeat","background-position":"center center","background-size":"auto","background-attachment":"scroll","background-type":"","background-media":"","overlay-type":"","overlay-color":"","overlay-opacity":"","overlay-gradient":""},"mobile":{"background-color":"var(--ast-global-color-5)","background-image":"","background-repeat":"repeat","background-position":"center center","background-size":"auto","background-attachment":"scroll","background-type":"","background-media":"","overlay-type":"","overlay-color":"","overlay-opacity":"","overlay-gradient":""}},"footnotes":""},"categories":[354,356,287,1,355,29],"tags":[],"class_list":["post-10017","post","type-post","status-publish","format-standard","has-post-thumbnail","hentry","category-ambprismaticsalterrat","category-joemquedoacasa","category-fauna-salvatge","category-general","category-observacions-naturalistes","category-portada"],"post_mailing_queue_ids":[],"_links":{"self":[{"href":"https:\/\/serveiseducatius.xtec.cat\/cda-vallsdaneu\/wp-json\/wp\/v2\/posts\/10017","targetHints":{"allow":["GET"]}}],"collection":[{"href":"https:\/\/serveiseducatius.xtec.cat\/cda-vallsdaneu\/wp-json\/wp\/v2\/posts"}],"about":[{"href":"https:\/\/serveiseducatius.xtec.cat\/cda-vallsdaneu\/wp-json\/wp\/v2\/types\/post"}],"author":[{"embeddable":true,"href":"https:\/\/serveiseducatius.xtec.cat\/cda-vallsdaneu\/wp-json\/wp\/v2\/users\/1"}],"replies":[{"embeddable":true,"href":"https:\/\/serveiseducatius.xtec.cat\/cda-vallsdaneu\/wp-json\/wp\/v2\/comments?post=10017"}],"version-history":[{"count":3,"href":"https:\/\/serveiseducatius.xtec.cat\/cda-vallsdaneu\/wp-json\/wp\/v2\/posts\/10017\/revisions"}],"predecessor-version":[{"id":10099,"href":"https:\/\/serveiseducatius.xtec.cat\/cda-vallsdaneu\/wp-json\/wp\/v2\/posts\/10017\/revisions\/10099"}],"wp:featuredmedia":[{"embeddable":true,"href":"https:\/\/serveiseducatius.xtec.cat\/cda-vallsdaneu\/wp-json\/wp\/v2\/media\/10026"}],"wp:attachment":[{"href":"https:\/\/serveiseducatius.xtec.cat\/cda-vallsdaneu\/wp-json\/wp\/v2\/media?parent=10017"}],"wp:term":[{"taxonomy":"category","embeddable":true,"href":"https:\/\/serveiseducatius.xtec.cat\/cda-vallsdaneu\/wp-json\/wp\/v2\/categories?post=10017"},{"taxonomy":"post_tag","embeddable":true,"href":"https:\/\/serveiseducatius.xtec.cat\/cda-vallsdaneu\/wp-json\/wp\/v2\/tags?post=10017"}],"curies":[{"name":"wp","href":"https:\/\/api.w.org\/{rel}","templated":true}]}}