{"id":9828,"date":"2022-09-12T10:17:21","date_gmt":"2022-09-12T08:17:21","guid":{"rendered":"https:\/\/serveiseducatius.xtec.cat\/cda-valldeboi\/?p=9828"},"modified":"2022-09-12T13:06:05","modified_gmt":"2022-09-12T11:06:05","slug":"curs-de-formacio-per-a-professorat-el-parc-nacional-daiguestortes-i-estany-de-sant-maurici-una-caixa-deines-didactiques","status":"publish","type":"post","link":"https:\/\/serveiseducatius.xtec.cat\/cda-valldeboi\/general\/curs-de-formacio-per-a-professorat-el-parc-nacional-daiguestortes-i-estany-de-sant-maurici-una-caixa-deines-didactiques\/","title":{"rendered":"Curs de formaci\u00f3 per a professorat: El Parc Nacional d&#8217;Aig\u00fcestortes i Estany de Sant Maurici. Una caixa d&#8217;eines did\u00e0ctiques"},"content":{"rendered":"<p>Despr\u00e9s d\u2019unes bones vacances, al Camp d\u2019Aprenentatge de La Vall de Bo\u00ed iniciem nou curs plens d\u2019energia!<\/p>\n<p>Per comen\u00e7ar un proposem un curs de 30h adre\u00e7at a tot el professorat que pret\u00e9n donar a con\u00e8ixer el Parc Nacional d\u2019Aig\u00fcestortes i Estany de Sant Maurici i alguns recursos pedag\u00f2gics per treballar el Parc Nacional a l\u2019aula. Es realitzaran quatre sortides a camp per con\u00e8ixer diferents indrets del Parc i es complementar\u00e0 amb un treball individual que consistir\u00e0 en el disseny d\u2019una activitat did\u00e0ctica per treballar el Parc Nacional a l\u2019aula. Durant la majoria de sortides passarem tot el dia al Parc de manera que haureu de preveure portar dinar de p\u00edcnic.<\/p>\n<p>A continuaci\u00f3 detallem el contingut de les quatre sortides que realitzarem durant els mesos d\u2019octubre i novembre:<\/p>\n<p><strong>\u2022 Sessi\u00f3 1: Aig\u00fcestortes: un nou territori per a l\u2019\u00f3s bru?<\/strong><br \/>\nDissabte, 1 d\u2019octubre del 2022<br \/>\nL\u2019objectiu d\u2019aquesta sortida \u00e9s mostrar com utilitzar una tem\u00e0tica atractiva per als alumnes per donar a con\u00e8ixer els aspectes m\u00e9s rellevants dels ecosistemes d\u2019alta muntanya. Indagant sobre si Aig\u00fcestortes \u00e9s un bon lloc per a que hi visqui l\u2019\u00f3s bru aprenem les principals caracter\u00edstiques de l&#8217;h\u00e0bitat i la fauna i flora associada. Aquesta sessi\u00f3 es realitzar\u00e0 a la Vall de Bo\u00ed.<\/p>\n<p><strong>\u2022 Sessi\u00f3 2: Contacontes i llegendes dels Pirineus<\/strong><br \/>\nDissabte, 15 d\u2019octubre de 2022<br \/>\nAl llarg d&#8217;aquesta activitat caminarem al ritme de les llegendes que envolten la Vall Fosca i els Pirineus en general. A l\u2019hora, descobrirem les possibilitats did\u00e0ctiques dels contes com a recurs pedag\u00f2gic. Activitat guiada per Roger Gras, t\u00e8cnic de mitja muntanya i guia interpretador del Parc Nacional.<\/p>\n<p><strong>\u2022 Sessi\u00f3 3: Els primers habitants del Parc Nacional<\/strong><br \/>\nDissabte, 22 d\u2019octubre de 2022<br \/>\nDurant aquesta sessi\u00f3 visitarem un jaciment arqueol\u00f2gic del Parc Nacional i coneixerem qui eren i com vivien els primers pobladors del Parc Nacional. Activitat guiada per Ermengol Gassiot (Grup d\u2019Arqueologia de l\u2019Alta Muntanya de la UAB).<\/p>\n<p><strong>\u2022 Sessi\u00f3 4: La Vall d\u2019\u00c0ssua, terra de pastors i de bruixes<\/strong><br \/>\nDissabte, 5 de novembre de 2022<br \/>\nSortida de senderisme interpretatiu. Coneixerem l&#8217;ofici de pastor, la import\u00e0ncia ramadera de la Vall d&#8217;\u00c0ssua i farem un taller de feltre. A m\u00e9s a m\u00e9s, descobrirem una vall d&#8217;\u00c0ssua femenina i plena de bruixes i observarem algunes de les plantes que utilitzaven aquestes dones s\u00e0vies i les seves propietats. Activitat guiada per Maria Pou, t\u00e8cnica de l&#8217;Ecomuseu de les Valls d`\u00c0neu del PNAESM.<\/p>\n<p>Esperem que desperti el vostre inter\u00e8s. Recordeu que us podeu inscriure fins al 25 de novembre. Us esperem!<\/p>\n<p><strong>Inscripcions<\/strong> a <a href=\"https:\/\/xtec.gencat.cat\/ca\/formacio\/info-general\/cercador-activitats\/\" target=\"_blank\" rel=\"noopener\">https:\/\/xtec.gencat.cat\/ca\/formacio\/info-general\/cercador-activitats\/<\/a> amb el codi d&#8217;activitat <strong>6141061614<\/strong><\/p>\n<p><a href=\"https:\/\/serveiseducatius.xtec.cat\/cda-valldeboi\/wp-content\/uploads\/usu1369\/2022\/09\/cursAT2022_petita-1-scaled.jpg\"><img loading=\"lazy\" decoding=\"async\" class=\"alignnone wp-image-9844\" src=\"https:\/\/serveiseducatius.xtec.cat\/cda-valldeboi\/wp-content\/uploads\/usu1369\/2022\/09\/cursAT2022_petita-1-724x1024.jpg\" alt=\"\" width=\"484\" height=\"685\" \/><\/a><\/p>\n","protected":false},"excerpt":{"rendered":"<p>Despr\u00e9s d\u2019unes bones vacances, al Camp d\u2019Aprenentatge de La Vall de Bo\u00ed iniciem nou curs plens d\u2019energia! Per comen\u00e7ar un [&hellip;]<\/p>\n","protected":false},"author":1,"featured_media":9847,"comment_status":"open","ping_status":"closed","sticky":false,"template":"","format":"standard","meta":{"site-sidebar-layout":"default","site-content-layout":"","ast-site-content-layout":"","site-content-style":"default","site-sidebar-style":"default","ast-global-header-display":"","ast-banner-title-visibility":"","ast-main-header-display":"","ast-hfb-above-header-display":"","ast-hfb-below-header-display":"","ast-hfb-mobile-header-display":"","site-post-title":"","ast-breadcrumbs-content":"","ast-featured-img":"","footer-sml-layout":"","theme-transparent-header-meta":"","adv-header-id-meta":"","stick-header-meta":"","header-above-stick-meta":"","header-main-stick-meta":"","header-below-stick-meta":"","astra-migrate-meta-layouts":"default","ast-page-background-enabled":"default","ast-page-background-meta":{"desktop":{"background-color":"var(--ast-global-color-4)","background-image":"","background-repeat":"repeat","background-position":"center center","background-size":"auto","background-attachment":"scroll","background-type":"","background-media":"","overlay-type":"","overlay-color":"","overlay-opacity":"","overlay-gradient":""},"tablet":{"background-color":"","background-image":"","background-repeat":"repeat","background-position":"center center","background-size":"auto","background-attachment":"scroll","background-type":"","background-media":"","overlay-type":"","overlay-color":"","overlay-opacity":"","overlay-gradient":""},"mobile":{"background-color":"","background-image":"","background-repeat":"repeat","background-position":"center center","background-size":"auto","background-attachment":"scroll","background-type":"","background-media":"","overlay-type":"","overlay-color":"","overlay-opacity":"","overlay-gradient":""}},"ast-content-background-meta":{"desktop":{"background-color":"var(--ast-global-color-5)","background-image":"","background-repeat":"repeat","background-position":"center center","background-size":"auto","background-attachment":"scroll","background-type":"","background-media":"","overlay-type":"","overlay-color":"","overlay-opacity":"","overlay-gradient":""},"tablet":{"background-color":"var(--ast-global-color-5)","background-image":"","background-repeat":"repeat","background-position":"center center","background-size":"auto","background-attachment":"scroll","background-type":"","background-media":"","overlay-type":"","overlay-color":"","overlay-opacity":"","overlay-gradient":""},"mobile":{"background-color":"var(--ast-global-color-5)","background-image":"","background-repeat":"repeat","background-position":"center center","background-size":"auto","background-attachment":"scroll","background-type":"","background-media":"","overlay-type":"","overlay-color":"","overlay-opacity":"","overlay-gradient":""}},"footnotes":""},"categories":[262,342,339,1,29],"tags":[],"class_list":["post-9828","post","type-post","status-publish","format-standard","has-post-thumbnail","hentry","category-activitats","category-aprendreambelscampsientorns","category-aprenemambelscampsientorns","category-general","category-portada"],"post_mailing_queue_ids":[],"_links":{"self":[{"href":"https:\/\/serveiseducatius.xtec.cat\/cda-valldeboi\/wp-json\/wp\/v2\/posts\/9828","targetHints":{"allow":["GET"]}}],"collection":[{"href":"https:\/\/serveiseducatius.xtec.cat\/cda-valldeboi\/wp-json\/wp\/v2\/posts"}],"about":[{"href":"https:\/\/serveiseducatius.xtec.cat\/cda-valldeboi\/wp-json\/wp\/v2\/types\/post"}],"author":[{"embeddable":true,"href":"https:\/\/serveiseducatius.xtec.cat\/cda-valldeboi\/wp-json\/wp\/v2\/users\/1"}],"replies":[{"embeddable":true,"href":"https:\/\/serveiseducatius.xtec.cat\/cda-valldeboi\/wp-json\/wp\/v2\/comments?post=9828"}],"version-history":[{"count":3,"href":"https:\/\/serveiseducatius.xtec.cat\/cda-valldeboi\/wp-json\/wp\/v2\/posts\/9828\/revisions"}],"predecessor-version":[{"id":9845,"href":"https:\/\/serveiseducatius.xtec.cat\/cda-valldeboi\/wp-json\/wp\/v2\/posts\/9828\/revisions\/9845"}],"wp:featuredmedia":[{"embeddable":true,"href":"https:\/\/serveiseducatius.xtec.cat\/cda-valldeboi\/wp-json\/wp\/v2\/media\/9847"}],"wp:attachment":[{"href":"https:\/\/serveiseducatius.xtec.cat\/cda-valldeboi\/wp-json\/wp\/v2\/media?parent=9828"}],"wp:term":[{"taxonomy":"category","embeddable":true,"href":"https:\/\/serveiseducatius.xtec.cat\/cda-valldeboi\/wp-json\/wp\/v2\/categories?post=9828"},{"taxonomy":"post_tag","embeddable":true,"href":"https:\/\/serveiseducatius.xtec.cat\/cda-valldeboi\/wp-json\/wp\/v2\/tags?post=9828"}],"curies":[{"name":"wp","href":"https:\/\/api.w.org\/{rel}","templated":true}]}}