{"id":9023,"date":"2018-01-17T12:22:00","date_gmt":"2018-01-17T11:22:00","guid":{"rendered":"http:\/\/serveiseducatius.xtec.cat\/cda-valldeboi\/?p=9023"},"modified":"2018-01-17T12:51:00","modified_gmt":"2018-01-17T11:51:00","slug":"ultims-dies-per-inscriuret-al-curs-de-formacio-sobre-el-territori-de-los-bru","status":"publish","type":"post","link":"https:\/\/serveiseducatius.xtec.cat\/cda-valldeboi\/general\/ultims-dies-per-inscriuret-al-curs-de-formacio-sobre-el-territori-de-los-bru\/","title":{"rendered":"\u00daltims dies per inscriure&#8217;t al curs de formaci\u00f3 sobre el territori de l&#8217;\u00f3s bru"},"content":{"rendered":"<p style=\"text-align: left;\">Ets professor\/a i vols con\u00e8ixer el territori de l&#8217;\u00f3s i quins recursos did\u00e0ctics hi ha disponibles per treballar l&#8217;entorn natural i social en base a aquest animal? El Camp d&#8217;Aprenentatge de la Vall de Bo\u00ed conjuntament amb el Centre de Recursos Pedag\u00f2gics de l&#8217;Alta Ribagor\u00e7a hem organitzat el curs de formaci\u00f3 per a professorat<strong> &#8220;Recursos did\u00e0ctics per al coneixement de la fauna i la flora del territori de l&#8217;\u00f3s bru&#8221;.<\/strong><\/p>\n<p><a href=\"http:\/\/serveiseducatius.xtec.cat\/cda-valldeboi\/wp-content\/uploads\/usu1369\/2018\/01\/Rovinets-29-04-2014-Caramellita-PS-12.jpg\"><img loading=\"lazy\" decoding=\"async\" class=\"aligncenter wp-image-9024 size-large\" src=\"http:\/\/serveiseducatius.xtec.cat\/cda-valldeboi\/wp-content\/uploads\/usu1369\/2018\/01\/Rovinets-29-04-2014-Caramellita-PS-12-1024x768.jpg\" alt=\"\" width=\"1024\" height=\"768\" srcset=\"https:\/\/serveiseducatius.xtec.cat\/cda-valldeboi\/wp-content\/uploads\/usu1369\/2018\/01\/Rovinets-29-04-2014-Caramellita-PS-12-1024x768.jpg 1024w, https:\/\/serveiseducatius.xtec.cat\/cda-valldeboi\/wp-content\/uploads\/usu1369\/2018\/01\/Rovinets-29-04-2014-Caramellita-PS-12-300x225.jpg 300w, https:\/\/serveiseducatius.xtec.cat\/cda-valldeboi\/wp-content\/uploads\/usu1369\/2018\/01\/Rovinets-29-04-2014-Caramellita-PS-12-768x576.jpg 768w, https:\/\/serveiseducatius.xtec.cat\/cda-valldeboi\/wp-content\/uploads\/usu1369\/2018\/01\/Rovinets-29-04-2014-Caramellita-PS-12-200x150.jpg 200w, https:\/\/serveiseducatius.xtec.cat\/cda-valldeboi\/wp-content\/uploads\/usu1369\/2018\/01\/Rovinets-29-04-2014-Caramellita-PS-12.jpg 2048w\" sizes=\"auto, (max-width: 1024px) 100vw, 1024px\" \/><\/a><\/p>\n<p><em>El Pirineu Occidental \u00e9s territori d&#8217;\u00f3s. Aquesta esp\u00e8cie emblem\u00e0tica, s&#8217;exting\u00ed als anys 80 i actualment s&#8217;est\u00e0 fent un gran esfor\u00e7 per la seva reintroducci\u00f3 i conservaci\u00f3. La conservaci\u00f3 de l\u2019\u00f3s \u00e9s molt important perqu\u00e8 \u00e9s una esp\u00e8cie &#8220;paraigua&#8221;, \u00e9s a dir, que els seus requeriments d\u2019espai s\u00f3n prou amplis com per garantir tamb\u00e9 la preservaci\u00f3 d\u2019altres esp\u00e8cies si s\u2019apliquen mesures fermes de millora de l\u2019h\u00e0bitat. A nivell pedag\u00f2gic, l&#8217;\u00f3s bru ens pot permetre treballar les mat\u00e8ries de medi natural i social de l\u2019educaci\u00f3 prim\u00e0ria i secund\u00e0ria a trav\u00e9s d\u2019una mirada ambiental al Pirineu i tots els seus habitants. Aquest curs pret\u00e9n donar a con\u00e8ixer l&#8217;h\u00e0bitat de l&#8217;\u00f3s bru i donar a con\u00e8ixer els recursos did\u00e0ctics disponibles per treballar-lo a l&#8217;escola.<\/em><\/p>\n<p><strong>Inscripcions:<\/strong> fins al dia 19 de gener a trav\u00e9s del portal <a href=\"http:\/\/odissea.xtec.cat\/\" target=\"_blank\" rel=\"noopener noreferrer\">Odissea<\/a><\/p>\n<p style=\"text-align: left;\"><strong>Calendari i contingut:<\/strong><\/p>\n<p><strong>Divendres 13 d&#8217;abril:<\/strong> Presentaci\u00f3 al CdA Vall de Bo\u00ed (Barruera) de la proposta did\u00e0ctica per a CM i CS d&#8217;educaci\u00f3 prim\u00e0ria elaborada en el marc del <a href=\"http:\/\/piroslife.cat\/\" target=\"_blank\" rel=\"noopener noreferrer\">Projecte PirosLife.<\/a><\/p>\n<p style=\"padding-left: 30px;\">El Projecte PirosLIFE Catalunya s\u2019enquadra als programes Life-Natura, i t\u00e9 com a objectiu consolidar el futur de l\u2019\u00f3s bru als Pirineus en un marc de di\u00e0leg amb el territori. L\u2019educaci\u00f3 ambiental \u00e9s un eix b\u00e0sic d\u2019actuaci\u00f3 del projecte per sensibilitzar a la ciutadania en relaci\u00f3 amb els valors que ens aporten els ecosistemes, facilitar el suport social a la conservaci\u00f3 de l\u2019os i, especialment, aconseguir la seva implicaci\u00f3. La <a href=\"https:\/\/sites.google.com\/site\/piroslife\/\" target=\"_blank\" rel=\"noopener noreferrer\">part educativa del projecte PirosLIFE<\/a> \u00e9s una proposta adre\u00e7ada a les escoles de tota Catalunya amb la finalitat que els nens i les nenes desenvolupin l\u2019esperit cr\u00edtic i la sensibilitat en relaci\u00f3 a la natura i, a la vegada, que siguin ells mateixos els educadors dels seus pares i mares.<\/p>\n<p><strong>Dissabte 14 d&#8217;abril:<\/strong> sortida a la vall de Barrad\u00f3s, territori de l\u00b4\u00f3s a la Vall d&#8217;Aran.<\/p>\n<p style=\"padding-left: 30px;\">Farem una sortida per la Vall de Barrad\u00f3s, territori altament freq\u00fcentat per l&#8217;\u00f3s bru, acompanyats de representant de l&#8217;equip t\u00e8cnic de seguiment de l&#8217;\u00f3s a la Vall d&#8217;Aran. Treballarem la vegetaci\u00f3 i la fauna associades a l&#8217;h\u00e0bitat de l&#8217;\u00f3s bru, la biologia i comportament social d&#8217;aquesta esp\u00e8cie i descobrirem quines accions de conservaci\u00f3 d&#8217;aquesta esp\u00e8cie s&#8217;estan duent a terme a la Vall d&#8217;Aran.<\/p>\n<p><strong>Dissabte 5 de maig<\/strong>: sortida a l&#8217;Alt \u00c0neu, territori de l&#8217;\u00f3s al Pallars Sobir\u00e0.<\/p>\n<p style=\"padding-left: 30px;\">Farem una visita a la Casa de l&#8217;\u00d3s Bru dels Pirineus, el centre d\u2019interpretaci\u00f3 dedicat a l\u2019\u00f3s bru i a la seva relaci\u00f3 amb les persones a Isil, i farem una passejada pels boscos de Bonab\u00e9, per descobrir com es fa el seguiment de l\u2019\u00f3s bru i fer la revisi\u00f3 d\u2019alguns paranys fotogr\u00e0fic i de p\u00e8l. A la tarda, un t\u00e8cnic del projecte Piroslife ens explicar\u00e0 aspectes de la conviv\u00e8ncia amb l&#8217;\u00f3s, concretament quines s\u00f3n les accions que es duen a terme per compatibilitzar la gesti\u00f3 de l\u2019os bru amb el manteniment de l\u2019activitat ramadera a la comarca.<\/p>\n<p>Us animem a participar-hi!<\/p>\n","protected":false},"excerpt":{"rendered":"<p>Ets professor\/a i vols con\u00e8ixer el territori de l&#8217;\u00f3s i quins recursos did\u00e0ctics hi ha disponibles per treballar l&#8217;entorn natural [&hellip;]<\/p>\n","protected":false},"author":1,"featured_media":9024,"comment_status":"open","ping_status":"closed","sticky":false,"template":"","format":"standard","meta":{"site-sidebar-layout":"default","site-content-layout":"","ast-site-content-layout":"","site-content-style":"default","site-sidebar-style":"default","ast-global-header-display":"","ast-banner-title-visibility":"","ast-main-header-display":"","ast-hfb-above-header-display":"","ast-hfb-below-header-display":"","ast-hfb-mobile-header-display":"","site-post-title":"","ast-breadcrumbs-content":"","ast-featured-img":"","footer-sml-layout":"","theme-transparent-header-meta":"","adv-header-id-meta":"","stick-header-meta":"","header-above-stick-meta":"","header-main-stick-meta":"","header-below-stick-meta":"","astra-migrate-meta-layouts":"default","ast-page-background-enabled":"default","ast-page-background-meta":{"desktop":{"background-color":"var(--ast-global-color-4)","background-image":"","background-repeat":"repeat","background-position":"center center","background-size":"auto","background-attachment":"scroll","background-type":"","background-media":"","overlay-type":"","overlay-color":"","overlay-opacity":"","overlay-gradient":""},"tablet":{"background-color":"","background-image":"","background-repeat":"repeat","background-position":"center center","background-size":"auto","background-attachment":"scroll","background-type":"","background-media":"","overlay-type":"","overlay-color":"","overlay-opacity":"","overlay-gradient":""},"mobile":{"background-color":"","background-image":"","background-repeat":"repeat","background-position":"center center","background-size":"auto","background-attachment":"scroll","background-type":"","background-media":"","overlay-type":"","overlay-color":"","overlay-opacity":"","overlay-gradient":""}},"ast-content-background-meta":{"desktop":{"background-color":"var(--ast-global-color-5)","background-image":"","background-repeat":"repeat","background-position":"center center","background-size":"auto","background-attachment":"scroll","background-type":"","background-media":"","overlay-type":"","overlay-color":"","overlay-opacity":"","overlay-gradient":""},"tablet":{"background-color":"var(--ast-global-color-5)","background-image":"","background-repeat":"repeat","background-position":"center center","background-size":"auto","background-attachment":"scroll","background-type":"","background-media":"","overlay-type":"","overlay-color":"","overlay-opacity":"","overlay-gradient":""},"mobile":{"background-color":"var(--ast-global-color-5)","background-image":"","background-repeat":"repeat","background-position":"center center","background-size":"auto","background-attachment":"scroll","background-type":"","background-media":"","overlay-type":"","overlay-color":"","overlay-opacity":"","overlay-gradient":""}},"footnotes":""},"categories":[1,29],"tags":[],"class_list":["post-9023","post","type-post","status-publish","format-standard","has-post-thumbnail","hentry","category-general","category-portada"],"post_mailing_queue_ids":[],"_links":{"self":[{"href":"https:\/\/serveiseducatius.xtec.cat\/cda-valldeboi\/wp-json\/wp\/v2\/posts\/9023","targetHints":{"allow":["GET"]}}],"collection":[{"href":"https:\/\/serveiseducatius.xtec.cat\/cda-valldeboi\/wp-json\/wp\/v2\/posts"}],"about":[{"href":"https:\/\/serveiseducatius.xtec.cat\/cda-valldeboi\/wp-json\/wp\/v2\/types\/post"}],"author":[{"embeddable":true,"href":"https:\/\/serveiseducatius.xtec.cat\/cda-valldeboi\/wp-json\/wp\/v2\/users\/1"}],"replies":[{"embeddable":true,"href":"https:\/\/serveiseducatius.xtec.cat\/cda-valldeboi\/wp-json\/wp\/v2\/comments?post=9023"}],"version-history":[{"count":2,"href":"https:\/\/serveiseducatius.xtec.cat\/cda-valldeboi\/wp-json\/wp\/v2\/posts\/9023\/revisions"}],"predecessor-version":[{"id":9026,"href":"https:\/\/serveiseducatius.xtec.cat\/cda-valldeboi\/wp-json\/wp\/v2\/posts\/9023\/revisions\/9026"}],"wp:featuredmedia":[{"embeddable":true,"href":"https:\/\/serveiseducatius.xtec.cat\/cda-valldeboi\/wp-json\/wp\/v2\/media\/9024"}],"wp:attachment":[{"href":"https:\/\/serveiseducatius.xtec.cat\/cda-valldeboi\/wp-json\/wp\/v2\/media?parent=9023"}],"wp:term":[{"taxonomy":"category","embeddable":true,"href":"https:\/\/serveiseducatius.xtec.cat\/cda-valldeboi\/wp-json\/wp\/v2\/categories?post=9023"},{"taxonomy":"post_tag","embeddable":true,"href":"https:\/\/serveiseducatius.xtec.cat\/cda-valldeboi\/wp-json\/wp\/v2\/tags?post=9023"}],"curies":[{"name":"wp","href":"https:\/\/api.w.org\/{rel}","templated":true}]}}