{"id":9133,"date":"2025-03-17T11:47:17","date_gmt":"2025-03-17T10:47:17","guid":{"rendered":"https:\/\/serveiseducatius.xtec.cat\/cda-tuixent\/?p=9133"},"modified":"2025-03-17T12:05:22","modified_gmt":"2025-03-17T11:05:22","slug":"perspectiva-de-genere-i-trementinaires","status":"publish","type":"post","link":"https:\/\/serveiseducatius.xtec.cat\/cda-tuixent\/general\/perspectiva-de-genere-i-trementinaires\/","title":{"rendered":"Perspectiva de g\u00e8nere i Trementinaires"},"content":{"rendered":"\n<figure class=\"wp-block-image alignleft size-large is-resized\"><a href=\"https:\/\/serveiseducatius.xtec.cat\/cda-tuixent\/wp-content\/uploads\/usu1370\/2025\/03\/imatge3.jpg\"><img loading=\"lazy\" decoding=\"async\" width=\"1024\" height=\"744\" src=\"https:\/\/serveiseducatius.xtec.cat\/cda-tuixent\/wp-content\/uploads\/usu1370\/2025\/03\/imatge3-1024x744.jpg\" alt=\"\" class=\"wp-image-9136\" style=\"width:522px;height:auto\" srcset=\"https:\/\/serveiseducatius.xtec.cat\/cda-tuixent\/wp-content\/uploads\/usu1370\/2025\/03\/imatge3-1024x744.jpg 1024w, https:\/\/serveiseducatius.xtec.cat\/cda-tuixent\/wp-content\/uploads\/usu1370\/2025\/03\/imatge3-300x218.jpg 300w, https:\/\/serveiseducatius.xtec.cat\/cda-tuixent\/wp-content\/uploads\/usu1370\/2025\/03\/imatge3-768x558.jpg 768w, https:\/\/serveiseducatius.xtec.cat\/cda-tuixent\/wp-content\/uploads\/usu1370\/2025\/03\/imatge3-1536x1116.jpg 1536w, https:\/\/serveiseducatius.xtec.cat\/cda-tuixent\/wp-content\/uploads\/usu1370\/2025\/03\/imatge3.jpg 1976w\" sizes=\"auto, (max-width: 1024px) 100vw, 1024px\" \/><\/a><\/figure>\n\n\n\n<p class=\"has-text-align-left\">El passat 7 de mar\u00e7, en commemoraci\u00f3 del dia de la dona, v\u00e0rem estrenar el material previ a l\u2019activitat de Trementinaires amb l\u2019escola Miret i Sans d\u2019Organy\u00e0 per presentar la figura de les Trementinaires i realitzar el taller de pomada de cal\u00e8ndula amb l\u2019alumnat de prim\u00e0ria i el taller de sacs arom\u00e0tics amb l\u2019alumnat d\u2019infantil.<\/p>\n\n\n\n<p>Aquesta activitat t\u00e9 per objectiu introduir la perspectiva de g\u00e8nere treballant la figura de la dona al llarg de la hist\u00f2ria i, en concret, al S.XIX amb les Trementinaires. Aquesta activitat forma part del moment 1 en activitat introduct\u00f2ria i consisteix a, una setmana abans de l\u2019activitat desenvolupada pel CdA Tuixent i en coordinaci\u00f3 amb el professorat del centre, s\u2019envia un material que descriu a \u201c Persones fortes i valentes, molt atl\u00e8tiques per aguantar llargues caminades, persistents i amb molts coneixements sobre la terra, els boscos i les plantes.\u201d Aquest text i \u00e0udio explica com eren i el que feien les trementinaires, parlant en g\u00e8nere neutre. Despr\u00e9s de la lectura del text es demana a l\u2019alumnat que facin un dibuix de com s\u2019imaginen aquestes persones.<\/p>\n\n\n\n<figure class=\"wp-block-image alignright size-large is-resized\"><a href=\"https:\/\/serveiseducatius.xtec.cat\/cda-tuixent\/wp-content\/uploads\/usu1370\/2025\/03\/imatges1-1.jpg\"><img loading=\"lazy\" decoding=\"async\" width=\"1024\" height=\"553\" src=\"https:\/\/serveiseducatius.xtec.cat\/cda-tuixent\/wp-content\/uploads\/usu1370\/2025\/03\/imatges1-1-1024x553.jpg\" alt=\"\" class=\"wp-image-9147\" style=\"width:589px;height:auto\" srcset=\"https:\/\/serveiseducatius.xtec.cat\/cda-tuixent\/wp-content\/uploads\/usu1370\/2025\/03\/imatges1-1-1024x553.jpg 1024w, https:\/\/serveiseducatius.xtec.cat\/cda-tuixent\/wp-content\/uploads\/usu1370\/2025\/03\/imatges1-1-300x162.jpg 300w, https:\/\/serveiseducatius.xtec.cat\/cda-tuixent\/wp-content\/uploads\/usu1370\/2025\/03\/imatges1-1-768x414.jpg 768w, https:\/\/serveiseducatius.xtec.cat\/cda-tuixent\/wp-content\/uploads\/usu1370\/2025\/03\/imatges1-1-1536x829.jpg 1536w, https:\/\/serveiseducatius.xtec.cat\/cda-tuixent\/wp-content\/uploads\/usu1370\/2025\/03\/imatges1-1.jpg 2040w\" sizes=\"auto, (max-width: 1024px) 100vw, 1024px\" \/><\/a><\/figure>\n\n\n\n<p>En el cas de l\u2019Escola Miret i Sants es van apreciar en aquests dibuixos alguns estereotips de g\u00e8nere, ja que en la majoria de dibuixos que ells van fer els protagonistes eren homes.<\/p>\n\n\n\n<p>El dia del taller, vam comen\u00e7ar l\u2019activitat comentant els diferents dibuixos que havien fet i posteriorment els vam ensenyar una fotografia de dues dones trementinaires&#8230; vam fer una reflexi\u00f3 sobre la difer\u00e8ncia entre els seus dibuixos i la fotografia real de les trementinaires.<\/p>\n\n\n\n<div class=\"wp-block-columns is-layout-flex wp-container-core-columns-is-layout-1 wp-block-columns-is-layout-flex\">\n<div class=\"wp-block-column is-layout-flow wp-block-column-is-layout-flow\">\n<figure class=\"wp-block-image size-large\"><a href=\"https:\/\/serveiseducatius.xtec.cat\/cda-tuixent\/wp-content\/uploads\/usu1370\/2025\/03\/imatge2-1.jpg\"><img loading=\"lazy\" decoding=\"async\" width=\"830\" height=\"1024\" src=\"https:\/\/serveiseducatius.xtec.cat\/cda-tuixent\/wp-content\/uploads\/usu1370\/2025\/03\/imatge2-1-830x1024.jpg\" alt=\"\" class=\"wp-image-9137\" srcset=\"https:\/\/serveiseducatius.xtec.cat\/cda-tuixent\/wp-content\/uploads\/usu1370\/2025\/03\/imatge2-1-830x1024.jpg 830w, https:\/\/serveiseducatius.xtec.cat\/cda-tuixent\/wp-content\/uploads\/usu1370\/2025\/03\/imatge2-1-243x300.jpg 243w, https:\/\/serveiseducatius.xtec.cat\/cda-tuixent\/wp-content\/uploads\/usu1370\/2025\/03\/imatge2-1-768x948.jpg 768w, https:\/\/serveiseducatius.xtec.cat\/cda-tuixent\/wp-content\/uploads\/usu1370\/2025\/03\/imatge2-1-1245x1536.jpg 1245w, https:\/\/serveiseducatius.xtec.cat\/cda-tuixent\/wp-content\/uploads\/usu1370\/2025\/03\/imatge2-1.jpg 1536w\" sizes=\"auto, (max-width: 830px) 100vw, 830px\" \/><\/a><\/figure>\n<\/div>\n\n\n\n<div class=\"wp-block-column is-layout-flow wp-block-column-is-layout-flow\">\n<figure class=\"wp-block-image size-full is-resized\"><a href=\"https:\/\/serveiseducatius.xtec.cat\/cda-tuixent\/wp-content\/uploads\/usu1370\/2025\/03\/trementinaires.jpg\"><img loading=\"lazy\" decoding=\"async\" width=\"401\" height=\"540\" src=\"https:\/\/serveiseducatius.xtec.cat\/cda-tuixent\/wp-content\/uploads\/usu1370\/2025\/03\/trementinaires.jpg\" alt=\"\" class=\"wp-image-9138\" style=\"width:365px;height:auto\" srcset=\"https:\/\/serveiseducatius.xtec.cat\/cda-tuixent\/wp-content\/uploads\/usu1370\/2025\/03\/trementinaires.jpg 401w, https:\/\/serveiseducatius.xtec.cat\/cda-tuixent\/wp-content\/uploads\/usu1370\/2025\/03\/trementinaires-223x300.jpg 223w\" sizes=\"auto, (max-width: 401px) 100vw, 401px\" \/><\/a><\/figure>\n<\/div>\n<\/div>\n\n\n\n<p>Posteriorment vam comen\u00e7ar l\u2019explicaci\u00f3 de l\u2019ofici de les trementinaires, ara ja parlant de les dones trementinaires i seguidament ens vam posar a treballar en els tallers de pomada de cal\u00e8ndula i en els saquets arom\u00e0tics.<\/p>\n\n\n\n<p>Valorem molt positivament l\u2019activitat desenvolupada a l\u2019Escola d\u2019Organy\u00e0 ja que tant el professorat com l\u2019alumnat van tindre una gran implicaci\u00f3, considerem que els resultats aconseguits van potenciar la reflexi\u00f3 i debat i aquest estar\u00e0 present a l\u2019aula com a fil conductor per a seguir treballant la perspectiva de g\u00e8nere al centre.&nbsp;<\/p>\n\n\n\n<p>Animem als diferents centres educatius que vulguin con\u00e8ixer les nostres activitats i els nous recursos pedag\u00f2gics que tenim a la web i que treballen les diferents activitats del Camp d\u2019Aprenentatge de Tuixent que hi facin un cop d\u2019ull.<\/p>\n\n\n\n<figure class=\"wp-block-image alignright size-large is-resized\"><a href=\"https:\/\/serveiseducatius.xtec.cat\/cda-tuixent\/wp-content\/uploads\/usu1370\/2025\/03\/IMG_5811-1-scaled.jpg\"><img loading=\"lazy\" decoding=\"async\" width=\"768\" height=\"1024\" src=\"https:\/\/serveiseducatius.xtec.cat\/cda-tuixent\/wp-content\/uploads\/usu1370\/2025\/03\/IMG_5811-1-768x1024.jpg\" alt=\"\" class=\"wp-image-9142\" style=\"width:296px;height:auto\" srcset=\"https:\/\/serveiseducatius.xtec.cat\/cda-tuixent\/wp-content\/uploads\/usu1370\/2025\/03\/IMG_5811-1-768x1024.jpg 768w, https:\/\/serveiseducatius.xtec.cat\/cda-tuixent\/wp-content\/uploads\/usu1370\/2025\/03\/IMG_5811-1-225x300.jpg 225w, https:\/\/serveiseducatius.xtec.cat\/cda-tuixent\/wp-content\/uploads\/usu1370\/2025\/03\/IMG_5811-1-1152x1536.jpg 1152w, https:\/\/serveiseducatius.xtec.cat\/cda-tuixent\/wp-content\/uploads\/usu1370\/2025\/03\/IMG_5811-1-1536x2048.jpg 1536w, https:\/\/serveiseducatius.xtec.cat\/cda-tuixent\/wp-content\/uploads\/usu1370\/2025\/03\/IMG_5811-1-scaled.jpg 1920w\" sizes=\"auto, (max-width: 768px) 100vw, 768px\" \/><\/a><\/figure>\n\n\n\n<figure class=\"wp-block-image alignleft size-large is-resized\"><a href=\"https:\/\/serveiseducatius.xtec.cat\/cda-tuixent\/wp-content\/uploads\/usu1370\/2025\/03\/Foto-de-CdA-Tuixent-1.jpg\"><img loading=\"lazy\" decoding=\"async\" width=\"1024\" height=\"752\" src=\"https:\/\/serveiseducatius.xtec.cat\/cda-tuixent\/wp-content\/uploads\/usu1370\/2025\/03\/Foto-de-CdA-Tuixent-1-1024x752.jpg\" alt=\"\" class=\"wp-image-9141\" style=\"width:538px;height:auto\" srcset=\"https:\/\/serveiseducatius.xtec.cat\/cda-tuixent\/wp-content\/uploads\/usu1370\/2025\/03\/Foto-de-CdA-Tuixent-1-1024x752.jpg 1024w, https:\/\/serveiseducatius.xtec.cat\/cda-tuixent\/wp-content\/uploads\/usu1370\/2025\/03\/Foto-de-CdA-Tuixent-1-300x220.jpg 300w, https:\/\/serveiseducatius.xtec.cat\/cda-tuixent\/wp-content\/uploads\/usu1370\/2025\/03\/Foto-de-CdA-Tuixent-1-768x564.jpg 768w, https:\/\/serveiseducatius.xtec.cat\/cda-tuixent\/wp-content\/uploads\/usu1370\/2025\/03\/Foto-de-CdA-Tuixent-1.jpg 1080w\" sizes=\"auto, (max-width: 1024px) 100vw, 1024px\" \/><\/a><\/figure>\n","protected":false},"excerpt":{"rendered":"<p>El passat 7 de mar\u00e7, en commemoraci\u00f3 del dia de la dona, v\u00e0rem estrenar el material previ a l\u2019activitat de [&hellip;]<\/p>\n","protected":false},"author":1,"featured_media":9137,"comment_status":"open","ping_status":"open","sticky":false,"template":"","format":"standard","meta":{"_bbp_topic_count":0,"_bbp_reply_count":0,"_bbp_total_topic_count":0,"_bbp_total_reply_count":0,"_bbp_voice_count":0,"_bbp_anonymous_reply_count":0,"_bbp_topic_count_hidden":0,"_bbp_reply_count_hidden":0,"_bbp_forum_subforum_count":0,"site-sidebar-layout":"default","site-content-layout":"","ast-site-content-layout":"default","site-content-style":"default","site-sidebar-style":"default","ast-global-header-display":"","ast-banner-title-visibility":"","ast-main-header-display":"","ast-hfb-above-header-display":"","ast-hfb-below-header-display":"","ast-hfb-mobile-header-display":"","site-post-title":"","ast-breadcrumbs-content":"","ast-featured-img":"","footer-sml-layout":"","theme-transparent-header-meta":"","adv-header-id-meta":"","stick-header-meta":"","header-above-stick-meta":"","header-main-stick-meta":"","header-below-stick-meta":"","astra-migrate-meta-layouts":"set","ast-page-background-enabled":"default","ast-page-background-meta":{"desktop":{"background-color":"var(--ast-global-color-4)","background-image":"","background-repeat":"repeat","background-position":"center center","background-size":"auto","background-attachment":"scroll","background-type":"","background-media":"","overlay-type":"","overlay-color":"","overlay-opacity":"","overlay-gradient":""},"tablet":{"background-color":"","background-image":"","background-repeat":"repeat","background-position":"center center","background-size":"auto","background-attachment":"scroll","background-type":"","background-media":"","overlay-type":"","overlay-color":"","overlay-opacity":"","overlay-gradient":""},"mobile":{"background-color":"","background-image":"","background-repeat":"repeat","background-position":"center center","background-size":"auto","background-attachment":"scroll","background-type":"","background-media":"","overlay-type":"","overlay-color":"","overlay-opacity":"","overlay-gradient":""}},"ast-content-background-meta":{"desktop":{"background-color":"var(--ast-global-color-5)","background-image":"","background-repeat":"repeat","background-position":"center center","background-size":"auto","background-attachment":"scroll","background-type":"","background-media":"","overlay-type":"","overlay-color":"","overlay-opacity":"","overlay-gradient":""},"tablet":{"background-color":"var(--ast-global-color-5)","background-image":"","background-repeat":"repeat","background-position":"center center","background-size":"auto","background-attachment":"scroll","background-type":"","background-media":"","overlay-type":"","overlay-color":"","overlay-opacity":"","overlay-gradient":""},"mobile":{"background-color":"var(--ast-global-color-5)","background-image":"","background-repeat":"repeat","background-position":"center center","background-size":"auto","background-attachment":"scroll","background-type":"","background-media":"","overlay-type":"","overlay-color":"","overlay-opacity":"","overlay-gradient":""}},"footnotes":""},"categories":[1,29],"tags":[],"class_list":["post-9133","post","type-post","status-publish","format-standard","has-post-thumbnail","hentry","category-general","category-portada"],"post_mailing_queue_ids":[],"_links":{"self":[{"href":"https:\/\/serveiseducatius.xtec.cat\/cda-tuixent\/wp-json\/wp\/v2\/posts\/9133","targetHints":{"allow":["GET"]}}],"collection":[{"href":"https:\/\/serveiseducatius.xtec.cat\/cda-tuixent\/wp-json\/wp\/v2\/posts"}],"about":[{"href":"https:\/\/serveiseducatius.xtec.cat\/cda-tuixent\/wp-json\/wp\/v2\/types\/post"}],"author":[{"embeddable":true,"href":"https:\/\/serveiseducatius.xtec.cat\/cda-tuixent\/wp-json\/wp\/v2\/users\/1"}],"replies":[{"embeddable":true,"href":"https:\/\/serveiseducatius.xtec.cat\/cda-tuixent\/wp-json\/wp\/v2\/comments?post=9133"}],"version-history":[{"count":6,"href":"https:\/\/serveiseducatius.xtec.cat\/cda-tuixent\/wp-json\/wp\/v2\/posts\/9133\/revisions"}],"predecessor-version":[{"id":9159,"href":"https:\/\/serveiseducatius.xtec.cat\/cda-tuixent\/wp-json\/wp\/v2\/posts\/9133\/revisions\/9159"}],"wp:featuredmedia":[{"embeddable":true,"href":"https:\/\/serveiseducatius.xtec.cat\/cda-tuixent\/wp-json\/wp\/v2\/media\/9137"}],"wp:attachment":[{"href":"https:\/\/serveiseducatius.xtec.cat\/cda-tuixent\/wp-json\/wp\/v2\/media?parent=9133"}],"wp:term":[{"taxonomy":"category","embeddable":true,"href":"https:\/\/serveiseducatius.xtec.cat\/cda-tuixent\/wp-json\/wp\/v2\/categories?post=9133"},{"taxonomy":"post_tag","embeddable":true,"href":"https:\/\/serveiseducatius.xtec.cat\/cda-tuixent\/wp-json\/wp\/v2\/tags?post=9133"}],"curies":[{"name":"wp","href":"https:\/\/api.w.org\/{rel}","templated":true}]}}