{"id":8903,"date":"2024-12-13T11:14:42","date_gmt":"2024-12-13T10:14:42","guid":{"rendered":"https:\/\/serveiseducatius.xtec.cat\/cda-tuixent\/?p=8903"},"modified":"2024-12-13T11:17:21","modified_gmt":"2024-12-13T10:17:21","slug":"estada-de-geologia-al-cda-de-tuixent","status":"publish","type":"post","link":"https:\/\/serveiseducatius.xtec.cat\/cda-tuixent\/general\/estada-de-geologia-al-cda-de-tuixent\/","title":{"rendered":"Estada de Geologia al CdA de Tuixent"},"content":{"rendered":"<p style=\"text-align: justify;\"><span style=\"font-weight: 400;\">La setmana del 13 al 15 de novembre ens va visitar l\u2019alumnat de l\u2019optativa de Biologia i Geologia de 4t d\u2019ESO i el de Geologia i Ci\u00e8ncies Ambientals de 1r de Batxillerat de<strong> l\u2019Institut Manuel Blancafort<\/strong> de la Garriga. Amb ells vam treballar durant 3 dies els nous continguts de geologia del CdA de Tuixent.<\/span><\/p>\n<p style=\"text-align: justify;\"><span style=\"font-weight: 400;\">El primer dia varem fer un itinerari geol\u00f2gic, que va comen\u00e7ar al Bergued\u00e0, on varem visitar l\u2019escull de rudistes de l\u2019Esp\u00e0, vam poder diferenciar en pocs metres diferents ambients de sedimentaci\u00f3 marins i de transici\u00f3, aix\u00ed com descobrir algunes closques d\u2019ous de dinosaure.<\/span><\/p>\n<p style=\"text-align: justify;\"><span style=\"font-weight: 400;\">Posteriorment, des del mirador de G\u00f3sol vam veure el Pedraforca i l\u2019espectacular torrent de la Rubinat amb les seves tres parts clarament diferenciades, la conca de recepci\u00f3, el canal de desgu\u00e0s i el con de dejecci\u00f3.<\/span><\/p>\n<p style=\"text-align: justify;\"><span style=\"font-weight: 400;\">Seguidament, varem anar al Solson\u00e8s, concretament a la zona de Coll de Port i a les pistes d\u2019es<\/span><span style=\"font-family: inherit; font-size: 1em; text-align: justify;\">qu\u00ed de Tuixent la Vansa, on varem parlar del paisatge c\u00e0rstic i vam poder apreciar, dolines, rasclers i un espectacular avenc.<\/span><\/p>\n<p><img loading=\"lazy\" decoding=\"async\" class=\"alignnone size-full wp-image-8909\" src=\"https:\/\/serveiseducatius.xtec.cat\/cda-tuixent\/wp-content\/uploads\/usu1370\/2024\/12\/avenc.jpg\" alt=\"\" width=\"1597\" height=\"589\" srcset=\"https:\/\/serveiseducatius.xtec.cat\/cda-tuixent\/wp-content\/uploads\/usu1370\/2024\/12\/avenc.jpg 1597w, https:\/\/serveiseducatius.xtec.cat\/cda-tuixent\/wp-content\/uploads\/usu1370\/2024\/12\/avenc-300x111.jpg 300w, https:\/\/serveiseducatius.xtec.cat\/cda-tuixent\/wp-content\/uploads\/usu1370\/2024\/12\/avenc-1024x378.jpg 1024w, https:\/\/serveiseducatius.xtec.cat\/cda-tuixent\/wp-content\/uploads\/usu1370\/2024\/12\/avenc-768x283.jpg 768w, https:\/\/serveiseducatius.xtec.cat\/cda-tuixent\/wp-content\/uploads\/usu1370\/2024\/12\/avenc-1536x567.jpg 1536w\" sizes=\"auto, (max-width: 1597px) 100vw, 1597px\" \/><\/p>\n<p style=\"text-align: justify;\"><span style=\"font-weight: 400;\">L\u2019endem\u00e0 vam fer l\u2019activitat dels tresors geol\u00f2gics del nostre entorn, on l\u2019alumnat a partir d\u2019una activitat tipus breakout educatiu, va con\u00e8ixer 9 mostres de roques que s\u00f3n representatives dels principals llocs d\u2019inter\u00e8s geol\u00f2gic del Parc del Cad\u00ed Moixer\u00f3.\u00a0<\/span><\/p>\n<p style=\"text-align: justify;\"><span style=\"font-weight: 400;\">Per la tarda, ens vam convertir en paleont\u00f2legs i vam visitar el jaciment de Coma Posada, on vam trobar molts f\u00f2ssils diferents de bivalves, braqui\u00f2podes, crino\u00efdeus, i fins i tot alguns f\u00f2ssils guia com els ammonits i els belemnits que ens van permetre datar les roques on es troben aquests f\u00f2ssils.<\/span><\/p>\n<p><img loading=\"lazy\" decoding=\"async\" class=\"alignnone size-full wp-image-8906\" src=\"https:\/\/serveiseducatius.xtec.cat\/cda-tuixent\/wp-content\/uploads\/usu1370\/2024\/12\/fotos-alumnes.jpg\" alt=\"\" width=\"1629\" height=\"409\" srcset=\"https:\/\/serveiseducatius.xtec.cat\/cda-tuixent\/wp-content\/uploads\/usu1370\/2024\/12\/fotos-alumnes.jpg 1629w, https:\/\/serveiseducatius.xtec.cat\/cda-tuixent\/wp-content\/uploads\/usu1370\/2024\/12\/fotos-alumnes-300x75.jpg 300w, https:\/\/serveiseducatius.xtec.cat\/cda-tuixent\/wp-content\/uploads\/usu1370\/2024\/12\/fotos-alumnes-1024x257.jpg 1024w, https:\/\/serveiseducatius.xtec.cat\/cda-tuixent\/wp-content\/uploads\/usu1370\/2024\/12\/fotos-alumnes-768x193.jpg 768w, https:\/\/serveiseducatius.xtec.cat\/cda-tuixent\/wp-content\/uploads\/usu1370\/2024\/12\/fotos-alumnes-1536x386.jpg 1536w\" sizes=\"auto, (max-width: 1629px) 100vw, 1629px\" \/><\/p>\n<p style=\"text-align: justify;\"><span style=\"font-weight: 400;\">L\u2019\u00faltim dia vam fer l\u2019itinerari geol\u00f2gic per Coll de Creus on vam observar l\u2019espectacular paisatge generat per l\u2019erosi\u00f3 diferencial de les roques i els Paleocanals excavats pels rius i rierols que transportaven graves, sobre un material m\u00e9s tou d\u2019argiles.<\/span><\/p>\n<p style=\"text-align: justify;\"><span style=\"font-weight: 400;\">Per finalitzar l\u2019estada vam fer l\u2019estudi de camp d\u2019un s\u00f2l, vam identificar els diferents horitzons i en vam estudiar les principals propietats, com el color, la textura, la compactaci\u00f3, el ph, la pres\u00e8ncia de carbonats\u2026<\/span><\/p>\n<p style=\"text-align: justify;\"><span style=\"font-weight: 400;\">Esperem que l\u2019alumnat hagi gaudit de l\u2019estada i dels nous aprenentatges adquirits.<\/span><\/p>\n<p><img loading=\"lazy\" decoding=\"async\" class=\"alignnone size-full wp-image-8907\" src=\"https:\/\/serveiseducatius.xtec.cat\/cda-tuixent\/wp-content\/uploads\/usu1370\/2024\/12\/1733917241737.jpg\" alt=\"\" width=\"1600\" height=\"1200\" srcset=\"https:\/\/serveiseducatius.xtec.cat\/cda-tuixent\/wp-content\/uploads\/usu1370\/2024\/12\/1733917241737.jpg 1600w, https:\/\/serveiseducatius.xtec.cat\/cda-tuixent\/wp-content\/uploads\/usu1370\/2024\/12\/1733917241737-300x225.jpg 300w, https:\/\/serveiseducatius.xtec.cat\/cda-tuixent\/wp-content\/uploads\/usu1370\/2024\/12\/1733917241737-1024x768.jpg 1024w, https:\/\/serveiseducatius.xtec.cat\/cda-tuixent\/wp-content\/uploads\/usu1370\/2024\/12\/1733917241737-768x576.jpg 768w, https:\/\/serveiseducatius.xtec.cat\/cda-tuixent\/wp-content\/uploads\/usu1370\/2024\/12\/1733917241737-1536x1152.jpg 1536w, https:\/\/serveiseducatius.xtec.cat\/cda-tuixent\/wp-content\/uploads\/usu1370\/2024\/12\/1733917241737-200x150.jpg 200w\" sizes=\"auto, (max-width: 1600px) 100vw, 1600px\" \/><\/p>\n","protected":false},"excerpt":{"rendered":"<p>La setmana del 13 al 15 de novembre ens va visitar l\u2019alumnat de l\u2019optativa de Biologia i Geologia de 4t [&hellip;]<\/p>\n","protected":false},"author":1,"featured_media":8907,"comment_status":"open","ping_status":"closed","sticky":false,"template":"","format":"standard","meta":{"_bbp_topic_count":0,"_bbp_reply_count":0,"_bbp_total_topic_count":0,"_bbp_total_reply_count":0,"_bbp_voice_count":0,"_bbp_anonymous_reply_count":0,"_bbp_topic_count_hidden":0,"_bbp_reply_count_hidden":0,"_bbp_forum_subforum_count":0,"site-sidebar-layout":"default","site-content-layout":"","ast-site-content-layout":"","site-content-style":"default","site-sidebar-style":"default","ast-global-header-display":"","ast-banner-title-visibility":"","ast-main-header-display":"","ast-hfb-above-header-display":"","ast-hfb-below-header-display":"","ast-hfb-mobile-header-display":"","site-post-title":"","ast-breadcrumbs-content":"","ast-featured-img":"","footer-sml-layout":"","theme-transparent-header-meta":"","adv-header-id-meta":"","stick-header-meta":"","header-above-stick-meta":"","header-main-stick-meta":"","header-below-stick-meta":"","astra-migrate-meta-layouts":"default","ast-page-background-enabled":"default","ast-page-background-meta":{"desktop":{"background-color":"var(--ast-global-color-4)","background-image":"","background-repeat":"repeat","background-position":"center center","background-size":"auto","background-attachment":"scroll","background-type":"","background-media":"","overlay-type":"","overlay-color":"","overlay-opacity":"","overlay-gradient":""},"tablet":{"background-color":"","background-image":"","background-repeat":"repeat","background-position":"center center","background-size":"auto","background-attachment":"scroll","background-type":"","background-media":"","overlay-type":"","overlay-color":"","overlay-opacity":"","overlay-gradient":""},"mobile":{"background-color":"","background-image":"","background-repeat":"repeat","background-position":"center center","background-size":"auto","background-attachment":"scroll","background-type":"","background-media":"","overlay-type":"","overlay-color":"","overlay-opacity":"","overlay-gradient":""}},"ast-content-background-meta":{"desktop":{"background-color":"var(--ast-global-color-5)","background-image":"","background-repeat":"repeat","background-position":"center center","background-size":"auto","background-attachment":"scroll","background-type":"","background-media":"","overlay-type":"","overlay-color":"","overlay-opacity":"","overlay-gradient":""},"tablet":{"background-color":"var(--ast-global-color-5)","background-image":"","background-repeat":"repeat","background-position":"center center","background-size":"auto","background-attachment":"scroll","background-type":"","background-media":"","overlay-type":"","overlay-color":"","overlay-opacity":"","overlay-gradient":""},"mobile":{"background-color":"var(--ast-global-color-5)","background-image":"","background-repeat":"repeat","background-position":"center center","background-size":"auto","background-attachment":"scroll","background-type":"","background-media":"","overlay-type":"","overlay-color":"","overlay-opacity":"","overlay-gradient":""}},"footnotes":""},"categories":[1,29],"tags":[],"class_list":["post-8903","post","type-post","status-publish","format-standard","has-post-thumbnail","hentry","category-general","category-portada"],"post_mailing_queue_ids":[],"_links":{"self":[{"href":"https:\/\/serveiseducatius.xtec.cat\/cda-tuixent\/wp-json\/wp\/v2\/posts\/8903","targetHints":{"allow":["GET"]}}],"collection":[{"href":"https:\/\/serveiseducatius.xtec.cat\/cda-tuixent\/wp-json\/wp\/v2\/posts"}],"about":[{"href":"https:\/\/serveiseducatius.xtec.cat\/cda-tuixent\/wp-json\/wp\/v2\/types\/post"}],"author":[{"embeddable":true,"href":"https:\/\/serveiseducatius.xtec.cat\/cda-tuixent\/wp-json\/wp\/v2\/users\/1"}],"replies":[{"embeddable":true,"href":"https:\/\/serveiseducatius.xtec.cat\/cda-tuixent\/wp-json\/wp\/v2\/comments?post=8903"}],"version-history":[{"count":3,"href":"https:\/\/serveiseducatius.xtec.cat\/cda-tuixent\/wp-json\/wp\/v2\/posts\/8903\/revisions"}],"predecessor-version":[{"id":8911,"href":"https:\/\/serveiseducatius.xtec.cat\/cda-tuixent\/wp-json\/wp\/v2\/posts\/8903\/revisions\/8911"}],"wp:featuredmedia":[{"embeddable":true,"href":"https:\/\/serveiseducatius.xtec.cat\/cda-tuixent\/wp-json\/wp\/v2\/media\/8907"}],"wp:attachment":[{"href":"https:\/\/serveiseducatius.xtec.cat\/cda-tuixent\/wp-json\/wp\/v2\/media?parent=8903"}],"wp:term":[{"taxonomy":"category","embeddable":true,"href":"https:\/\/serveiseducatius.xtec.cat\/cda-tuixent\/wp-json\/wp\/v2\/categories?post=8903"},{"taxonomy":"post_tag","embeddable":true,"href":"https:\/\/serveiseducatius.xtec.cat\/cda-tuixent\/wp-json\/wp\/v2\/tags?post=8903"}],"curies":[{"name":"wp","href":"https:\/\/api.w.org\/{rel}","templated":true}]}}