{"id":8889,"date":"2024-11-27T11:50:59","date_gmt":"2024-11-27T10:50:59","guid":{"rendered":"https:\/\/serveiseducatius.xtec.cat\/cda-tuixent\/?p=8889"},"modified":"2024-11-27T11:53:30","modified_gmt":"2024-11-27T10:53:30","slug":"tallers-artistics-a-partir-del-land-art-a-tuixent","status":"publish","type":"post","link":"https:\/\/serveiseducatius.xtec.cat\/cda-tuixent\/general\/tallers-artistics-a-partir-del-land-art-a-tuixent\/","title":{"rendered":"Tallers art\u00edstics a partir del Land Art a Tuixent"},"content":{"rendered":"<p style=\"text-align: justify;\"><span style=\"font-weight: 400;\"><img loading=\"lazy\" decoding=\"async\" class=\"wp-image-8895 alignleft\" src=\"https:\/\/serveiseducatius.xtec.cat\/cda-tuixent\/wp-content\/uploads\/usu1370\/2024\/11\/WhatsApp-Image-2024-11-27-at-10.13.12-AM-1-1.jpeg\" alt=\"\" width=\"249\" height=\"339\" srcset=\"https:\/\/serveiseducatius.xtec.cat\/cda-tuixent\/wp-content\/uploads\/usu1370\/2024\/11\/WhatsApp-Image-2024-11-27-at-10.13.12-AM-1-1.jpeg 1174w, https:\/\/serveiseducatius.xtec.cat\/cda-tuixent\/wp-content\/uploads\/usu1370\/2024\/11\/WhatsApp-Image-2024-11-27-at-10.13.12-AM-1-1-220x300.jpeg 220w, https:\/\/serveiseducatius.xtec.cat\/cda-tuixent\/wp-content\/uploads\/usu1370\/2024\/11\/WhatsApp-Image-2024-11-27-at-10.13.12-AM-1-1-751x1024.jpeg 751w, https:\/\/serveiseducatius.xtec.cat\/cda-tuixent\/wp-content\/uploads\/usu1370\/2024\/11\/WhatsApp-Image-2024-11-27-at-10.13.12-AM-1-1-768x1047.jpeg 768w, https:\/\/serveiseducatius.xtec.cat\/cda-tuixent\/wp-content\/uploads\/usu1370\/2024\/11\/WhatsApp-Image-2024-11-27-at-10.13.12-AM-1-1-1127x1536.jpeg 1127w\" sizes=\"auto, (max-width: 249px) 100vw, 249px\" \/>Un any m\u00e9s, coincidint amb la Festa del Roser de Tuixent, es va inaugurar la 7\u00aa edici\u00f3 d\u2019Art Vanseca, consistent en una s\u00e8rie d\u2019obres d\u2019art integrades al medi natural i exposades al llarg del cam\u00ed de Vanseca. Aquest itinerari \u00e9s excepcional perqu\u00e8 \u00e9s apte per a tots els p\u00fablics, \u00e9s un cam\u00ed agradable i accessible i a m\u00e9s t\u00e9 vistes panor\u00e0miques a Tuixent (de fet, tant \u00e9s aix\u00ed, que algunes obres s\u2019han animat a dibuixar-hi la silueta o emmarcar-lo).<\/span><\/p>\n<p style=\"text-align: justify;\"><span style=\"font-weight: 400;\">L\u2019art natura (Land Art en angl\u00e8s) \u00e9s una corrent d\u2019art contempor\u00e0nia en la que es creen obres en plena naturalesa, utilitzant normalment els materials que s\u2019hi troben, com poden ser troncs, fulles, pedres\u2026 En definitiva, es tracta de fusionar paisatge, escultura i expressi\u00f3 art\u00edstica, el que acaba culminant en obres exposades en plena natura.<\/span><\/p>\n<p style=\"text-align: justify;\"><span style=\"font-weight: 400;\">Des del Camp d\u2019Aprenentatge de Tuixent-Cad\u00ed-Moixer\u00f3 oferim la possibilitat de fer l\u2019itinerari per Vanseca amb els nostres alumnes, tot comentant i reflexionant entorn les diferents obres d\u2019art i el missatge que amaguen i utilitzant-ho d\u2019inspiraci\u00f3 per a la posterior realitzaci\u00f3 de tallers art\u00edstics.<img loading=\"lazy\" decoding=\"async\" class=\"wp-image-8897 alignright\" src=\"https:\/\/serveiseducatius.xtec.cat\/cda-tuixent\/wp-content\/uploads\/usu1370\/2024\/11\/WhatsApp-Image-2024-11-27-at-10.00.52-2-1.jpeg\" alt=\"\" width=\"257\" height=\"222\" srcset=\"https:\/\/serveiseducatius.xtec.cat\/cda-tuixent\/wp-content\/uploads\/usu1370\/2024\/11\/WhatsApp-Image-2024-11-27-at-10.00.52-2-1.jpeg 1158w, https:\/\/serveiseducatius.xtec.cat\/cda-tuixent\/wp-content\/uploads\/usu1370\/2024\/11\/WhatsApp-Image-2024-11-27-at-10.00.52-2-1-300x259.jpeg 300w, https:\/\/serveiseducatius.xtec.cat\/cda-tuixent\/wp-content\/uploads\/usu1370\/2024\/11\/WhatsApp-Image-2024-11-27-at-10.00.52-2-1-1024x885.jpeg 1024w, https:\/\/serveiseducatius.xtec.cat\/cda-tuixent\/wp-content\/uploads\/usu1370\/2024\/11\/WhatsApp-Image-2024-11-27-at-10.00.52-2-1-768x664.jpeg 768w\" sizes=\"auto, (max-width: 257px) 100vw, 257px\" \/><\/span><\/p>\n<p style=\"text-align: justify;\"><span style=\"font-weight: 400;\">Els diferents tallers que oferim s\u2019inicien en el coneixement d\u2019una autobiografia que fa refer\u00e8ncia a una dona que treballa a trav\u00e9s de l\u2019art per tal de treballar la perspectiva de g\u00e8nere, i que tingui vinculaci\u00f3 amb la natura per tal d\u2019expressar el seu art.\u00a0 Aquest fet s\u2019utilitzar\u00e0 de punt de partida per a l\u2019elaboraci\u00f3 dels diferents tallers:\u00a0<\/span><\/p>\n<ul style=\"text-align: justify;\">\n<li style=\"font-weight: 400;\" aria-level=\"1\"><span style=\"font-weight: 400;\">T\u00e8cnica d\u2019estampaci\u00f3 amb elements naturals i diferents textures.<\/span><\/li>\n<li style=\"font-weight: 400;\" aria-level=\"1\"><span style=\"font-weight: 400;\">Creaci\u00f3 d\u2019un Land Art en grup.<\/span><\/li>\n<li style=\"font-weight: 400;\" aria-level=\"1\"><span style=\"font-weight: 400;\">L\u00e0mina creada amb elements naturals frescos.<\/span><\/li>\n<\/ul>\n<p style=\"text-align: justify;\"><span style=\"font-weight: 400;\">Enguany, des del CdA Tuixent, s\u2019ha impulsat una nova t\u00e8cnica art\u00edstica anomenada Cianot\u00edpia, que es porta a terme amb l\u2019alumnat de secund\u00e0ria i batxillerat, i que consisteix <\/span><span style=\"font-weight: 400;\">en un proc\u00e9s fotogr\u00e0fic anal\u00f2gic que es caracteritza pels seus resultats monocroms en blau cian (d\u2019aqu\u00ed prov\u00e9 el seu nom) sense la necessitat d\u2019una c\u00e0mera, ja que es fa a partir de la llum solar. <\/span><span style=\"font-weight: 400;\">Aquesta tamb\u00e9 es fa mitjan\u00e7ant elements de la natura, i ha estat possible gr\u00e0cies a una formaci\u00f3 amb les artistes del Taller Tartera de la Seu d\u2019Urgell.<\/span><\/p>\n<p style=\"text-align: justify;\"><img loading=\"lazy\" decoding=\"async\" class=\"alignnone size-full wp-image-8900\" src=\"https:\/\/serveiseducatius.xtec.cat\/cda-tuixent\/wp-content\/uploads\/usu1370\/2024\/11\/land-art-tuixent.jpg\" alt=\"\" width=\"1843\" height=\"506\" srcset=\"https:\/\/serveiseducatius.xtec.cat\/cda-tuixent\/wp-content\/uploads\/usu1370\/2024\/11\/land-art-tuixent.jpg 1843w, https:\/\/serveiseducatius.xtec.cat\/cda-tuixent\/wp-content\/uploads\/usu1370\/2024\/11\/land-art-tuixent-300x82.jpg 300w, https:\/\/serveiseducatius.xtec.cat\/cda-tuixent\/wp-content\/uploads\/usu1370\/2024\/11\/land-art-tuixent-1024x281.jpg 1024w, https:\/\/serveiseducatius.xtec.cat\/cda-tuixent\/wp-content\/uploads\/usu1370\/2024\/11\/land-art-tuixent-768x211.jpg 768w, https:\/\/serveiseducatius.xtec.cat\/cda-tuixent\/wp-content\/uploads\/usu1370\/2024\/11\/land-art-tuixent-1536x422.jpg 1536w\" sizes=\"auto, (max-width: 1843px) 100vw, 1843px\" \/><\/p>\n","protected":false},"excerpt":{"rendered":"<p>Un any m\u00e9s, coincidint amb la Festa del Roser de Tuixent, es va inaugurar la 7\u00aa edici\u00f3 d\u2019Art Vanseca, consistent [&hellip;]<\/p>\n","protected":false},"author":1,"featured_media":8897,"comment_status":"open","ping_status":"closed","sticky":false,"template":"","format":"standard","meta":{"_bbp_topic_count":0,"_bbp_reply_count":0,"_bbp_total_topic_count":0,"_bbp_total_reply_count":0,"_bbp_voice_count":0,"_bbp_anonymous_reply_count":0,"_bbp_topic_count_hidden":0,"_bbp_reply_count_hidden":0,"_bbp_forum_subforum_count":0,"site-sidebar-layout":"default","site-content-layout":"","ast-site-content-layout":"","site-content-style":"default","site-sidebar-style":"default","ast-global-header-display":"","ast-banner-title-visibility":"","ast-main-header-display":"","ast-hfb-above-header-display":"","ast-hfb-below-header-display":"","ast-hfb-mobile-header-display":"","site-post-title":"","ast-breadcrumbs-content":"","ast-featured-img":"","footer-sml-layout":"","theme-transparent-header-meta":"","adv-header-id-meta":"","stick-header-meta":"","header-above-stick-meta":"","header-main-stick-meta":"","header-below-stick-meta":"","astra-migrate-meta-layouts":"default","ast-page-background-enabled":"default","ast-page-background-meta":{"desktop":{"background-color":"var(--ast-global-color-4)","background-image":"","background-repeat":"repeat","background-position":"center center","background-size":"auto","background-attachment":"scroll","background-type":"","background-media":"","overlay-type":"","overlay-color":"","overlay-opacity":"","overlay-gradient":""},"tablet":{"background-color":"","background-image":"","background-repeat":"repeat","background-position":"center center","background-size":"auto","background-attachment":"scroll","background-type":"","background-media":"","overlay-type":"","overlay-color":"","overlay-opacity":"","overlay-gradient":""},"mobile":{"background-color":"","background-image":"","background-repeat":"repeat","background-position":"center center","background-size":"auto","background-attachment":"scroll","background-type":"","background-media":"","overlay-type":"","overlay-color":"","overlay-opacity":"","overlay-gradient":""}},"ast-content-background-meta":{"desktop":{"background-color":"var(--ast-global-color-5)","background-image":"","background-repeat":"repeat","background-position":"center center","background-size":"auto","background-attachment":"scroll","background-type":"","background-media":"","overlay-type":"","overlay-color":"","overlay-opacity":"","overlay-gradient":""},"tablet":{"background-color":"var(--ast-global-color-5)","background-image":"","background-repeat":"repeat","background-position":"center center","background-size":"auto","background-attachment":"scroll","background-type":"","background-media":"","overlay-type":"","overlay-color":"","overlay-opacity":"","overlay-gradient":""},"mobile":{"background-color":"var(--ast-global-color-5)","background-image":"","background-repeat":"repeat","background-position":"center center","background-size":"auto","background-attachment":"scroll","background-type":"","background-media":"","overlay-type":"","overlay-color":"","overlay-opacity":"","overlay-gradient":""}},"footnotes":""},"categories":[1,29],"tags":[],"class_list":["post-8889","post","type-post","status-publish","format-standard","has-post-thumbnail","hentry","category-general","category-portada"],"post_mailing_queue_ids":[],"_links":{"self":[{"href":"https:\/\/serveiseducatius.xtec.cat\/cda-tuixent\/wp-json\/wp\/v2\/posts\/8889","targetHints":{"allow":["GET"]}}],"collection":[{"href":"https:\/\/serveiseducatius.xtec.cat\/cda-tuixent\/wp-json\/wp\/v2\/posts"}],"about":[{"href":"https:\/\/serveiseducatius.xtec.cat\/cda-tuixent\/wp-json\/wp\/v2\/types\/post"}],"author":[{"embeddable":true,"href":"https:\/\/serveiseducatius.xtec.cat\/cda-tuixent\/wp-json\/wp\/v2\/users\/1"}],"replies":[{"embeddable":true,"href":"https:\/\/serveiseducatius.xtec.cat\/cda-tuixent\/wp-json\/wp\/v2\/comments?post=8889"}],"version-history":[{"count":4,"href":"https:\/\/serveiseducatius.xtec.cat\/cda-tuixent\/wp-json\/wp\/v2\/posts\/8889\/revisions"}],"predecessor-version":[{"id":8902,"href":"https:\/\/serveiseducatius.xtec.cat\/cda-tuixent\/wp-json\/wp\/v2\/posts\/8889\/revisions\/8902"}],"wp:featuredmedia":[{"embeddable":true,"href":"https:\/\/serveiseducatius.xtec.cat\/cda-tuixent\/wp-json\/wp\/v2\/media\/8897"}],"wp:attachment":[{"href":"https:\/\/serveiseducatius.xtec.cat\/cda-tuixent\/wp-json\/wp\/v2\/media?parent=8889"}],"wp:term":[{"taxonomy":"category","embeddable":true,"href":"https:\/\/serveiseducatius.xtec.cat\/cda-tuixent\/wp-json\/wp\/v2\/categories?post=8889"},{"taxonomy":"post_tag","embeddable":true,"href":"https:\/\/serveiseducatius.xtec.cat\/cda-tuixent\/wp-json\/wp\/v2\/tags?post=8889"}],"curies":[{"name":"wp","href":"https:\/\/api.w.org\/{rel}","templated":true}]}}