{"id":8724,"date":"2024-02-14T11:02:49","date_gmt":"2024-02-14T10:02:49","guid":{"rendered":"https:\/\/serveiseducatius.xtec.cat\/cda-tuixent\/?p=8724"},"modified":"2024-02-14T11:02:49","modified_gmt":"2024-02-14T10:02:49","slug":"anem-a-lescola-de-tuixent-a-presentar-els-tresors-geologics-del-nostre-entorn","status":"publish","type":"post","link":"https:\/\/serveiseducatius.xtec.cat\/cda-tuixent\/portada\/anem-a-lescola-de-tuixent-a-presentar-els-tresors-geologics-del-nostre-entorn\/","title":{"rendered":"Anem a l\u2019escola de Tuixent a presentar els tresors geol\u00f2gics del nostre entorn"},"content":{"rendered":"<p style=\"text-align: justify;\"><span style=\"font-weight: 400;\">El dia 9 de febrer vam anar a l\u2019escola de Tuixent a fer l\u2019activitat dels tresors geol\u00f2gics del nostre entorn.\u00a0<\/span><\/p>\n<p><img loading=\"lazy\" decoding=\"async\" class=\"wp-image-8729 alignleft\" src=\"https:\/\/serveiseducatius.xtec.cat\/cda-tuixent\/wp-content\/uploads\/usu1370\/2024\/02\/WhatsApp-Image-2024-02-09-at-13.00.30-5.jpeg\" alt=\"\" width=\"391\" height=\"293\" srcset=\"https:\/\/serveiseducatius.xtec.cat\/cda-tuixent\/wp-content\/uploads\/usu1370\/2024\/02\/WhatsApp-Image-2024-02-09-at-13.00.30-5.jpeg 1600w, https:\/\/serveiseducatius.xtec.cat\/cda-tuixent\/wp-content\/uploads\/usu1370\/2024\/02\/WhatsApp-Image-2024-02-09-at-13.00.30-5-300x225.jpeg 300w, https:\/\/serveiseducatius.xtec.cat\/cda-tuixent\/wp-content\/uploads\/usu1370\/2024\/02\/WhatsApp-Image-2024-02-09-at-13.00.30-5-1024x768.jpeg 1024w, https:\/\/serveiseducatius.xtec.cat\/cda-tuixent\/wp-content\/uploads\/usu1370\/2024\/02\/WhatsApp-Image-2024-02-09-at-13.00.30-5-768x576.jpeg 768w, https:\/\/serveiseducatius.xtec.cat\/cda-tuixent\/wp-content\/uploads\/usu1370\/2024\/02\/WhatsApp-Image-2024-02-09-at-13.00.30-5-1536x1152.jpeg 1536w, https:\/\/serveiseducatius.xtec.cat\/cda-tuixent\/wp-content\/uploads\/usu1370\/2024\/02\/WhatsApp-Image-2024-02-09-at-13.00.30-5-200x150.jpeg 200w\" sizes=\"auto, (max-width: 391px) 100vw, 391px\" \/><img loading=\"lazy\" decoding=\"async\" class=\"wp-image-8728 alignright\" src=\"https:\/\/serveiseducatius.xtec.cat\/cda-tuixent\/wp-content\/uploads\/usu1370\/2024\/02\/WhatsApp-Image-2024-02-09-at-13.00.30-4.jpeg\" alt=\"\" width=\"390\" height=\"292\" srcset=\"https:\/\/serveiseducatius.xtec.cat\/cda-tuixent\/wp-content\/uploads\/usu1370\/2024\/02\/WhatsApp-Image-2024-02-09-at-13.00.30-4.jpeg 1600w, https:\/\/serveiseducatius.xtec.cat\/cda-tuixent\/wp-content\/uploads\/usu1370\/2024\/02\/WhatsApp-Image-2024-02-09-at-13.00.30-4-300x225.jpeg 300w, https:\/\/serveiseducatius.xtec.cat\/cda-tuixent\/wp-content\/uploads\/usu1370\/2024\/02\/WhatsApp-Image-2024-02-09-at-13.00.30-4-1024x768.jpeg 1024w, https:\/\/serveiseducatius.xtec.cat\/cda-tuixent\/wp-content\/uploads\/usu1370\/2024\/02\/WhatsApp-Image-2024-02-09-at-13.00.30-4-768x576.jpeg 768w, https:\/\/serveiseducatius.xtec.cat\/cda-tuixent\/wp-content\/uploads\/usu1370\/2024\/02\/WhatsApp-Image-2024-02-09-at-13.00.30-4-1536x1152.jpeg 1536w, https:\/\/serveiseducatius.xtec.cat\/cda-tuixent\/wp-content\/uploads\/usu1370\/2024\/02\/WhatsApp-Image-2024-02-09-at-13.00.30-4-200x150.jpeg 200w\" sizes=\"auto, (max-width: 390px) 100vw, 390px\" \/><\/p>\n<p>&nbsp;<\/p>\n<p>&nbsp;<\/p>\n<p>&nbsp;<\/p>\n<p>&nbsp;<\/p>\n<p>&nbsp;<\/p>\n<p>&nbsp;<\/p>\n<p>&nbsp;<\/p>\n<p style=\"text-align: justify;\"><span style=\"font-weight: 400;\">L\u2019alumnat va haver de superar 5 reptes, i en cadascun d\u2019aquests reptes es donava un dels cinc d\u00edgits del codi d\u2019obertura d\u2019un cadenat que amagava un tresor.<\/span><\/p>\n<p style=\"text-align: justify;\"><span style=\"font-weight: 400;\">En la primera activitat, amb l\u2019ajuda d\u2019unes claus dicot\u00f2miques, un pot d\u2019HCL i una lupa van arribar a descobrir el nom de 4 roques. <\/span><span style=\"font-weight: 400;\">En la segona activitat, calia classificar 4 roques segons si eren sediment\u00e0ries, magm\u00e0tiques o metam\u00f2rfiques. <\/span><span style=\"font-weight: 400;\">En la tercera activitat, van haver de situar sobre un esquema del cicle de les roques, el punt on s\u2019havien format 4 de les roques. <\/span><span style=\"font-family: inherit; font-size: 1em;\">En la quarta activitat, a partir d\u2019un mapa geol\u00f2gic calia deduir l\u2019edat de 4 roques.<\/span><span style=\"font-weight: 400;\">I finalment en la cinquena activitat, havien de deduir quina de les roques formava part d\u2019uns punt<\/span><span style=\"font-weight: 400;\">s d\u2019especial inter\u00e8s del parc natural del Cad\u00ed-Moixer\u00f3.<\/span><\/p>\n<p><img loading=\"lazy\" decoding=\"async\" class=\"wp-image-8726 alignleft\" src=\"https:\/\/serveiseducatius.xtec.cat\/cda-tuixent\/wp-content\/uploads\/usu1370\/2024\/02\/WhatsApp-Image-2024-02-09-at-13.00.29-1.jpeg\" alt=\"\" width=\"390\" height=\"293\" srcset=\"https:\/\/serveiseducatius.xtec.cat\/cda-tuixent\/wp-content\/uploads\/usu1370\/2024\/02\/WhatsApp-Image-2024-02-09-at-13.00.29-1.jpeg 1600w, https:\/\/serveiseducatius.xtec.cat\/cda-tuixent\/wp-content\/uploads\/usu1370\/2024\/02\/WhatsApp-Image-2024-02-09-at-13.00.29-1-300x225.jpeg 300w, https:\/\/serveiseducatius.xtec.cat\/cda-tuixent\/wp-content\/uploads\/usu1370\/2024\/02\/WhatsApp-Image-2024-02-09-at-13.00.29-1-1024x768.jpeg 1024w, https:\/\/serveiseducatius.xtec.cat\/cda-tuixent\/wp-content\/uploads\/usu1370\/2024\/02\/WhatsApp-Image-2024-02-09-at-13.00.29-1-768x576.jpeg 768w, https:\/\/serveiseducatius.xtec.cat\/cda-tuixent\/wp-content\/uploads\/usu1370\/2024\/02\/WhatsApp-Image-2024-02-09-at-13.00.29-1-1536x1152.jpeg 1536w, https:\/\/serveiseducatius.xtec.cat\/cda-tuixent\/wp-content\/uploads\/usu1370\/2024\/02\/WhatsApp-Image-2024-02-09-at-13.00.29-1-200x150.jpeg 200w\" sizes=\"auto, (max-width: 390px) 100vw, 390px\" \/><img loading=\"lazy\" decoding=\"async\" class=\"wp-image-8727 alignright\" src=\"https:\/\/serveiseducatius.xtec.cat\/cda-tuixent\/wp-content\/uploads\/usu1370\/2024\/02\/WhatsApp-Image-2024-02-09-at-13.00.30-2.jpeg\" alt=\"\" width=\"391\" height=\"293\" srcset=\"https:\/\/serveiseducatius.xtec.cat\/cda-tuixent\/wp-content\/uploads\/usu1370\/2024\/02\/WhatsApp-Image-2024-02-09-at-13.00.30-2.jpeg 1600w, https:\/\/serveiseducatius.xtec.cat\/cda-tuixent\/wp-content\/uploads\/usu1370\/2024\/02\/WhatsApp-Image-2024-02-09-at-13.00.30-2-300x225.jpeg 300w, https:\/\/serveiseducatius.xtec.cat\/cda-tuixent\/wp-content\/uploads\/usu1370\/2024\/02\/WhatsApp-Image-2024-02-09-at-13.00.30-2-1024x768.jpeg 1024w, https:\/\/serveiseducatius.xtec.cat\/cda-tuixent\/wp-content\/uploads\/usu1370\/2024\/02\/WhatsApp-Image-2024-02-09-at-13.00.30-2-768x576.jpeg 768w, https:\/\/serveiseducatius.xtec.cat\/cda-tuixent\/wp-content\/uploads\/usu1370\/2024\/02\/WhatsApp-Image-2024-02-09-at-13.00.30-2-1536x1152.jpeg 1536w, https:\/\/serveiseducatius.xtec.cat\/cda-tuixent\/wp-content\/uploads\/usu1370\/2024\/02\/WhatsApp-Image-2024-02-09-at-13.00.30-2-200x150.jpeg 200w\" sizes=\"auto, (max-width: 391px) 100vw, 391px\" \/><\/p>\n<p>&nbsp;<\/p>\n<p>&nbsp;<\/p>\n<p>&nbsp;<\/p>\n<p>&nbsp;<\/p>\n<p>&nbsp;<\/p>\n<p>&nbsp;<\/p>\n<p>&nbsp;<\/p>\n<p><img loading=\"lazy\" decoding=\"async\" class=\"wp-image-8725 alignright\" style=\"text-align: justify;\" src=\"https:\/\/serveiseducatius.xtec.cat\/cda-tuixent\/wp-content\/uploads\/usu1370\/2024\/02\/WhatsApp-Image-2024-02-09-at-13.00.12.jpeg\" alt=\"\" width=\"296\" height=\"394\" srcset=\"https:\/\/serveiseducatius.xtec.cat\/cda-tuixent\/wp-content\/uploads\/usu1370\/2024\/02\/WhatsApp-Image-2024-02-09-at-13.00.12.jpeg 1200w, https:\/\/serveiseducatius.xtec.cat\/cda-tuixent\/wp-content\/uploads\/usu1370\/2024\/02\/WhatsApp-Image-2024-02-09-at-13.00.12-225x300.jpeg 225w, https:\/\/serveiseducatius.xtec.cat\/cda-tuixent\/wp-content\/uploads\/usu1370\/2024\/02\/WhatsApp-Image-2024-02-09-at-13.00.12-768x1024.jpeg 768w, https:\/\/serveiseducatius.xtec.cat\/cda-tuixent\/wp-content\/uploads\/usu1370\/2024\/02\/WhatsApp-Image-2024-02-09-at-13.00.12-1152x1536.jpeg 1152w\" sizes=\"auto, (max-width: 296px) 100vw, 296px\" \/><\/p>\n<p style=\"text-align: justify;\"><span style=\"font-weight: 400;\">Tots els grups van aconseguir el codi correcte per obrir el cadenat i fi<\/span><span style=\"font-weight: 400;\">nal<\/span><span style=\"font-weight: 400;\">ment el tresor va consistir en un bon esmorzar!!!<\/span><\/p>\n<p>&nbsp;<\/p>\n<p>&nbsp;<\/p>\n<p style=\"text-align: justify;\">Aquesta activitat t\u00e9 tres versions diferents, una per batxillerat, una per a l&#8217;ESO i una per prim\u00e0ria. Animem a totes les escoles de l&#8217;entorn del parc natural del Cad\u00ed-Moixer\u00f3 a fer aquesta activitat per poder descobrir alguns tresors geol\u00f2gics propers a casa seva!!!<\/p>\n<p>&nbsp;<\/p>\n","protected":false},"excerpt":{"rendered":"<p>El dia 9 de febrer vam anar a l\u2019escola de Tuixent a fer l\u2019activitat dels tresors geol\u00f2gics del nostre entorn.\u00a0 [&hellip;]<\/p>\n","protected":false},"author":1,"featured_media":8729,"comment_status":"open","ping_status":"closed","sticky":false,"template":"","format":"standard","meta":{"_bbp_topic_count":0,"_bbp_reply_count":0,"_bbp_total_topic_count":0,"_bbp_total_reply_count":0,"_bbp_voice_count":0,"_bbp_anonymous_reply_count":0,"_bbp_topic_count_hidden":0,"_bbp_reply_count_hidden":0,"_bbp_forum_subforum_count":0,"site-sidebar-layout":"default","site-content-layout":"","ast-site-content-layout":"","site-content-style":"default","site-sidebar-style":"default","ast-global-header-display":"","ast-banner-title-visibility":"","ast-main-header-display":"","ast-hfb-above-header-display":"","ast-hfb-below-header-display":"","ast-hfb-mobile-header-display":"","site-post-title":"","ast-breadcrumbs-content":"","ast-featured-img":"","footer-sml-layout":"","theme-transparent-header-meta":"","adv-header-id-meta":"","stick-header-meta":"","header-above-stick-meta":"","header-main-stick-meta":"","header-below-stick-meta":"","astra-migrate-meta-layouts":"default","ast-page-background-enabled":"default","ast-page-background-meta":{"desktop":{"background-color":"var(--ast-global-color-4)","background-image":"","background-repeat":"repeat","background-position":"center center","background-size":"auto","background-attachment":"scroll","background-type":"","background-media":"","overlay-type":"","overlay-color":"","overlay-opacity":"","overlay-gradient":""},"tablet":{"background-color":"","background-image":"","background-repeat":"repeat","background-position":"center center","background-size":"auto","background-attachment":"scroll","background-type":"","background-media":"","overlay-type":"","overlay-color":"","overlay-opacity":"","overlay-gradient":""},"mobile":{"background-color":"","background-image":"","background-repeat":"repeat","background-position":"center center","background-size":"auto","background-attachment":"scroll","background-type":"","background-media":"","overlay-type":"","overlay-color":"","overlay-opacity":"","overlay-gradient":""}},"ast-content-background-meta":{"desktop":{"background-color":"var(--ast-global-color-5)","background-image":"","background-repeat":"repeat","background-position":"center center","background-size":"auto","background-attachment":"scroll","background-type":"","background-media":"","overlay-type":"","overlay-color":"","overlay-opacity":"","overlay-gradient":""},"tablet":{"background-color":"var(--ast-global-color-5)","background-image":"","background-repeat":"repeat","background-position":"center center","background-size":"auto","background-attachment":"scroll","background-type":"","background-media":"","overlay-type":"","overlay-color":"","overlay-opacity":"","overlay-gradient":""},"mobile":{"background-color":"var(--ast-global-color-5)","background-image":"","background-repeat":"repeat","background-position":"center center","background-size":"auto","background-attachment":"scroll","background-type":"","background-media":"","overlay-type":"","overlay-color":"","overlay-opacity":"","overlay-gradient":""}},"footnotes":""},"categories":[29],"tags":[],"class_list":["post-8724","post","type-post","status-publish","format-standard","has-post-thumbnail","hentry","category-portada"],"post_mailing_queue_ids":[],"_links":{"self":[{"href":"https:\/\/serveiseducatius.xtec.cat\/cda-tuixent\/wp-json\/wp\/v2\/posts\/8724","targetHints":{"allow":["GET"]}}],"collection":[{"href":"https:\/\/serveiseducatius.xtec.cat\/cda-tuixent\/wp-json\/wp\/v2\/posts"}],"about":[{"href":"https:\/\/serveiseducatius.xtec.cat\/cda-tuixent\/wp-json\/wp\/v2\/types\/post"}],"author":[{"embeddable":true,"href":"https:\/\/serveiseducatius.xtec.cat\/cda-tuixent\/wp-json\/wp\/v2\/users\/1"}],"replies":[{"embeddable":true,"href":"https:\/\/serveiseducatius.xtec.cat\/cda-tuixent\/wp-json\/wp\/v2\/comments?post=8724"}],"version-history":[{"count":1,"href":"https:\/\/serveiseducatius.xtec.cat\/cda-tuixent\/wp-json\/wp\/v2\/posts\/8724\/revisions"}],"predecessor-version":[{"id":8730,"href":"https:\/\/serveiseducatius.xtec.cat\/cda-tuixent\/wp-json\/wp\/v2\/posts\/8724\/revisions\/8730"}],"wp:featuredmedia":[{"embeddable":true,"href":"https:\/\/serveiseducatius.xtec.cat\/cda-tuixent\/wp-json\/wp\/v2\/media\/8729"}],"wp:attachment":[{"href":"https:\/\/serveiseducatius.xtec.cat\/cda-tuixent\/wp-json\/wp\/v2\/media?parent=8724"}],"wp:term":[{"taxonomy":"category","embeddable":true,"href":"https:\/\/serveiseducatius.xtec.cat\/cda-tuixent\/wp-json\/wp\/v2\/categories?post=8724"},{"taxonomy":"post_tag","embeddable":true,"href":"https:\/\/serveiseducatius.xtec.cat\/cda-tuixent\/wp-json\/wp\/v2\/tags?post=8724"}],"curies":[{"name":"wp","href":"https:\/\/api.w.org\/{rel}","templated":true}]}}